{"id":6501,"date":"2012-11-23T13:01:35","date_gmt":"2012-11-23T16:01:35","guid":{"rendered":"http:\/\/www.24baires.com\/?p=6501"},"modified":"2012-11-23T13:01:35","modified_gmt":"2012-11-23T16:01:35","slug":"dos-menores-con-graves-antecedentes-huyeron-de-un-instituto-en-batan","status":"publish","type":"post","link":"https:\/\/www.24baires.com\/?p=6501","title":{"rendered":"Dos menores con graves antecedentes huyeron de un instituto en Bat\u00e1n"},"content":{"rendered":"<p><strong>GENERAL PUEYRREDON &#8211;<\/strong> Dos adolescentes de 17 a\u00f1os, considerados de \u00abextrema peligrosidad\u00bb por sus antecedentes delictivos, huyeron en las \u00faltimas horas del centro de recepci\u00f3n de menores de la unidad carcelaria XV de Bat\u00e1n, tras limar los barrotes de su celda, informaron fuentes judiciales.<!--more--><br \/>\nEl fiscal marplatense Marcelo Urrutia, quien interviene en la causa, inform\u00f3 esta ma\u00f1ana que inici\u00f3 actuaciones para investigar la evasi\u00f3n y tratar de determinar si existi\u00f3 alg\u00fan tipo de negligencia en los tres celadores que estaban en ese momento en el centro de recepci\u00f3n de menores.<br \/>\nAmbos evadidos son considerados de \u00abextrema peligrosidad\u00bb, ya que uno est\u00e1 acusado de homicidio y el otro de un violento robo a mano armada y, adem\u00e1s, ya hab\u00edan protagonizado otra fuga.<br \/>\nEsta vez, el hecho se produjo ayer a la madrugada cuando los dos adolescentes corrieron una ventana, limaron los barrotes y accedieron a un patio, desde el cual escaparon corriendo sin ser vistos.<br \/>\nUrrutia dijo que m\u00e1s all\u00e1 de que se est\u00e1 trabajando en forma conjunta con la polic\u00eda para recapturar a los dos evadidos, adem\u00e1s se investiga a los tres celadores que estaban a cargo en ese momento de siete menores alojados en ese centro.<\/p>\n","protected":false},"excerpt":{"rendered":"<p>GENERAL PUEYRREDON &#8211; Dos adolescentes de 17 a\u00f1os, considerados de \u00abextrema peligrosidad\u00bb por sus antecedentes delictivos, huyeron en las \u00faltimas horas del centro de recepci\u00f3n de menores de la unidad carcelaria XV de Bat\u00e1n, tras limar los barrotes de su celda, informaron fuentes judiciales.<\/p>\n","protected":false},"author":4,"featured_media":0,"comment_status":"open","ping_status":"open","sticky":false,"template":"","format":"standard","meta":{"_jetpack_newsletter_access":"","_jetpack_dont_email_post_to_subs":false,"_jetpack_newsletter_tier_id":0,"_jetpack_memberships_contains_paywalled_content":false,"_jetpack_memberships_contains_paid_content":false,"footnotes":""},"categories":[49],"tags":[],"class_list":["post-6501","post","type-post","status-publish","format-standard","hentry","category-policiales"],"jetpack_featured_media_url":"","jetpack_shortlink":"https:\/\/wp.me\/p2JWE0-1GR","jetpack-related-posts":[{"id":50760,"url":"https:\/\/www.24baires.com\/?p=50760","url_meta":{"origin":6501,"position":0},"title":"Mot\u00edn y fuga en un Instituto de Menores de Abasto","author":"GB","date":"29\/07\/2014","format":false,"excerpt":"Tres j\u00f3venes se fugaron ayer de un instituto de menores ubicado en la localidad de Abasto, luego de provocar serios disturbios en el edificio, donde lesionaron a empleados, informaron fuentes policiales. Seg\u00fan los datos brindados por fuentes del lugar, todo comenz\u00f3 en la ma\u00f1ana de ayer, cuando tres internos del\u2026","rel":"","context":"En \u00abLocales\u00bb","block_context":{"text":"Locales","link":"https:\/\/www.24baires.com\/?cat=38"},"img":{"alt_text":"c\u00e1rcel","src":"https:\/\/i0.wp.com\/www.24baires.com\/wp-content\/uploads\/2014\/03\/c%C3%A1rcel.jpg?resize=350%2C200","width":350,"height":200,"srcset":"https:\/\/i0.wp.com\/www.24baires.com\/wp-content\/uploads\/2014\/03\/c%C3%A1rcel.jpg?resize=350%2C200 1x, https:\/\/i0.wp.com\/www.24baires.com\/wp-content\/uploads\/2014\/03\/c%C3%A1rcel.jpg?resize=525%2C300 1.5x"},"classes":[]},{"id":80164,"url":"https:\/\/www.24baires.com\/?p=80164","url_meta":{"origin":6501,"position":1},"title":"A\u00fan hay tres pr\u00f3fugos de la fuga del Centro Penal Juvenil de Lomas de Zamora","author":"AF","date":"15\/03\/2016","format":false,"excerpt":"El hecho ocurri\u00f3 el viernes en el Centro ubicado sobre la calle Larroque y, seg\u00fan se inform\u00f3, ocurri\u00f3 de forma \"r\u00e1pida y sin emplear violencia\". Desde la Fiscal\u00eda General de Lomas aseguraron que dos \"fueron recapturados\" y \"los otros tres menores son intensamente buscados\". Cinco internos se escaparon el viernes\u2026","rel":"","context":"En \u00abLocales\u00bb","block_context":{"text":"Locales","link":"https:\/\/www.24baires.com\/?cat=38"},"img":{"alt_text":"","src":"","width":0,"height":0},"classes":[]},{"id":13251,"url":"https:\/\/www.24baires.com\/?p=13251","url_meta":{"origin":6501,"position":2},"title":"Un hombre muri\u00f3 de un infarto luego de ser asaltado en su propia casa","author":"AF","date":"23\/01\/2013","format":false,"excerpt":"LA PLATA - Ten\u00eda 61 a\u00f1os y muri\u00f3 esta madrugada de un infarto luego de que cuatro delincuentes encapuchados lo asaltaran junto a su familia en su casa de la ciudad de La Plata, informaron fuentes policiales. El hombre, identificado como Jorge Ricardo Gonz\u00e1lez, sufri\u00f3 una descompensaci\u00f3n card\u00edaca luego de\u2026","rel":"","context":"En \u00abPoliciales\u00bb","block_context":{"text":"Policiales","link":"https:\/\/www.24baires.com\/?cat=49"},"img":{"alt_text":"","src":"","width":0,"height":0},"classes":[]},{"id":24850,"url":"https:\/\/www.24baires.com\/?p=24850","url_meta":{"origin":6501,"position":3},"title":"Denuncian a la Provincia por hacinamiento de menores en un Centro de Recepci\u00f3n","author":"AF","date":"01\/06\/2013","format":false,"excerpt":"LA PLATA - La presentaci\u00f3n fue hecha este viernes por la Defensor\u00eda Oficial de Menores N\u00b016 ante la jueza Mar\u00eda Jos\u00e9 Lescano, tras recoger las declaraciones de los propios trabajadores del instituto. All\u00ed permanecen m\u00e1s de 40 chicos \u201cen p\u00e9simas condiciones\u201d. El lugar ya estuvo en la mira por casos\u2026","rel":"","context":"En \u00abLocales\u00bb","block_context":{"text":"Locales","link":"https:\/\/www.24baires.com\/?cat=38"},"img":{"alt_text":"","src":"","width":0,"height":0},"classes":[]},{"id":25349,"url":"https:\/\/www.24baires.com\/?p=25349","url_meta":{"origin":6501,"position":4},"title":"La CPM critic\u00f3 condiciones de alojamiento de menores en centros de recepci\u00f3n","author":"AF","date":"08\/06\/2013","format":false,"excerpt":"En relaci\u00f3n al pedido de cierre definitivo del Centro de Recepci\u00f3n de Menores La Plata, que depende de la Secretar\u00eda de Ni\u00f1ez y Adolescencia, la directora de inspecciones de la Comisi\u00f3n por la Memoria, Alicia Romero, dijo: \u201cLos chicos se encuentran alojados en condiciones indignas, sufren torturas y agresiones de\u2026","rel":"","context":"En \u00abSociedad\u00bb","block_context":{"text":"Sociedad","link":"https:\/\/www.24baires.com\/?cat=1"},"img":{"alt_text":"centro recepci\u00f3n menores lp fachada","src":"https:\/\/i0.wp.com\/www.24baires.com\/wp-content\/uploads\/2013\/06\/centro-recepci%C3%B3n-menores-lp-fachada.jpg?resize=350%2C200","width":350,"height":200,"srcset":"https:\/\/i0.wp.com\/www.24baires.com\/wp-content\/uploads\/2013\/06\/centro-recepci%C3%B3n-menores-lp-fachada.jpg?resize=350%2C200 1x, https:\/\/i0.wp.com\/www.24baires.com\/wp-content\/uploads\/2013\/06\/centro-recepci%C3%B3n-menores-lp-fachada.jpg?resize=525%2C300 1.5x"},"classes":[]},{"id":39771,"url":"https:\/\/www.24baires.com\/?p=39771","url_meta":{"origin":6501,"position":5},"title":"Denunciaron un nuevo caso de abuso policial en Malvinas Argentinas","author":"GB","date":"03\/02\/2014","format":false,"excerpt":"\u201cPareciera que el control de la bonaerense en el municipio lo tiene el intendente\u201d, dijo el abogado Jorge Cancio, tras denunciar la actuaci\u00f3n de dos efectivos que le dispararon a un menor en la rodilla, argumentando que hab\u00eda sido parte de un tiroteo. El abogado Jorge Cancio, de Malvinas Argentinas,\u2026","rel":"","context":"En \u00abPol\u00edtica\u00bb","block_context":{"text":"Pol\u00edtica","link":"https:\/\/www.24baires.com\/?cat=51"},"img":{"alt_text":"","src":"","width":0,"height":0},"classes":[]}],"jetpack_sharing_enabled":true,"jetpack_likes_enabled":true,"_links":{"self":[{"href":"https:\/\/www.24baires.com\/index.php?rest_route=\/wp\/v2\/posts\/6501","targetHints":{"allow":["GET"]}}],"collection":[{"href":"https:\/\/www.24baires.com\/index.php?rest_route=\/wp\/v2\/posts"}],"about":[{"href":"https:\/\/www.24baires.com\/index.php?rest_route=\/wp\/v2\/types\/post"}],"author":[{"embeddable":true,"href":"https:\/\/www.24baires.com\/index.php?rest_route=\/wp\/v2\/users\/4"}],"replies":[{"embeddable":true,"href":"https:\/\/www.24baires.com\/index.php?rest_route=%2Fwp%2Fv2%2Fcomments&post=6501"}],"version-history":[{"count":2,"href":"https:\/\/www.24baires.com\/index.php?rest_route=\/wp\/v2\/posts\/6501\/revisions"}],"predecessor-version":[{"id":6503,"href":"https:\/\/www.24baires.com\/index.php?rest_route=\/wp\/v2\/posts\/6501\/revisions\/6503"}],"wp:attachment":[{"href":"https:\/\/www.24baires.com\/index.php?rest_route=%2Fwp%2Fv2%2Fmedia&parent=6501"}],"wp:term":[{"taxonomy":"category","embeddable":true,"href":"https:\/\/www.24baires.com\/index.php?rest_route=%2Fwp%2Fv2%2Fcategories&post=6501"},{"taxonomy":"post_tag","embeddable":true,"href":"https:\/\/www.24baires.com\/index.php?rest_route=%2Fwp%2Fv2%2Ftags&post=6501"}],"curies":[{"name":"wp","href":"https:\/\/api.w.org\/{rel}","templated":true}]}}