{"id":6498,"date":"2012-11-23T09:57:04","date_gmt":"2012-11-23T12:57:04","guid":{"rendered":"http:\/\/www.24baires.com\/?p=6498"},"modified":"2012-11-23T13:43:27","modified_gmt":"2012-11-23T16:43:27","slug":"carlos-casares-se-desarrollo-una-jornada-sobre-derechos-humanos","status":"publish","type":"post","link":"https:\/\/www.24baires.com\/?p=6498","title":{"rendered":"Carlos Casares: se desarroll\u00f3 una jornada sobre Derechos Humanos"},"content":{"rendered":"<p>Estuvo presente el Secretario de Derechos Humanos de la provincia, Guido Carlotto, quien firm\u00f3 dos convenios con el intendente Torchio.<!--more--><\/p>\n<p>El mi\u00e9rcoles se llev\u00f3 a cabo en el Sal\u00f3n Blanco Municipal, con la participaci\u00f3n del intendente municipal, Walter Torchio y funcionarios municipales, una jornada de trabajo sobre Derechos Humanos.<\/p>\n<p>El fin de esta jornada fue concretar el acercamiento de la Secretar\u00eda de Derechos Humanos a las pol\u00edticas municipales de derechos humanos con el objetivo de realizar un primer diagn\u00f3stico, conocer recursos municipales disponibles, generar acuerdos y fijar metodolog\u00edas de trabajo.<\/p>\n<p>Torchio afirm\u00f3 que \u201cSomos un municipio Saludable, Inclusivo y Solidario y la reafirmaci\u00f3n de los derechos humanos y de los derechos sociales es irrenunciable\u201d y calific\u00f3 como importante poder abordar tem\u00e1ticas tan actuales como la violencia de g\u00e9nero que afectan en forma importante a la comunidad.<\/p>\n","protected":false},"excerpt":{"rendered":"<p>Estuvo presente el Secretario de Derechos Humanos de la provincia, Guido Carlotto, quien firm\u00f3 dos convenios con el intendente Torchio.<\/p>\n","protected":false},"author":4,"featured_media":0,"comment_status":"open","ping_status":"open","sticky":false,"template":"","format":"standard","meta":{"_jetpack_newsletter_access":"","_jetpack_dont_email_post_to_subs":false,"_jetpack_newsletter_tier_id":0,"_jetpack_memberships_contains_paywalled_content":false,"_jetpack_memberships_contains_paid_content":false,"footnotes":""},"categories":[38],"tags":[],"class_list":["post-6498","post","type-post","status-publish","format-standard","hentry","category-locales"],"jetpack_featured_media_url":"","jetpack_shortlink":"https:\/\/wp.me\/p2JWE0-1GO","jetpack-related-posts":[{"id":104770,"url":"https:\/\/www.24baires.com\/?p=104770","url_meta":{"origin":6498,"position":0},"title":"La CGT se\u00f1al\u00f3 \u201ctrato mis\u00f3gino y discriminatorio\u201d del intendente Arroyo hacia las mujeres","author":"GB","date":"04\/10\/2018","format":false,"excerpt":"MAR DEL PLATA-La Secretar\u00eda de G\u00e9nero y la Secretar\u00eda de Derechos Humanos de la central sindical de ese distrito, repudi\u00f3 la persecuci\u00f3n hacia una trabajadora municipal. A trav\u00e9s de un comunicado, apuntaron contra el jefe comunal y el secretario de Econom\u00eda y Hacienda, Hern\u00e1n Mourelle. La CGT Regional Mar del\u2026","rel":"","context":"En \u00abMunicipios\u00bb","block_context":{"text":"Municipios","link":"https:\/\/www.24baires.com\/?cat=44"},"img":{"alt_text":"","src":"https:\/\/i0.wp.com\/www.24baires.com\/wp-content\/uploads\/2017\/09\/arroyo.jpg?resize=350%2C200","width":350,"height":200,"srcset":"https:\/\/i0.wp.com\/www.24baires.com\/wp-content\/uploads\/2017\/09\/arroyo.jpg?resize=350%2C200 1x, https:\/\/i0.wp.com\/www.24baires.com\/wp-content\/uploads\/2017\/09\/arroyo.jpg?resize=525%2C300 1.5x"},"classes":[]},{"id":122060,"url":"https:\/\/www.24baires.com\/?p=122060","url_meta":{"origin":6498,"position":1},"title":"Acusan a un intendente bonaerense de racismo y violencia institucional en operativos municipales","author":"GB","date":"18\/02\/2025","format":false,"excerpt":"La CPM y la APDH denunciaron a Guillermo Montenegro por violencia estatal contra trabajadores informales en Mar del Plata. La Comisi\u00f3n Provincial por la Memoria (CPM) y la Asamblea Permanente por los Derechos Humanos (APDH) Regional Mar del Plata exigieron una investigaci\u00f3n judicial exhaustiva sobre el accionar del Intendente de\u2026","rel":"","context":"En \u00abMunicipios\u00bb","block_context":{"text":"Municipios","link":"https:\/\/www.24baires.com\/?cat=44"},"img":{"alt_text":"","src":"https:\/\/i0.wp.com\/www.24baires.com\/wp-content\/uploads\/2025\/02\/montenegro.jpg?resize=350%2C200","width":350,"height":200,"srcset":"https:\/\/i0.wp.com\/www.24baires.com\/wp-content\/uploads\/2025\/02\/montenegro.jpg?resize=350%2C200 1x, https:\/\/i0.wp.com\/www.24baires.com\/wp-content\/uploads\/2025\/02\/montenegro.jpg?resize=525%2C300 1.5x, https:\/\/i0.wp.com\/www.24baires.com\/wp-content\/uploads\/2025\/02\/montenegro.jpg?resize=700%2C400 2x"},"classes":[]},{"id":64812,"url":"https:\/\/www.24baires.com\/?p=64812","url_meta":{"origin":6498,"position":2},"title":"Arl\u00eda y Torchio recorrieron obras en Carlos Casares","author":"AF","date":"24\/04\/2015","format":false,"excerpt":"El jefe comunal de Carlos Casares, Walter Torchio y el ministro de Infraestructura provincial, Alejandro Arl\u00eda inspeccionaron los avances en las obras que llevan adelante en el distrito. Ambos funcionarios recorrieron las distintas obras de infraestructura que se est\u00e1n realizando en nuestra ciudad que cuentan con financiamiento de la provincia\u2026","rel":"","context":"En \u00abLocales\u00bb","block_context":{"text":"Locales","link":"https:\/\/www.24baires.com\/?cat=38"},"img":{"alt_text":"","src":"","width":0,"height":0},"classes":[]},{"id":6341,"url":"https:\/\/www.24baires.com\/?p=6341","url_meta":{"origin":6498,"position":3},"title":"Bellocq se prepara para los festejos de su 100\u00ba aniversario","author":"AF","date":"22\/11\/2012","format":false,"excerpt":"La Comisi\u00f3n de Fomento de Bellocq, en conjunto con otras instituciones de la localidad, est\u00e1n abocadas a los \u00faltimos detalles de la fiesta del centenario del pueblo, que tendr\u00e1 lugar los d\u00edas 7 y 8 de diciembre. Para conmemorar el siglo de vida de la localidad se han previsto una\u2026","rel":"","context":"En \u00abLocales\u00bb","block_context":{"text":"Locales","link":"https:\/\/www.24baires.com\/?cat=38"},"img":{"alt_text":"","src":"https:\/\/i0.wp.com\/www.24baires.com\/wp-content\/uploads\/2012\/11\/bellocq-iglesia-300x219.jpg?resize=350%2C200","width":350,"height":200},"classes":[]},{"id":105502,"url":"https:\/\/www.24baires.com\/?p=105502","url_meta":{"origin":6498,"position":4},"title":"Mar del Plata: Arroyo quiere desalojar la Casa de la Memoria","author":"GB","date":"19\/11\/2018","format":false,"excerpt":"En el lugar participan varias organizaciones de Derechos Humanos. El intendente envi\u00f3 una orden de desalojo y les dio solo cinco d\u00edas a sus integrantes para que abandonen el lugar. El mi\u00e9rcoles realizar\u00e1n una toma pac\u00edfica para resistir a la medida. De forma ins\u00f3lita, el gobierno municipal de Carlos Arroyo\u2026","rel":"","context":"En \u00abMemoria\u00bb","block_context":{"text":"Memoria","link":"https:\/\/www.24baires.com\/?cat=50"},"img":{"alt_text":"","src":"https:\/\/i0.wp.com\/www.24baires.com\/wp-content\/uploads\/2017\/09\/arroyo.jpg?resize=350%2C200","width":350,"height":200,"srcset":"https:\/\/i0.wp.com\/www.24baires.com\/wp-content\/uploads\/2017\/09\/arroyo.jpg?resize=350%2C200 1x, https:\/\/i0.wp.com\/www.24baires.com\/wp-content\/uploads\/2017\/09\/arroyo.jpg?resize=525%2C300 1.5x"},"classes":[]},{"id":107132,"url":"https:\/\/www.24baires.com\/?p=107132","url_meta":{"origin":6498,"position":5},"title":"Pel\u00e9mica: Arroyo amenaza con descontar el d\u00eda a las trabajadoras municipales que paren","author":"GB","date":"08\/03\/2019","format":false,"excerpt":"Es a partir de la vigencia de un decreto firmado el Ejecutivo el a\u00f1o pasado. \"No nos sorprender\u00eda, aunque ser\u00eda una medida muy poco inteligente\", afirmaron desde el \u00e1rea de la Mujer del Sindicato de Trabajadores Municipales. El Sindicato de Trabajadores Municipales (STM) expuso su malestar y preocupaci\u00f3n ante la\u2026","rel":"","context":"En \u00abMunicipios\u00bb","block_context":{"text":"Municipios","link":"https:\/\/www.24baires.com\/?cat=44"},"img":{"alt_text":"","src":"https:\/\/i0.wp.com\/www.24baires.com\/wp-content\/uploads\/2017\/09\/arroyo.jpg?resize=350%2C200","width":350,"height":200,"srcset":"https:\/\/i0.wp.com\/www.24baires.com\/wp-content\/uploads\/2017\/09\/arroyo.jpg?resize=350%2C200 1x, https:\/\/i0.wp.com\/www.24baires.com\/wp-content\/uploads\/2017\/09\/arroyo.jpg?resize=525%2C300 1.5x"},"classes":[]}],"jetpack_sharing_enabled":true,"jetpack_likes_enabled":true,"_links":{"self":[{"href":"https:\/\/www.24baires.com\/index.php?rest_route=\/wp\/v2\/posts\/6498","targetHints":{"allow":["GET"]}}],"collection":[{"href":"https:\/\/www.24baires.com\/index.php?rest_route=\/wp\/v2\/posts"}],"about":[{"href":"https:\/\/www.24baires.com\/index.php?rest_route=\/wp\/v2\/types\/post"}],"author":[{"embeddable":true,"href":"https:\/\/www.24baires.com\/index.php?rest_route=\/wp\/v2\/users\/4"}],"replies":[{"embeddable":true,"href":"https:\/\/www.24baires.com\/index.php?rest_route=%2Fwp%2Fv2%2Fcomments&post=6498"}],"version-history":[{"count":2,"href":"https:\/\/www.24baires.com\/index.php?rest_route=\/wp\/v2\/posts\/6498\/revisions"}],"predecessor-version":[{"id":6513,"href":"https:\/\/www.24baires.com\/index.php?rest_route=\/wp\/v2\/posts\/6498\/revisions\/6513"}],"wp:attachment":[{"href":"https:\/\/www.24baires.com\/index.php?rest_route=%2Fwp%2Fv2%2Fmedia&parent=6498"}],"wp:term":[{"taxonomy":"category","embeddable":true,"href":"https:\/\/www.24baires.com\/index.php?rest_route=%2Fwp%2Fv2%2Fcategories&post=6498"},{"taxonomy":"post_tag","embeddable":true,"href":"https:\/\/www.24baires.com\/index.php?rest_route=%2Fwp%2Fv2%2Ftags&post=6498"}],"curies":[{"name":"wp","href":"https:\/\/api.w.org\/{rel}","templated":true}]}}