{"id":6493,"date":"2012-11-23T12:33:52","date_gmt":"2012-11-23T15:33:52","guid":{"rendered":"http:\/\/www.24baires.com\/?p=6493"},"modified":"2012-11-23T13:43:56","modified_gmt":"2012-11-23T16:43:56","slug":"caso-heit-la-fiscal-ya-fijo-fecha-para-que-declaren-los-acusados","status":"publish","type":"post","link":"https:\/\/www.24baires.com\/?p=6493","title":{"rendered":"Caso Heit: la Fiscal ya fij\u00f3 fecha para que declaren los acusados"},"content":{"rendered":"<p>Tras s\u00f3lo 24 horas de su regreso a Bah\u00eda Blanca, la fiscal Mar\u00eda Marta Corrado decidi\u00f3 la fecha de declaraci\u00f3n indagatoria para la pareja Estefan\u00eda Heit y Jes\u00fas Olivera, acusados por el abuso y secuestro de Sonia Marisol Molina en Coronel Su\u00e1rez.<!--more--><\/p>\n<p>Ambos ser\u00e1n indagados en una semana, el pr\u00f3ximo viernes 30 de Noviembre en el edificio de calle Estomba.<\/p>\n<p>As\u00edmismo, se pudo averiguar que Molina a\u00fan no podr\u00e1 declarar. Tanto Corrado como sus ayudantes fiscales aguardan un informe psicol\u00f3gico de la v\u00edctima para determinar una fecha.<\/p>\n","protected":false},"excerpt":{"rendered":"<p>Tras s\u00f3lo 24 horas de su regreso a Bah\u00eda Blanca, la fiscal Mar\u00eda Marta Corrado decidi\u00f3 la fecha de declaraci\u00f3n indagatoria para la pareja Estefan\u00eda Heit y Jes\u00fas Olivera, acusados por el abuso y secuestro de Sonia Marisol Molina en Coronel Su\u00e1rez.<\/p>\n","protected":false},"author":4,"featured_media":0,"comment_status":"open","ping_status":"open","sticky":false,"template":"","format":"standard","meta":{"_jetpack_newsletter_access":"","_jetpack_dont_email_post_to_subs":false,"_jetpack_newsletter_tier_id":0,"_jetpack_memberships_contains_paywalled_content":false,"_jetpack_memberships_contains_paid_content":false,"footnotes":""},"categories":[38],"tags":[],"class_list":["post-6493","post","type-post","status-publish","format-standard","hentry","category-locales"],"jetpack_featured_media_url":"","jetpack_shortlink":"https:\/\/wp.me\/p2JWE0-1GJ","jetpack-related-posts":[{"id":7575,"url":"https:\/\/www.24baires.com\/?p=7575","url_meta":{"origin":6493,"position":0},"title":"A Sonia Molina \u00abla ech\u00e1bamos, pero volv\u00eda sola\u00bb","author":"AF","date":"02\/12\/2012","format":false,"excerpt":"La periodista Estefan\u00eda Heit, acusada junto a su marido de secuestrar, torturar y abusar de una joven, se prepara para declarar ante la Fiscal\u00eda de Delitos Sexuales de Coronel Su\u00e1rez . Intentar\u00e1 convencer a los funcionarios judiciales que la v\u00edctima lleg\u00f3 golpeada a su casa y que no se quer\u00eda\u2026","rel":"","context":"En \u00abPoliciales\u00bb","block_context":{"text":"Policiales","link":"https:\/\/www.24baires.com\/?cat=49"},"img":{"alt_text":"","src":"","width":0,"height":0},"classes":[]},{"id":29251,"url":"https:\/\/www.24baires.com\/?p=29251","url_meta":{"origin":6493,"position":1},"title":"Coronel Su\u00e1rez: \u201cYa est\u00e1 lista la causa de Heit y Olivera para ser elevada a juicio\u201d","author":"AF","date":"31\/07\/2013","format":false,"excerpt":"La Fiscal estim\u00f3 que si se eleva la causa a un Juzgado en estos d\u00edas, podr\u00eda ponerse fecha de juicio para antes de fin de a\u00f1o, aunque eso depender\u00e1 de las apelaciones de los abogados y del propio Juzgado que reciba la causa. \u201cLa causa est\u00e1 pr\u00e1cticamente terminada, llevaron mucho\u2026","rel":"","context":"En \u00abPoliciales\u00bb","block_context":{"text":"Policiales","link":"https:\/\/www.24baires.com\/?cat=49"},"img":{"alt_text":"Olivera y Heit","src":"https:\/\/i0.wp.com\/www.24baires.com\/wp-content\/uploads\/2012\/12\/Olivera-y-Heit.jpg?resize=350%2C200","width":350,"height":200,"srcset":"https:\/\/i0.wp.com\/www.24baires.com\/wp-content\/uploads\/2012\/12\/Olivera-y-Heit.jpg?resize=350%2C200 1x, https:\/\/i0.wp.com\/www.24baires.com\/wp-content\/uploads\/2012\/12\/Olivera-y-Heit.jpg?resize=525%2C300 1.5x"},"classes":[]},{"id":15030,"url":"https:\/\/www.24baires.com\/?p=15030","url_meta":{"origin":6493,"position":2},"title":"Eval\u00faan la posibilidad de que Estefan\u00eda Heit contin\u00fae detenida en la casa de su madre","author":"AF","date":"08\/02\/2013","format":false,"excerpt":"CORONEL SU\u00c1REZ - En las \u00faltimas horas se realizaron estudios socioambientales en la casa de la madre de Estefan\u00eda Heit, en Coronel Su\u00e1rez, lugar donde pretenden que la periodista acusada de atentar contra la libertad de Sonia Molina, contin\u00fae con su prisi\u00f3n. Seg\u00fan cont\u00f3 el abogado defensor Mariano Jara, la\u2026","rel":"","context":"En \u00abLocales\u00bb","block_context":{"text":"Locales","link":"https:\/\/www.24baires.com\/?cat=38"},"img":{"alt_text":"","src":"","width":0,"height":0},"classes":[]},{"id":7524,"url":"https:\/\/www.24baires.com\/?p=7524","url_meta":{"origin":6493,"position":3},"title":"50 a\u00f1os de c\u00e1rcel podr\u00eda pedir la fiscal para la periodista y el pseudo pastor","author":"Grupo Sierra","date":"01\/12\/2012","format":false,"excerpt":"CORONEL SU\u00c1REZ -\u00a0 A Sonia Molina le tom\u00f3 ocho horas contar el espanto de su cautiverio de tres meses. Qued\u00f3 resumido en 37 carillas.\u00a0\"Aberrante, cruel y de una brutalidad inusitada\", defini\u00f3 lo escuchado la fiscal Mar\u00eda Marta Corrado. Hasta los abogados defensores de la periodista Estefan\u00eda Heit y el pseudo\u2026","rel":"","context":"En \u00abPoliciales\u00bb","block_context":{"text":"Policiales","link":"https:\/\/www.24baires.com\/?cat=49"},"img":{"alt_text":"","src":"https:\/\/i0.wp.com\/www.24baires.com\/wp-content\/uploads\/2012\/12\/heit-pastor.jpg?resize=350%2C200","width":350,"height":200,"srcset":"https:\/\/i0.wp.com\/www.24baires.com\/wp-content\/uploads\/2012\/12\/heit-pastor.jpg?resize=350%2C200 1x, https:\/\/i0.wp.com\/www.24baires.com\/wp-content\/uploads\/2012\/12\/heit-pastor.jpg?resize=525%2C300 1.5x"},"classes":[]},{"id":9382,"url":"https:\/\/www.24baires.com\/?p=9382","url_meta":{"origin":6493,"position":4},"title":"Ahora un peritaje psicol\u00f3gico dice que Sonia Molina \u00abestaba de acuerdo en realizar ayunos\u00bb","author":"Grupo Sierra","date":"16\/12\/2012","format":false,"excerpt":"CORONEL SU\u00c1REZ - Un peritaje psicol\u00f3gico incorporado a la causa en la que est\u00e1n detenidos la periodista Estefan\u00eda Heit y su marido, Jes\u00fas Olivera, afirma que Sonia Molina \"estaba de acuerdo con los ayunos\" .En base a este resultado, el abogado de Heit, Leonardo G\u00f3mez Talamoni, solicit\u00f3 la libertad de\u2026","rel":"","context":"En \u00abPoliciales\u00bb","block_context":{"text":"Policiales","link":"https:\/\/www.24baires.com\/?cat=49"},"img":{"alt_text":"molina sonia","src":"https:\/\/i0.wp.com\/www.24baires.com\/wp-content\/uploads\/2012\/11\/molina-sonia-266x300.jpg?resize=350%2C200","width":350,"height":200},"classes":[]},{"id":20219,"url":"https:\/\/www.24baires.com\/?p=20219","url_meta":{"origin":6493,"position":5},"title":"Prisi\u00f3n domiciliaria para Estefan\u00eda Heit, la periodista suarense acusada de abuso","author":"AF","date":"04\/04\/2013","format":false,"excerpt":"Estefan\u00eda Heit, quien est\u00e1 detenida desde noviembre acusada de haber reducido a la servidumbre a una mujer de 33 a\u00f1os, fue beneficiada hoy con un arresto domiciliario. La medida fue concedida por la jueza de Garant\u00edas 1, Gilda Stemphelet, quien consider\u00f3 que no hay peligro de fuga ni de entorpecimiento\u2026","rel":"","context":"En \u00abLocales\u00bb","block_context":{"text":"Locales","link":"https:\/\/www.24baires.com\/?cat=38"},"img":{"alt_text":"heit presa","src":"https:\/\/i0.wp.com\/www.24baires.com\/wp-content\/uploads\/2013\/01\/heit-presa.jpg?resize=350%2C200","width":350,"height":200},"classes":[]}],"jetpack_sharing_enabled":true,"jetpack_likes_enabled":true,"_links":{"self":[{"href":"https:\/\/www.24baires.com\/index.php?rest_route=\/wp\/v2\/posts\/6493","targetHints":{"allow":["GET"]}}],"collection":[{"href":"https:\/\/www.24baires.com\/index.php?rest_route=\/wp\/v2\/posts"}],"about":[{"href":"https:\/\/www.24baires.com\/index.php?rest_route=\/wp\/v2\/types\/post"}],"author":[{"embeddable":true,"href":"https:\/\/www.24baires.com\/index.php?rest_route=\/wp\/v2\/users\/4"}],"replies":[{"embeddable":true,"href":"https:\/\/www.24baires.com\/index.php?rest_route=%2Fwp%2Fv2%2Fcomments&post=6493"}],"version-history":[{"count":2,"href":"https:\/\/www.24baires.com\/index.php?rest_route=\/wp\/v2\/posts\/6493\/revisions"}],"predecessor-version":[{"id":6514,"href":"https:\/\/www.24baires.com\/index.php?rest_route=\/wp\/v2\/posts\/6493\/revisions\/6514"}],"wp:attachment":[{"href":"https:\/\/www.24baires.com\/index.php?rest_route=%2Fwp%2Fv2%2Fmedia&parent=6493"}],"wp:term":[{"taxonomy":"category","embeddable":true,"href":"https:\/\/www.24baires.com\/index.php?rest_route=%2Fwp%2Fv2%2Fcategories&post=6493"},{"taxonomy":"post_tag","embeddable":true,"href":"https:\/\/www.24baires.com\/index.php?rest_route=%2Fwp%2Fv2%2Ftags&post=6493"}],"curies":[{"name":"wp","href":"https:\/\/api.w.org\/{rel}","templated":true}]}}