{"id":6490,"date":"2012-11-23T10:15:27","date_gmt":"2012-11-23T13:15:27","guid":{"rendered":"http:\/\/www.24baires.com\/?p=6490"},"modified":"2012-11-23T11:52:02","modified_gmt":"2012-11-23T14:52:02","slug":"se-retrasa-la-apertura-de-compuertas-del-canal-jauretche-y-se-agrava-la-situacion","status":"publish","type":"post","link":"https:\/\/www.24baires.com\/?p=6490","title":{"rendered":"Se retrasa la apertura de compuertas del canal Jauretche y se agrava la situaci\u00f3n"},"content":{"rendered":"<p><strong>TRENQUE LAUQUEN &#8211;<\/strong> La semana pasada el intendente municipal, Ra\u00fal Feito, hab\u00eda manifestado que el mi\u00e9rcoles pasado se abrir\u00edan las compuertas del canal Jauretche en Esteban de Luca para que se comience a desagotar el complejo lacunar Hinojo-Las Tunas que est\u00e1 desbordando y afectando a m\u00e1s de 60 productores de ese sector del distrito de Trenque Lauquen.<!--more--><br \/>\nEn la ma\u00f1ana del mi\u00e9rcoles, el productor afectado, Alberto Kovarsky, se present\u00f3 en el municipio para consultar sobre esta situaci\u00f3n y el secretario de Obras y Servicios P\u00fablico, Jos\u00e9 Carabelli, le explic\u00f3 que como m\u00ednimo hasta la semana entrante no habr\u00e1 novedades, ya que se espera una reuni\u00f3n del Comit\u00e9 de Cuenca para martes o mi\u00e9rcoles, teniendo en cuenta que el lunes es feriado nacional.<br \/>\nEl productor pidi\u00f3 a Carabelli que se tome alguna medida de emergencia como puede ser la apertura de algunas de las compuertas ya que la situaci\u00f3n por la que atraviesan \u201ces insostenible\u201d, con m\u00e1s de 20 mil hect\u00e1reas afectadas.<br \/>\nPor otra parte, Kovarsky sostuvo que est\u00e1n a la espera de una reuni\u00f3n con funcionarios provinciales, \u201ctenemos los pedidos de audiencia tanto en Hidr\u00e1ulica como en el municipio, si quieren venir que vengan y si no nosotros vamos a donde sea\u201d, dijo casi desesperadamente.<\/p>\n<p><strong>Inundaci\u00f3n<\/strong><\/p>\n<p>Para el productor la laguna est\u00e1 subiendo entre 3 y 4 cent\u00edmetros por d\u00eda \u201cpor lo que en 10 d\u00edas son 40 cent\u00edmetros, por lo que si tardan tres d\u00edas en abrir las compuertas para nosotros es muy importante\u201d, dijo y a\u00f1adi\u00f3: \u201cSi van a esperar a tener una reuni\u00f3n con el Comit\u00e9 de Cuenca para ver qu\u00e9 es lo que va a pasar con las compuertas las decisiones para nosotros van a llegar tarde\u201d.<br \/>\nAsimismo manifest\u00f3 que \u201ces muy triste ponerse a ver como entra el agua a los campos, ver como todos los d\u00edas se pierden hect\u00e1reas en todos los campos de alrededor del Hinojo-Las Tunas, y sobre todo porque est\u00e9n seguros que la mayor\u00eda de los campos que est\u00e1n cerca del Jauretche o de La Fuente est\u00e1n mandando todo su caudal de agua arriba de los campos nuestros, y eso es sumamente injusto\u201d, opin\u00f3 con firmeza.<br \/>\nY continu\u00f3 explicando: \u201cEstamos tomando el agua de grandes cantidades de hect\u00e1reas ya que al Jauretche le han realizado un sistema de canales para que se vac\u00eden todos los campos, hay una gran cantidad de canales bajo la excusa de que hay que salvar a Pehuaj\u00f3 y Carlos Tejedor\u201d.<\/p>\n","protected":false},"excerpt":{"rendered":"<p>TRENQUE LAUQUEN &#8211; La semana pasada el intendente municipal, Ra\u00fal Feito, hab\u00eda manifestado que el mi\u00e9rcoles pasado se abrir\u00edan las compuertas del canal Jauretche en Esteban de Luca para que se comience a desagotar el complejo lacunar Hinojo-Las Tunas que est\u00e1 desbordando y afectando a m\u00e1s de 60 productores de ese sector del distrito de Trenque Lauquen.<\/p>\n","protected":false},"author":4,"featured_media":0,"comment_status":"open","ping_status":"open","sticky":false,"template":"","format":"standard","meta":{"_jetpack_newsletter_access":"","_jetpack_dont_email_post_to_subs":false,"_jetpack_newsletter_tier_id":0,"_jetpack_memberships_contains_paywalled_content":false,"_jetpack_memberships_contains_paid_content":false,"footnotes":""},"categories":[38],"tags":[],"class_list":["post-6490","post","type-post","status-publish","format-standard","hentry","category-locales"],"jetpack_featured_media_url":"","jetpack_shortlink":"https:\/\/wp.me\/p2JWE0-1GG","jetpack-related-posts":[{"id":96505,"url":"https:\/\/www.24baires.com\/?p=96505","url_meta":{"origin":6490,"position":0},"title":"Trenque Lauquen: denuncian rotura intencional de una compuerta","author":"AF","date":"07\/08\/2017","format":false,"excerpt":"La municipalidad de Trenque Lauquen realiz\u00f3 una denuncia penal por la rotura \u201cintencional\u201d de las compuertas que regulan la salida de agua de la laguna Cuero de Zorro y el ingreso a un canal. En las \u00faltimas horas, junto al Gobierno provincial, trabajaba en la reparaci\u00f3n de las mismas. La\u2026","rel":"","context":"En \u00abLocales\u00bb","block_context":{"text":"Locales","link":"https:\/\/www.24baires.com\/?cat=38"},"img":{"alt_text":"","src":"https:\/\/i0.wp.com\/www.24baires.com\/wp-content\/uploads\/2017\/08\/inunda-trenque.jpg?resize=350%2C200","width":350,"height":200,"srcset":"https:\/\/i0.wp.com\/www.24baires.com\/wp-content\/uploads\/2017\/08\/inunda-trenque.jpg?resize=350%2C200 1x, https:\/\/i0.wp.com\/www.24baires.com\/wp-content\/uploads\/2017\/08\/inunda-trenque.jpg?resize=525%2C300 1.5x"},"classes":[]},{"id":7917,"url":"https:\/\/www.24baires.com\/?p=7917","url_meta":{"origin":6490,"position":1},"title":"Noroeste bonaerense: abren compuertas para aliviar la situaci\u00f3n h\u00eddrica","author":"AF","date":"05\/12\/2012","format":false,"excerpt":"Con el objetivo de evitar que se inunden algunas ciudades del noroeste provincial, las autoridades del Gobierno decidieron abrir dos compuertas para buscar aliviar la situaci\u00f3n en los partidos afectados por las inundaciones. La apertura, acordada por el Comit\u00e9 de Cuencas la semana pasada, incluye a las compuertas de Esteban\u2026","rel":"","context":"En \u00abLocales\u00bb","block_context":{"text":"Locales","link":"https:\/\/www.24baires.com\/?cat=38"},"img":{"alt_text":"","src":"https:\/\/i0.wp.com\/www.24baires.com\/wp-content\/uploads\/2012\/12\/noroeste-inundado.png?resize=350%2C200","width":350,"height":200},"classes":[]},{"id":2704,"url":"https:\/\/www.24baires.com\/?p=2704","url_meta":{"origin":6490,"position":2},"title":"Trenque Lauquen sigue luchando para obtener la Emergencia Agropecuaria","author":"AF","date":"20\/10\/2012","format":false,"excerpt":"Productores agropecuarios de Trenque Lauquen manifestaron su preocupaci\u00f3n por la falta de firma a la emergencia agropecuaria para la zona.\u00a0\"La verdad que estamos esperando con mucha preocupaci\u00f3n los pron\u00f3sticos de lluvia de la semana que viene. La situaci\u00f3n ya se ha complicado casi en el noventa por ciento del distrito\u2026","rel":"","context":"En \u00abMunicipios\u00bb","block_context":{"text":"Municipios","link":"https:\/\/www.24baires.com\/?cat=44"},"img":{"alt_text":"","src":"","width":0,"height":0},"classes":[]},{"id":12526,"url":"https:\/\/www.24baires.com\/?p=12526","url_meta":{"origin":6490,"position":3},"title":"Pehuaj\u00f3 solicit\u00f3 el cierre definitivo del Canal de Henderson","author":"AF","date":"17\/01\/2013","format":false,"excerpt":"\u201cSe solicit\u00f3 a las autoridades correspondientes, el cierre definitivo del canal en el distrito de Henderson que gener\u00f3 conflictos\" dijo el Secretario de Gobierno de Pehuaj\u00f3, Avelino Zurro, luego de la reuni\u00f3n del Comit\u00e9 de Cuenca que se realiz\u00f3 en la sede del Ministerio de Infraestructura de la Provincia de\u2026","rel":"","context":"En \u00abLocales\u00bb","block_context":{"text":"Locales","link":"https:\/\/www.24baires.com\/?cat=38"},"img":{"alt_text":"","src":"","width":0,"height":0},"classes":[]},{"id":114265,"url":"https:\/\/www.24baires.com\/?p=114265","url_meta":{"origin":6490,"position":4},"title":"El gobierno decret\u00f3 la emergencia agropecuaria en Trenque Lauquen y General Villegas","author":"GB","date":"02\/03\/2020","format":false,"excerpt":"El gobierno bonaerense public\u00f3 en el Bolet\u00edn Oficial la declaraci\u00f3n de emergencia en la zona norte de la provincia. La emergencia fue prorrogada para el partido de Trenque Lauquen. El gobierno de la Provincia decret\u00f3 el estado de emergencia agropecuaria en la zona de General Villegas y el partido de\u2026","rel":"","context":"En \u00abProvincia\u00bb","block_context":{"text":"Provincia","link":"https:\/\/www.24baires.com\/?cat=40"},"img":{"alt_text":"","src":"https:\/\/i0.wp.com\/www.24baires.com\/wp-content\/uploads\/2013\/01\/trenque-lauquen-inundado.png?resize=350%2C200","width":350,"height":200},"classes":[]},{"id":14100,"url":"https:\/\/www.24baires.com\/?p=14100","url_meta":{"origin":6490,"position":5},"title":"Se consolida el Canal 12 de la TV P\u00fablica Regional en el noroeste de la Provincia","author":"Grupo Sierra","date":"30\/01\/2013","format":false,"excerpt":"TRENQUE LAUQUEN.- Este martes se firm\u00f3 un contrato para la adquisici\u00f3n de un transformador de 250 KVA con la Cooperativa de Electricidad de Trenque Lauquen. El Director de la empresa de comunicaci\u00f3n estatal dialog\u00f3 con Las Radios de Trenque Lauquen, AM 1280 y FM 88.5 Una fuerte apuesta realiza Radio\u2026","rel":"","context":"En \u00abMedios\u00bb","block_context":{"text":"Medios","link":"https:\/\/www.24baires.com\/?cat=54"},"img":{"alt_text":"canal 12 trenque lauquen","src":"https:\/\/i0.wp.com\/www.24baires.com\/wp-content\/uploads\/2013\/01\/canal-12-trenque-lauquen.jpg?resize=350%2C200","width":350,"height":200,"srcset":"https:\/\/i0.wp.com\/www.24baires.com\/wp-content\/uploads\/2013\/01\/canal-12-trenque-lauquen.jpg?resize=350%2C200 1x, https:\/\/i0.wp.com\/www.24baires.com\/wp-content\/uploads\/2013\/01\/canal-12-trenque-lauquen.jpg?resize=525%2C300 1.5x"},"classes":[]}],"jetpack_sharing_enabled":true,"jetpack_likes_enabled":true,"_links":{"self":[{"href":"https:\/\/www.24baires.com\/index.php?rest_route=\/wp\/v2\/posts\/6490","targetHints":{"allow":["GET"]}}],"collection":[{"href":"https:\/\/www.24baires.com\/index.php?rest_route=\/wp\/v2\/posts"}],"about":[{"href":"https:\/\/www.24baires.com\/index.php?rest_route=\/wp\/v2\/types\/post"}],"author":[{"embeddable":true,"href":"https:\/\/www.24baires.com\/index.php?rest_route=\/wp\/v2\/users\/4"}],"replies":[{"embeddable":true,"href":"https:\/\/www.24baires.com\/index.php?rest_route=%2Fwp%2Fv2%2Fcomments&post=6490"}],"version-history":[{"count":2,"href":"https:\/\/www.24baires.com\/index.php?rest_route=\/wp\/v2\/posts\/6490\/revisions"}],"predecessor-version":[{"id":6492,"href":"https:\/\/www.24baires.com\/index.php?rest_route=\/wp\/v2\/posts\/6490\/revisions\/6492"}],"wp:attachment":[{"href":"https:\/\/www.24baires.com\/index.php?rest_route=%2Fwp%2Fv2%2Fmedia&parent=6490"}],"wp:term":[{"taxonomy":"category","embeddable":true,"href":"https:\/\/www.24baires.com\/index.php?rest_route=%2Fwp%2Fv2%2Fcategories&post=6490"},{"taxonomy":"post_tag","embeddable":true,"href":"https:\/\/www.24baires.com\/index.php?rest_route=%2Fwp%2Fv2%2Ftags&post=6490"}],"curies":[{"name":"wp","href":"https:\/\/api.w.org\/{rel}","templated":true}]}}