{"id":6486,"date":"2012-11-23T11:06:07","date_gmt":"2012-11-23T14:06:07","guid":{"rendered":"http:\/\/www.24baires.com\/?p=6486"},"modified":"2012-11-23T13:42:50","modified_gmt":"2012-11-23T16:42:50","slug":"la-laguna-de-rocha-sera-declarada-reserva-natural","status":"publish","type":"post","link":"https:\/\/www.24baires.com\/?p=6486","title":{"rendered":"La laguna de Rocha ser\u00e1 declarada reserva natural"},"content":{"rendered":"<p><img data-recalc-dims=\"1\" loading=\"lazy\" decoding=\"async\" class=\"aligncenter size-full wp-image-6487\" title=\"laguna rocha e echeverr\u00eda\" src=\"https:\/\/i0.wp.com\/www.24baires.com\/wp-content\/uploads\/2012\/11\/laguna-rocha-e-echeverr%C3%ADa.jpg?resize=560%2C420\" alt=\"\" width=\"560\" height=\"420\" srcset=\"https:\/\/i0.wp.com\/www.24baires.com\/wp-content\/uploads\/2012\/11\/laguna-rocha-e-echeverr%C3%ADa.jpg?w=560&amp;ssl=1 560w, https:\/\/i0.wp.com\/www.24baires.com\/wp-content\/uploads\/2012\/11\/laguna-rocha-e-echeverr%C3%ADa.jpg?resize=300%2C225&amp;ssl=1 300w\" sizes=\"auto, (max-width: 560px) 100vw, 560px\" \/>El Senado bonaerense aprob\u00f3 por unanimidad un Proyecto de Ley del diputado Walter Martello que declara \u201cReserva Natural Integral y Mixta\u201d a la Laguna de Rocha, ubicada en el Partido de <strong>Esteban Echeverr\u00eda<\/strong>. \u201cEn el largo camino por preservar todas sus cualidades ecol\u00f3gicas, hist\u00f3ricas y arqueol\u00f3gicas hoy dimos un paso muy importante\u201d, asegur\u00f3 Martello.<!--more--><\/p>\n<p>Durante la \u00faltima sesi\u00f3n del Senado provincial obtuvo dictamen favorable la iniciativa que declara \u201cReserva Natural Integral y Mixta\u201d a la Laguna de Rocha, uno de los pulmones verdes m\u00e1s importantes del Conurbano. Ahora debe volver a la C\u00e1mara de Diputados para su sanci\u00f3n definitiva.<\/p>\n<p>Al proyecto original de Walter Martello, presidente del bloque de diputados de la CC-ARI, se le agregaron modificaciones consensuadas con el Frente para la Victoria y Organizaciones No Gubernamentales.<\/p>\n<p>Tras la jornada hist\u00f3rica, Martello expres\u00f3 \u201ceste es un logro muy importante, hoy a Santa Catalina de Lomas de Zamora, se le suma otra Reserva Natural. Como representante parlamentario de la tercera secci\u00f3n electoral, ciudadano del Conurbano y vecino de Esteban Echeverr\u00eda, estoy muy orgulloso de que ambas reservas sean las dos satisfacciones m\u00e1s trascendentes de mi trayectoria legislativa\u201d.<\/p>\n<p>El autor de la Ley agreg\u00f3: \u201cLa preservaci\u00f3n de los espacios verdes que a\u00fan quedan en nuestro Conurbano son pol\u00edtica de Estado ineludibles, por eso no bajamos los brazos durante 17 a\u00f1os\u201d. Cabe recordar, que el primer Proyecto data de 1995 y tuvo su origen durante una larga lucha de Walter Martello, desde sus comienzos como concejal.<\/p>\n<p>\u201cPara preservar todas las cualidades ecol\u00f3gicas, hist\u00f3ricas y arqueol\u00f3gicas de la Laguna de Rocha es esencial declararla Reserva Natural\u201d, apunt\u00f3 Martello. Desde septiembre de 2011 esta Ley tiene media sanci\u00f3n de Diputados luego de un an\u00e1lisis pormenorizado de la misma y sin perjuicio de lo despachado por la Comisi\u00f3n de Ecolog\u00eda y Medio Ambiente.<\/p>\n<p>Una de las modificaciones de la normativa hace hincapi\u00e9 en crear un Comit\u00e9 de Gesti\u00f3n de la Reserva que estar\u00e1 conformado por el Municipio de Esteban Echeverr\u00eda, organismos nacionales y provinciales competentes junto a organizaciones de la sociedad civil. Este Comit\u00e9 dictar\u00e1 su propio reglamento de funcionamiento.<\/p>\n<p>\u201cLa seguridad jur\u00eddica que le da esta denominaci\u00f3n es indispensable para frenar las continuas amenazas que atentan contra los ecosistemas de la Laguna, la salud y calidad de vida de los habitantes de la regi\u00f3n\u201d, concluy\u00f3 Martello.<\/p>\n","protected":false},"excerpt":{"rendered":"<p>El Senado bonaerense aprob\u00f3 por unanimidad un Proyecto de Ley del diputado Walter Martello que declara \u201cReserva Natural Integral y Mixta\u201d a la Laguna de Rocha, ubicada en el Partido de Esteban Echeverr\u00eda. \u201cEn el largo camino por preservar todas sus cualidades ecol\u00f3gicas, hist\u00f3ricas y arqueol\u00f3gicas hoy dimos un paso muy importante\u201d, asegur\u00f3 Martello.<\/p>\n","protected":false},"author":4,"featured_media":0,"comment_status":"open","ping_status":"open","sticky":false,"template":"","format":"standard","meta":{"_jetpack_newsletter_access":"","_jetpack_dont_email_post_to_subs":false,"_jetpack_newsletter_tier_id":0,"_jetpack_memberships_contains_paywalled_content":false,"_jetpack_memberships_contains_paid_content":false,"footnotes":""},"categories":[38],"tags":[],"class_list":["post-6486","post","type-post","status-publish","format-standard","hentry","category-locales"],"jetpack_featured_media_url":"","jetpack_shortlink":"https:\/\/wp.me\/p2JWE0-1GC","jetpack-related-posts":[{"id":58493,"url":"https:\/\/www.24baires.com\/?p=58493","url_meta":{"origin":6486,"position":0},"title":"La Laguna del Puerto es Reserva Natural en Mar del Plata","author":"Grupo Sierra","date":"11\/12\/2014","format":false,"excerpt":"Lo sancion\u00f3 como Ley la C\u00e1mara de Diputados de la provincia de Buenos Aires. El proyecto cuenta con el respaldo del Organismo Provincial para el Desarrollo Sostenible (OPDS) y de organizaciones ambientalistas. La Honorable C\u00e1mara de Diputados de la provincia de Buenos Aires sancion\u00f3 este jueves la Ley que declara\u2026","rel":"","context":"En \u00abLocales\u00bb","block_context":{"text":"Locales","link":"https:\/\/www.24baires.com\/?cat=38"},"img":{"alt_text":"reserva_natural_puerto_mar_del_plata laguna","src":"https:\/\/i0.wp.com\/www.24baires.com\/wp-content\/uploads\/2014\/12\/reserva_natural_puerto_mar_del_plata-laguna.jpg?resize=350%2C200","width":350,"height":200,"srcset":"https:\/\/i0.wp.com\/www.24baires.com\/wp-content\/uploads\/2014\/12\/reserva_natural_puerto_mar_del_plata-laguna.jpg?resize=350%2C200 1x, https:\/\/i0.wp.com\/www.24baires.com\/wp-content\/uploads\/2014\/12\/reserva_natural_puerto_mar_del_plata-laguna.jpg?resize=525%2C300 1.5x"},"classes":[]},{"id":12704,"url":"https:\/\/www.24baires.com\/?p=12704","url_meta":{"origin":6486,"position":1},"title":"Proponen declarar \u201cPaisaje Protegido\u201d la laguna de Punta Mogotes","author":"AF","date":"18\/01\/2013","format":false,"excerpt":"MAR DEL PLATA -\u00a0La propuesta fue realizada por el Diputado Provincial del GEN, Pablo Far\u00edas y se present\u00f3 en conferencia de prensa el proyecto de Ley que declara como \u201cPaisaje Protegido de Inter\u00e9s Provincial\u201d al sector conocido como Lagunas de Punta Mogotes. La misma fue llevada adelante por el I-GEN\u2026","rel":"","context":"En \u00abLocales\u00bb","block_context":{"text":"Locales","link":"https:\/\/www.24baires.com\/?cat=38"},"img":{"alt_text":"farias pablo","src":"https:\/\/i0.wp.com\/www.24baires.com\/wp-content\/uploads\/2012\/11\/farias-pablo-278x300.jpg?resize=350%2C200","width":350,"height":200},"classes":[]},{"id":21136,"url":"https:\/\/www.24baires.com\/?p=21136","url_meta":{"origin":6486,"position":2},"title":"Martello: \u00abCasal ya deber\u00eda haber renunciado porque las irregularidades fueron muy graves\u201d","author":"AF","date":"16\/04\/2013","format":false,"excerpt":"As\u00ed lo asegur\u00f3 el diputado Walter Martello, quien impulsa en la C\u00e1mara baja bonaerense la creaci\u00f3n de una comisi\u00f3n especial para determinar la cantidad de v\u00edctimas de la inundaci\u00f3n, como la que propuso el vicegobernador Gabriel Mariotto en el Senado. \u201cTodas las investigaciones son buenas para buscar la verdad\u201d, consider\u00f3\u2026","rel":"","context":"En \u00abPol\u00edtica\u00bb","block_context":{"text":"Pol\u00edtica","link":"https:\/\/www.24baires.com\/?cat=51"},"img":{"alt_text":"Martello-Walter","src":"https:\/\/i0.wp.com\/www.24baires.com\/wp-content\/uploads\/2012\/11\/Martello-Walter.jpg?resize=350%2C200","width":350,"height":200,"srcset":"https:\/\/i0.wp.com\/www.24baires.com\/wp-content\/uploads\/2012\/11\/Martello-Walter.jpg?resize=350%2C200 1x, https:\/\/i0.wp.com\/www.24baires.com\/wp-content\/uploads\/2012\/11\/Martello-Walter.jpg?resize=525%2C300 1.5x"},"classes":[]},{"id":2656,"url":"https:\/\/www.24baires.com\/?p=2656","url_meta":{"origin":6486,"position":3},"title":"Apuestas On Line: \u201cLo que pretenden hacer Scioli y Montoya es m\u00e1s de los mismo\u00bb","author":"Grupo Sierra","date":"19\/10\/2012","format":false,"excerpt":"PARTIDO DE LA COSTA.- En la presentaci\u00f3n de su libro en Santa Teresita, el diputado Walter Martello afirm\u00f3 que la idea de que el grupo Bapro se haga cargo de la captura de apuesta \u201ces mas de los mismo\u201d. El legislador present\u00f3 un proyecto para crear una agencia aut\u00e1rquica. El\u2026","rel":"","context":"En \u00abProvincia\u00bb","block_context":{"text":"Provincia","link":"https:\/\/www.24baires.com\/?cat=40"},"img":{"alt_text":"","src":"https:\/\/i0.wp.com\/www.24baires.com\/wp-content\/uploads\/2012\/10\/Martello-Walter-1-300x271.jpg?resize=350%2C200","width":350,"height":200},"classes":[]},{"id":101150,"url":"https:\/\/www.24baires.com\/?p=101150","url_meta":{"origin":6486,"position":4},"title":"Advierten sobre la falta de educaci\u00f3n sexual en escuelas cat\u00f3licas de la Provincia","author":"AF","date":"19\/03\/2018","format":false,"excerpt":"El Defensor del Pueblo adjunto bonaerense, Walter Martello, advirti\u00f3 hoy que en colegios religiosos privados de la provincia no se ense\u00f1a educaci\u00f3n sexual por lo que pedir\u00e1 informes a la Direcci\u00f3n General de Cultura y Educaci\u00f3n (DGCyE). Martello hizo hincapi\u00e9 en que en 2006 se aprob\u00f3 la Ley 26.150, que\u2026","rel":"","context":"En \u00abSociedad\u00bb","block_context":{"text":"Sociedad","link":"https:\/\/www.24baires.com\/?cat=1"},"img":{"alt_text":"","src":"https:\/\/i0.wp.com\/www.24baires.com\/wp-content\/uploads\/2018\/03\/crucifijo-escuela-cat%C3%B3lica.jpg?resize=350%2C200","width":350,"height":200,"srcset":"https:\/\/i0.wp.com\/www.24baires.com\/wp-content\/uploads\/2018\/03\/crucifijo-escuela-cat%C3%B3lica.jpg?resize=350%2C200 1x, https:\/\/i0.wp.com\/www.24baires.com\/wp-content\/uploads\/2018\/03\/crucifijo-escuela-cat%C3%B3lica.jpg?resize=525%2C300 1.5x"},"classes":[]},{"id":17841,"url":"https:\/\/www.24baires.com\/?p=17841","url_meta":{"origin":6486,"position":5},"title":"Proponen la creaci\u00f3n de una &#8216;Polic\u00eda Deportiva&#8217;","author":"AF","date":"08\/03\/2013","format":false,"excerpt":"Por medio de un proyecto de ley, el diputado provincial Walter Martello impulsa la conformaci\u00f3n de un cuerpo espec\u00edfico de seguridad \u201cdestinado al control de espect\u00e1culos deportivos exclusivamente, tanto amateur como profesional, con operatividad propia, que tendr\u00e1 por objeto el desarrollo de las medidas de prevenci\u00f3n y control\u201d. Tras los\u2026","rel":"","context":"En \u00abProvincia\u00bb","block_context":{"text":"Provincia","link":"https:\/\/www.24baires.com\/?cat=40"},"img":{"alt_text":"Martello-Walter","src":"https:\/\/i0.wp.com\/www.24baires.com\/wp-content\/uploads\/2012\/11\/Martello-Walter-300x221.jpg?resize=350%2C200","width":350,"height":200},"classes":[]}],"jetpack_sharing_enabled":true,"jetpack_likes_enabled":true,"_links":{"self":[{"href":"https:\/\/www.24baires.com\/index.php?rest_route=\/wp\/v2\/posts\/6486","targetHints":{"allow":["GET"]}}],"collection":[{"href":"https:\/\/www.24baires.com\/index.php?rest_route=\/wp\/v2\/posts"}],"about":[{"href":"https:\/\/www.24baires.com\/index.php?rest_route=\/wp\/v2\/types\/post"}],"author":[{"embeddable":true,"href":"https:\/\/www.24baires.com\/index.php?rest_route=\/wp\/v2\/users\/4"}],"replies":[{"embeddable":true,"href":"https:\/\/www.24baires.com\/index.php?rest_route=%2Fwp%2Fv2%2Fcomments&post=6486"}],"version-history":[{"count":3,"href":"https:\/\/www.24baires.com\/index.php?rest_route=\/wp\/v2\/posts\/6486\/revisions"}],"predecessor-version":[{"id":6489,"href":"https:\/\/www.24baires.com\/index.php?rest_route=\/wp\/v2\/posts\/6486\/revisions\/6489"}],"wp:attachment":[{"href":"https:\/\/www.24baires.com\/index.php?rest_route=%2Fwp%2Fv2%2Fmedia&parent=6486"}],"wp:term":[{"taxonomy":"category","embeddable":true,"href":"https:\/\/www.24baires.com\/index.php?rest_route=%2Fwp%2Fv2%2Fcategories&post=6486"},{"taxonomy":"post_tag","embeddable":true,"href":"https:\/\/www.24baires.com\/index.php?rest_route=%2Fwp%2Fv2%2Ftags&post=6486"}],"curies":[{"name":"wp","href":"https:\/\/api.w.org\/{rel}","templated":true}]}}