{"id":6480,"date":"2012-11-23T11:19:05","date_gmt":"2012-11-23T14:19:05","guid":{"rendered":"http:\/\/www.24baires.com\/?p=6480"},"modified":"2012-11-23T11:19:05","modified_gmt":"2012-11-23T14:19:05","slug":"comenzaron-los-preparativos-para-los-festejos-de-los-145-anos-de-olavarria","status":"publish","type":"post","link":"https:\/\/www.24baires.com\/?p=6480","title":{"rendered":"Comenzaron los preparativos para los festejos de los 145 a\u00f1os de Olavarr\u00eda"},"content":{"rendered":"<p><img data-recalc-dims=\"1\" loading=\"lazy\" decoding=\"async\" class=\"aligncenter size-full wp-image-6481\" title=\"olavarr\u00eda 145\u00ba\" src=\"https:\/\/i0.wp.com\/www.24baires.com\/wp-content\/uploads\/2012\/11\/olavarr%C3%ADa-145%C2%BA.jpg?resize=546%2C326\" alt=\"\" width=\"546\" height=\"326\" srcset=\"https:\/\/i0.wp.com\/www.24baires.com\/wp-content\/uploads\/2012\/11\/olavarr%C3%ADa-145%C2%BA.jpg?w=546&amp;ssl=1 546w, https:\/\/i0.wp.com\/www.24baires.com\/wp-content\/uploads\/2012\/11\/olavarr%C3%ADa-145%C2%BA.jpg?resize=300%2C179&amp;ssl=1 300w\" sizes=\"auto, (max-width: 546px) 100vw, 546px\" \/>La quinta edici\u00f3n del evento, por los 145 a\u00f1os de Olavarr\u00eda, se desarrollar\u00e1 este domingo dentro del Parque Helios Eseverri, donde ya se est\u00e1 instalando la infraestructura requerida para los espect\u00e1culos que llegar\u00e1n a la Ciudad. Todos los detalles y la programaci\u00f3n.<!--more--><\/p>\n<p>Este domingo ser\u00e1 la 5\u00aa Fiesta Aniversario de Olavarr\u00eda, organizada por el Gobierno municipal a trav\u00e9s de sus distintas \u00e1reas, y la Ciudad se est\u00e1 preparando para este gran festejo.<\/p>\n<p>Quienes recorran el Parque Helios Eseverri podr\u00e1n ver que se est\u00e1 armando el escenario \u00fanico y central donde actuar\u00e1n los artistas que llegar\u00e1n a Olavarr\u00eda el domingo y que contar\u00e1 con un sistema de sonido preparado especialmente para las dimensiones del parque y pantallas de led para que todos los que asistan a la fiesta puedan ver lo que sucede sobre el escenario.<\/p>\n<p>La fiesta, con entrada libre y gratuita, cuenta como atractivo principal con la llegada del grupo La Bomba de Tiempo junto a Carolina Peleritti y las bandas Estelares y Los Cafres.<\/p>\n<p>Previamente, estar\u00e1n en el escenario artistas locales como \u201cLos Marshall\u00b7s\u201d, Claudio Gonz\u00e1lez con sus m\u00fasicos y las cantantes M\u00f3nica Badoglio, Florencia Bellomo y Cintia Iba\u00f1ez como artistas invitadas.<\/p>\n<p>La fiesta finalizar\u00e1 con un espect\u00e1culo de fuegos artificiales previsto para la ocasi\u00f3n, que acompa\u00f1ar\u00e1 a un marco de p\u00fablico olavarriense y de la regi\u00f3n.<\/p>\n<p>Durante todo el d\u00eda habr\u00e1 distintas actividades pensadas para toda la familia y con la finalidad de que todo el que se acerque al Parque Helios Eseverri pueda disfrutar de una verdadera fiesta.<\/p>\n<p><strong>La programaci\u00f3n<\/strong><\/p>\n<p>La jornada comenzar\u00e1 a las 10 con la apertura de puestos de comidas t\u00edpicas, artesan\u00edas y atractivos, con representantes de las colectividades, de las provincias argentinas, de las localidades y los artesanos. Se dispondr\u00e1 de un amplio sector para ni\u00f1os con juegos inflables y actividades recreativas.<\/p>\n<p>En el Parque estar\u00e1 ubicado el escenario \u00fanico donde a partir de las 15 horas comenzar\u00e1n a presentarse los artistas locales como el legendario grupo olavarriense \u201cLos Marshall\u2019s\u201d con su tradicional repertorio de m\u00fasica de los a\u00f1os \u00b770 y \u00b780 y el cantante Claudio Gonz\u00e1lez ex integrante del grupo folkl\u00f3rico local \u201cLos Inti\u201d junto a sus m\u00fasicos y las cantantes olavarrienses M\u00f3nica Badoglio, Florencia Bellomo y Cintia Iba\u00f1ez como artistas invitadas.<\/p>\n<p>A las 18, aproximadamente, se realizar\u00e1 la coreograf\u00eda donde participan m\u00e1s de 300 personas que concurren a diferentes gimnasios de la ciudad y que anualmente forman parte del \u201cMami Gym\u201d, el encuentro de todos los adultos mayores que asisten a los gimnasios y a las clases de gimnasia aer\u00f3bica de los programas municipales \u201cMunicipio y Deportes x Vos\u201d.<\/p>\n<p>Finalizada esta muestra subir\u00e1 al escenario el cantante Mart\u00edn Monguzzi quien interpretar\u00e1 un tema musical y har\u00e1 la presentaci\u00f3n oficial de la 48\u00ba Fiesta Nacional de Reyes que se realiza en la localidad de Sierras Bayas. Esta tradicional fiesta se hace cada 5 de enero y cuenta con diferentes atractivos que dan el marco a la esperada bajada de los reyes que es el eje central del encuentro.<\/p>\n<p>Alrededor de las 18:30 llegar\u00e1 al escenario el reconocido grupo \u201cLa bomba de tiempo\u201d que se presentar\u00e1 junto a la reconocida actriz, cantante y ex modelo Carolina Peleritti.<\/p>\n<p>Para el cierre se ha previsto un importante show protagonizado por la banda pop \u201cEstelares\u201d y el grupo de reggae \u201cLos Cafres\u201d.<\/p>\n<p>Finalmente llegar\u00e1 un gran show de fuegos artificiales que dar\u00e1 el cierre a toda una jornada, donde tanto los olavarrienses como los vecinos de la regi\u00f3n habr\u00e1n disfrutado y vivido de Olavarr\u00eda como su lugar de encuentro.<\/p>\n<p>&nbsp;<\/p>\n","protected":false},"excerpt":{"rendered":"<p>La quinta edici\u00f3n del evento, por los 145 a\u00f1os de Olavarr\u00eda, se desarrollar\u00e1 este domingo dentro del Parque Helios Eseverri, donde ya se est\u00e1 instalando la infraestructura requerida para los espect\u00e1culos que llegar\u00e1n a la Ciudad. Todos los detalles y la programaci\u00f3n.<\/p>\n","protected":false},"author":4,"featured_media":0,"comment_status":"open","ping_status":"open","sticky":false,"template":"","format":"standard","meta":{"_jetpack_newsletter_access":"","_jetpack_dont_email_post_to_subs":false,"_jetpack_newsletter_tier_id":0,"_jetpack_memberships_contains_paywalled_content":false,"_jetpack_memberships_contains_paid_content":false,"footnotes":""},"categories":[38],"tags":[],"class_list":["post-6480","post","type-post","status-publish","format-standard","hentry","category-locales"],"jetpack_featured_media_url":"","jetpack_shortlink":"https:\/\/wp.me\/p2JWE0-1Gw","jetpack-related-posts":[{"id":3478,"url":"https:\/\/www.24baires.com\/?p=3478","url_meta":{"origin":6480,"position":0},"title":"Olavarr\u00eda comienza a palpitar los festejos por su 145\u00ba aniversario","author":"AF","date":"27\/10\/2012","format":false,"excerpt":"El Municipio de Olavarr\u00eda anunci\u00f3 oficialmente este s\u00e1bado la realizaci\u00f3n de la Fiesta 145\u00ba Aniversario de Olavarr\u00eda el pr\u00f3ximo 25 de noviembre. La quinta edici\u00f3n del evento, en Parque Eseverri, tendr\u00e1 a dos bandas nacionales, la presencia del grupo de percusi\u00f3n La Bomba de Tiempo junto a Carolina Peleritti y\u2026","rel":"","context":"En \u00abLocales\u00bb","block_context":{"text":"Locales","link":"https:\/\/www.24baires.com\/?cat=38"},"img":{"alt_text":"","src":"https:\/\/i0.wp.com\/www.24baires.com\/wp-content\/uploads\/2012\/10\/aniversario-olavarr%C3%ADa-300x156.png?resize=350%2C200","width":350,"height":200},"classes":[]},{"id":6827,"url":"https:\/\/www.24baires.com\/?p=6827","url_meta":{"origin":6480,"position":1},"title":"Olavarr\u00eda festej\u00f3 su 145\u00ba aniversario","author":"AF","date":"26\/11\/2012","format":false,"excerpt":"Unas 65 mil personas se congregaron en el Parque Eseverri para vivir la Fiesta por los 145 a\u00f1os de la ciudad de Olavarr\u00eda. Estelares y Los Cafres fueron los espect\u00e1culos musicales centrales junto a la Bomba de Tiempo y Carolina Peleritti. Antes se presentaron \u201cLos Marshalls\u201d, Claudio Gonz\u00e1lez y Mami\u2026","rel":"","context":"En \u00abLocales\u00bb","block_context":{"text":"Locales","link":"https:\/\/www.24baires.com\/?cat=38"},"img":{"alt_text":"","src":"https:\/\/i0.wp.com\/www.24baires.com\/wp-content\/uploads\/2012\/11\/cafres-145-olavarr%C3%ADa-300x196.png?resize=350%2C200","width":350,"height":200},"classes":[]},{"id":11616,"url":"https:\/\/www.24baires.com\/?p=11616","url_meta":{"origin":6480,"position":2},"title":"El Intendente de Olavarr\u00eda supervis\u00f3 los trabajos que se realizan en el arroyo Tapalqu\u00e9","author":"AF","date":"09\/01\/2013","format":false,"excerpt":"El intendente de Olavarr\u00eda, Jos\u00e9 Eseverri, reconoci\u00f3 el aporte de la provincia para ejecutar obras h\u00eddricas, al recorrer los trabajos que se desarrollan en el arroyo Tapalqu\u00e9, a la altura de la Ruta Nacional 226. El intendente de Olavarr\u00eda Jos\u00e9 Eseverri supervis\u00f3 el importante trabajo h\u00eddrico que realiza la Provincia\u2026","rel":"","context":"En \u00abLocales\u00bb","block_context":{"text":"Locales","link":"https:\/\/www.24baires.com\/?cat=38"},"img":{"alt_text":"Eseverri Olavarr\u00eda","src":"https:\/\/i0.wp.com\/www.24baires.com\/wp-content\/uploads\/2013\/01\/Eseverri-Olavarr%C3%ADa.jpg?resize=350%2C200","width":350,"height":200},"classes":[]},{"id":25697,"url":"https:\/\/www.24baires.com\/?p=25697","url_meta":{"origin":6480,"position":3},"title":"Olavarr\u00eda: el intendente Eseverri present\u00f3 al Frente Renovador","author":"AF","date":"12\/06\/2013","format":false,"excerpt":"Lo hizo este martes por la noche ante militantes, funcionarios, concejales, dirigentes barriales y gremiales. El encuentro se llev\u00f3 a cabo en la Casa \u201cHelios Eseverri\u201d. Se analiz\u00f3 la posibilidad de presentar listas en todos los distritos y secciones. El bloque oficialista de concejales por ahora seguir\u00e1 con el sello\u2026","rel":"","context":"En \u00abLocales\u00bb","block_context":{"text":"Locales","link":"https:\/\/www.24baires.com\/?cat=38"},"img":{"alt_text":"Eseverri Olavarr\u00eda","src":"https:\/\/i0.wp.com\/www.24baires.com\/wp-content\/uploads\/2013\/01\/Eseverri-Olavarr%C3%ADa.jpg?resize=350%2C200","width":350,"height":200},"classes":[]},{"id":71070,"url":"https:\/\/www.24baires.com\/?p=71070","url_meta":{"origin":6480,"position":4},"title":"Muri\u00f3 \u00abEl P\u00e1jaro\u00bb Ferreyra, torturador de Monte Peloni","author":"AF","date":"24\/08\/2015","format":false,"excerpt":"Omar \u201cel P\u00e1jaro\u201d Ferreyra integraba la \u201cguardia dura\u201d del centro clandestino de detenci\u00f3n de Olavarr\u00eda. Su voz qued\u00f3 grabada en la memoria de los detenidos-desaparecidos que lograron sobrevivir. En democracia se recicl\u00f3 en la pol\u00edtica y en diciembre de 2003, el intendente radical de Olavarr\u00eda, Helios Eseverri, lo nombr\u00f3 director\u2026","rel":"","context":"En \u00abMemoria\u00bb","block_context":{"text":"Memoria","link":"https:\/\/www.24baires.com\/?cat=50"},"img":{"alt_text":"pajaroferreyra_2ra","src":"https:\/\/i0.wp.com\/www.24baires.com\/wp-content\/uploads\/2015\/08\/pajaroferreyra_2ra.jpg?resize=350%2C200","width":350,"height":200,"srcset":"https:\/\/i0.wp.com\/www.24baires.com\/wp-content\/uploads\/2015\/08\/pajaroferreyra_2ra.jpg?resize=350%2C200 1x, https:\/\/i0.wp.com\/www.24baires.com\/wp-content\/uploads\/2015\/08\/pajaroferreyra_2ra.jpg?resize=525%2C300 1.5x"},"classes":[]},{"id":46251,"url":"https:\/\/www.24baires.com\/?p=46251","url_meta":{"origin":6480,"position":5},"title":"Mariotto sorprendi\u00f3 al participar de un acto massista en Olavarr\u00eda","author":"AF","date":"18\/05\/2014","format":false,"excerpt":"Este s\u00e1bado se realizaron dos encuentros de militantes pol\u00edticos en Olavarr\u00eda. Uno de ellos el del FPV, que se realiz\u00f3 en el parque Mitre, recibi\u00f3 la visita del vicegobernador Gabriel Mariotto y el otro en la Casa del Deporte con un encuentro de m\u00e1s de 250 mujeres del massismo denominado\u2026","rel":"","context":"En \u00abPol\u00edtica\u00bb","block_context":{"text":"Pol\u00edtica","link":"https:\/\/www.24baires.com\/?cat=51"},"img":{"alt_text":"mariotto olava","src":"https:\/\/i0.wp.com\/www.24baires.com\/wp-content\/uploads\/2014\/05\/mariotto-olava.jpg?resize=350%2C200","width":350,"height":200,"srcset":"https:\/\/i0.wp.com\/www.24baires.com\/wp-content\/uploads\/2014\/05\/mariotto-olava.jpg?resize=350%2C200 1x, https:\/\/i0.wp.com\/www.24baires.com\/wp-content\/uploads\/2014\/05\/mariotto-olava.jpg?resize=525%2C300 1.5x"},"classes":[]}],"jetpack_sharing_enabled":true,"jetpack_likes_enabled":true,"_links":{"self":[{"href":"https:\/\/www.24baires.com\/index.php?rest_route=\/wp\/v2\/posts\/6480","targetHints":{"allow":["GET"]}}],"collection":[{"href":"https:\/\/www.24baires.com\/index.php?rest_route=\/wp\/v2\/posts"}],"about":[{"href":"https:\/\/www.24baires.com\/index.php?rest_route=\/wp\/v2\/types\/post"}],"author":[{"embeddable":true,"href":"https:\/\/www.24baires.com\/index.php?rest_route=\/wp\/v2\/users\/4"}],"replies":[{"embeddable":true,"href":"https:\/\/www.24baires.com\/index.php?rest_route=%2Fwp%2Fv2%2Fcomments&post=6480"}],"version-history":[{"count":2,"href":"https:\/\/www.24baires.com\/index.php?rest_route=\/wp\/v2\/posts\/6480\/revisions"}],"predecessor-version":[{"id":6483,"href":"https:\/\/www.24baires.com\/index.php?rest_route=\/wp\/v2\/posts\/6480\/revisions\/6483"}],"wp:attachment":[{"href":"https:\/\/www.24baires.com\/index.php?rest_route=%2Fwp%2Fv2%2Fmedia&parent=6480"}],"wp:term":[{"taxonomy":"category","embeddable":true,"href":"https:\/\/www.24baires.com\/index.php?rest_route=%2Fwp%2Fv2%2Fcategories&post=6480"},{"taxonomy":"post_tag","embeddable":true,"href":"https:\/\/www.24baires.com\/index.php?rest_route=%2Fwp%2Fv2%2Ftags&post=6480"}],"curies":[{"name":"wp","href":"https:\/\/api.w.org\/{rel}","templated":true}]}}