{"id":6477,"date":"2012-11-23T10:00:46","date_gmt":"2012-11-23T13:00:46","guid":{"rendered":"http:\/\/www.24baires.com\/?p=6477"},"modified":"2012-11-23T13:42:28","modified_gmt":"2012-11-23T16:42:28","slug":"llega-a-la-plata-pescado-para-todos","status":"publish","type":"post","link":"https:\/\/www.24baires.com\/?p=6477","title":{"rendered":"Llega a La Plata &#8216;Pescado para todos&#8217;"},"content":{"rendered":"<p><img data-recalc-dims=\"1\" loading=\"lazy\" decoding=\"async\" class=\"alignleft size-medium wp-image-6478\" title=\"pescado para todos\" src=\"https:\/\/i0.wp.com\/www.24baires.com\/wp-content\/uploads\/2012\/11\/pescado-para-todos.jpg?resize=300%2C225\" alt=\"\" width=\"300\" height=\"225\" srcset=\"https:\/\/i0.wp.com\/www.24baires.com\/wp-content\/uploads\/2012\/11\/pescado-para-todos.jpg?resize=300%2C225&amp;ssl=1 300w, https:\/\/i0.wp.com\/www.24baires.com\/wp-content\/uploads\/2012\/11\/pescado-para-todos.jpg?w=560&amp;ssl=1 560w\" sizes=\"auto, (max-width: 300px) 100vw, 300px\" \/>Este s\u00e1bado, el cami\u00f3n con productos a precios populares se har\u00e1 presente en la intersecci\u00f3n de las calles 11 y 91 de la capital provincial a partir de las 9.30. En caso de lluvia se reprogramar\u00e1.<!--more--><\/p>\n<p>Estas jornadas, estrechamente vinculadas con las pol\u00edticas implementadas por el Gobierno Nacional, benefician el acceso a una dieta variada y saludable a precios populares.<\/p>\n<p>En ese sentido, el Movimiento Evita La Plata invita a participar del operativo \u201cPescado para Todos\u201d que se realizar\u00e1 en calle 11 y 91, en la franja horaria de 9:30 a 14:30 en La Plata.<\/p>\n<p>Cabe destacar que la actividad quedar\u00e1 suspendida en caso de lluvia y se reprogramar\u00e1 para una fecha pr\u00f3xima.<\/p>\n","protected":false},"excerpt":{"rendered":"<p>Este s\u00e1bado, el cami\u00f3n con productos a precios populares se har\u00e1 presente en la intersecci\u00f3n de las calles 11 y 91 de la capital provincial a partir de las 9.30. En caso de lluvia se reprogramar\u00e1.<\/p>\n","protected":false},"author":4,"featured_media":0,"comment_status":"open","ping_status":"open","sticky":false,"template":"","format":"standard","meta":{"_jetpack_newsletter_access":"","_jetpack_dont_email_post_to_subs":false,"_jetpack_newsletter_tier_id":0,"_jetpack_memberships_contains_paywalled_content":false,"_jetpack_memberships_contains_paid_content":false,"footnotes":""},"categories":[38],"tags":[],"class_list":["post-6477","post","type-post","status-publish","format-standard","hentry","category-locales"],"jetpack_featured_media_url":"","jetpack_shortlink":"https:\/\/wp.me\/p2JWE0-1Gt","jetpack-related-posts":[{"id":34439,"url":"https:\/\/www.24baires.com\/?p=34439","url_meta":{"origin":6477,"position":0},"title":"A causa del temporal Aerol\u00edneas reprogram\u00f3 sus vuelos matutinos","author":"GB","date":"31\/10\/2013","format":false,"excerpt":"Aerol\u00edneas Argentinas y Austral decidieron reprogramar los vuelos que ten\u00edan previstos ma\u00f1ana entre las 6 y las 9 debido a las condiciones clim\u00e1ticas en la Ciudad. La tormenta llegar\u00e1 esta noche, seg\u00fan inform\u00f3 el Servicio Meteorol\u00f3gico Nacional. Aerol\u00edneas Argentinas y Austral reprogramaron los vuelos que ten\u00edan previstos ma\u00f1ana en el\u2026","rel":"","context":"En \u00abSociedad\u00bb","block_context":{"text":"Sociedad","link":"https:\/\/www.24baires.com\/?cat=1"},"img":{"alt_text":"aerolineas argen","src":"https:\/\/i0.wp.com\/www.24baires.com\/wp-content\/uploads\/2013\/10\/aerolineas-argen-300x199.jpg?resize=350%2C200","width":350,"height":200},"classes":[]},{"id":106545,"url":"https:\/\/www.24baires.com\/?p=106545","url_meta":{"origin":6477,"position":1},"title":"Postergan la b\u00fasqueda de la odont\u00f3loga Gisella Sol\u00eds en la ruta 11 por el mal clima","author":"GB","date":"25\/01\/2019","format":false,"excerpt":"Centenares de polic\u00edas estaban listos para continuar con el rastrillaje en el arroyo El Pescado, iniciado ayer, pero por las malas condiciones clim\u00e1ticas, arrancar\u00edan a la tarde. Un llamado al 911 indic\u00f3 que vieron la semana pasada la camioneta amarilla de Abel Campos, novio de la mujer desaparecida, en ese\u2026","rel":"","context":"En \u00abPoliciales\u00bb","block_context":{"text":"Policiales","link":"https:\/\/www.24baires.com\/?cat=49"},"img":{"alt_text":"","src":"https:\/\/i0.wp.com\/www.24baires.com\/wp-content\/uploads\/2019\/01\/policia-cientifica.jpg?resize=350%2C200","width":350,"height":200,"srcset":"https:\/\/i0.wp.com\/www.24baires.com\/wp-content\/uploads\/2019\/01\/policia-cientifica.jpg?resize=350%2C200 1x, https:\/\/i0.wp.com\/www.24baires.com\/wp-content\/uploads\/2019\/01\/policia-cientifica.jpg?resize=525%2C300 1.5x"},"classes":[]},{"id":84961,"url":"https:\/\/www.24baires.com\/?p=84961","url_meta":{"origin":6477,"position":2},"title":"Ordenan reprogramar la Audiencia P\u00fablica por el aumento de luz","author":"AF","date":"14\/07\/2016","format":false,"excerpt":"La Justicia platense decidi\u00f3 hoy hacer lugar a una medida cautelar presentada por una asociaci\u00f3n civil y orden\u00f3 reprogramar la audiencia p\u00fablica por los aumentos en la tarifa el\u00e9ctrica prevista para el 28 de julio en Mar del Plata. El fallo fue dictado por el Juzgado en lo Contencioso Administrativo\u2026","rel":"","context":"En \u00abSociedad\u00bb","block_context":{"text":"Sociedad","link":"https:\/\/www.24baires.com\/?cat=1"},"img":{"alt_text":"electricidad","src":"https:\/\/i0.wp.com\/www.24baires.com\/wp-content\/uploads\/2016\/03\/electricidad.jpg?resize=350%2C200","width":350,"height":200,"srcset":"https:\/\/i0.wp.com\/www.24baires.com\/wp-content\/uploads\/2016\/03\/electricidad.jpg?resize=350%2C200 1x, https:\/\/i0.wp.com\/www.24baires.com\/wp-content\/uploads\/2016\/03\/electricidad.jpg?resize=525%2C300 1.5x"},"classes":[]},{"id":106962,"url":"https:\/\/www.24baires.com\/?p=106962","url_meta":{"origin":6477,"position":3},"title":"Un fuerte temporal de viento, lluvia y granizo caus\u00f3 graves destrozos en La Plata","author":"AF","date":"23\/02\/2019","format":false,"excerpt":"Un fuerte temporal de viento, lluvia y granizo provoc\u00f3 voladura de techos, derrumb\u00f3 \u00e1rboles y produjo anegamientos e incluso inundaciones en algunas viviendas, adem\u00e1s de un extendido apag\u00f3n el\u00e9ctrico entre la tarde de ayer y esta madrugada. El episodio m\u00e1s fuerte se produjo pasadas las 19 de ayer, cuando en\u2026","rel":"","context":"En \u00abLocales\u00bb","block_context":{"text":"Locales","link":"https:\/\/www.24baires.com\/?cat=38"},"img":{"alt_text":"","src":"https:\/\/i0.wp.com\/www.24baires.com\/wp-content\/uploads\/2014\/11\/inundacion-la-matanza.jpg?resize=350%2C200","width":350,"height":200,"srcset":"https:\/\/i0.wp.com\/www.24baires.com\/wp-content\/uploads\/2014\/11\/inundacion-la-matanza.jpg?resize=350%2C200 1x, https:\/\/i0.wp.com\/www.24baires.com\/wp-content\/uploads\/2014\/11\/inundacion-la-matanza.jpg?resize=525%2C300 1.5x"},"classes":[]},{"id":60996,"url":"https:\/\/www.24baires.com\/?p=60996","url_meta":{"origin":6477,"position":4},"title":"Se reprogram\u00f3 el amistoso entre Los Andes y Deportivo Mor\u00f3n","author":"GB","date":"30\/01\/2015","format":false,"excerpt":"Tras la suspensi\u00f3n por las lluvias del mi\u00e9rcoles, el cruce con Deportivo Mor\u00f3n se disputar\u00e1 hoy en el Eduardo Gallard\u00f3n, a puertas cerradas. Los Andes no saca su atenci\u00f3n a la preparaci\u00f3n que est\u00e1 realizando de cara a lo que ser\u00e1 su doble participaci\u00f3n en el 2015, en el que\u2026","rel":"","context":"En \u00abDeportes\u00bb","block_context":{"text":"Deportes","link":"https:\/\/www.24baires.com\/?cat=12"},"img":{"alt_text":"los andes comu","src":"https:\/\/i0.wp.com\/www.24baires.com\/wp-content\/uploads\/2013\/11\/los-andes-comu.jpg?resize=350%2C200","width":350,"height":200,"srcset":"https:\/\/i0.wp.com\/www.24baires.com\/wp-content\/uploads\/2013\/11\/los-andes-comu.jpg?resize=350%2C200 1x, https:\/\/i0.wp.com\/www.24baires.com\/wp-content\/uploads\/2013\/11\/los-andes-comu.jpg?resize=525%2C300 1.5x"},"classes":[]},{"id":119528,"url":"https:\/\/www.24baires.com\/?p=119528","url_meta":{"origin":6477,"position":5},"title":"Aseguran que los precios de los alimentos subieron m\u00e1s de 8% en Mar del Plata","author":"GB","date":"09\/11\/2022","format":false,"excerpt":"Seg\u00fan el \u00cdndice Barrial de Precios, el incremento interanual alcanza el 97%. Una familia marplatense requiri\u00f3 de $ 52.876 para evitar caer por debajo de la l\u00ednea de indigencia En los barrios populares de Mar del Plata y Bat\u00e1n los precios aumentaron 8,2% en octubre. De este modo, seg\u00fan el\u2026","rel":"","context":"En \u00abConsumidores\u00bb","block_context":{"text":"Consumidores","link":"https:\/\/www.24baires.com\/?cat=78"},"img":{"alt_text":"","src":"https:\/\/i0.wp.com\/www.24baires.com\/wp-content\/uploads\/2018\/08\/supermercado.jpg?resize=350%2C200","width":350,"height":200,"srcset":"https:\/\/i0.wp.com\/www.24baires.com\/wp-content\/uploads\/2018\/08\/supermercado.jpg?resize=350%2C200 1x, https:\/\/i0.wp.com\/www.24baires.com\/wp-content\/uploads\/2018\/08\/supermercado.jpg?resize=525%2C300 1.5x, https:\/\/i0.wp.com\/www.24baires.com\/wp-content\/uploads\/2018\/08\/supermercado.jpg?resize=700%2C400 2x"},"classes":[]}],"jetpack_sharing_enabled":true,"jetpack_likes_enabled":true,"_links":{"self":[{"href":"https:\/\/www.24baires.com\/index.php?rest_route=\/wp\/v2\/posts\/6477","targetHints":{"allow":["GET"]}}],"collection":[{"href":"https:\/\/www.24baires.com\/index.php?rest_route=\/wp\/v2\/posts"}],"about":[{"href":"https:\/\/www.24baires.com\/index.php?rest_route=\/wp\/v2\/types\/post"}],"author":[{"embeddable":true,"href":"https:\/\/www.24baires.com\/index.php?rest_route=\/wp\/v2\/users\/4"}],"replies":[{"embeddable":true,"href":"https:\/\/www.24baires.com\/index.php?rest_route=%2Fwp%2Fv2%2Fcomments&post=6477"}],"version-history":[{"count":2,"href":"https:\/\/www.24baires.com\/index.php?rest_route=\/wp\/v2\/posts\/6477\/revisions"}],"predecessor-version":[{"id":6511,"href":"https:\/\/www.24baires.com\/index.php?rest_route=\/wp\/v2\/posts\/6477\/revisions\/6511"}],"wp:attachment":[{"href":"https:\/\/www.24baires.com\/index.php?rest_route=%2Fwp%2Fv2%2Fmedia&parent=6477"}],"wp:term":[{"taxonomy":"category","embeddable":true,"href":"https:\/\/www.24baires.com\/index.php?rest_route=%2Fwp%2Fv2%2Fcategories&post=6477"},{"taxonomy":"post_tag","embeddable":true,"href":"https:\/\/www.24baires.com\/index.php?rest_route=%2Fwp%2Fv2%2Ftags&post=6477"}],"curies":[{"name":"wp","href":"https:\/\/api.w.org\/{rel}","templated":true}]}}