{"id":6470,"date":"2012-11-23T10:54:49","date_gmt":"2012-11-23T13:54:49","guid":{"rendered":"http:\/\/www.24baires.com\/?p=6470"},"modified":"2012-11-23T10:57:18","modified_gmt":"2012-11-23T13:57:18","slug":"portacion-ilegal-de-armas-endureceran-las-penas-en-la-provincia","status":"publish","type":"post","link":"https:\/\/www.24baires.com\/?p=6470","title":{"rendered":"Portaci\u00f3n ilegal de armas: endurecer\u00e1n las penas"},"content":{"rendered":"<p>La <strong>C\u00e1mara de Diputados de la provincia de Buenos Aires<\/strong> aprob\u00f3 un proyecto de ley que<strong> limita las excarcelaciones<\/strong> cuando se porten armas de fuego de<strong> manera ilegal<\/strong> y se intente persuadir a la autoridad policial.<!--more--><br \/>\nLa iniciativa que obtuvo media sanci\u00f3n, fue impulsada por el Ejecutivo provincial para limitar las excarcelaciones cuando se porten armas de fuego ilegalmente y exista resistencia o evasi\u00f3n a un procedimiento por parte una autoridad p\u00fablica.<br \/>\nA su vez, quedar\u00e1n impedidos de acceder al beneficio de la excarcelaci\u00f3n, las personas que teniendo antecedentes por comisi\u00f3n de delitos con armas, o est\u00e9n gozando ya de una excarcelaci\u00f3n, sean nuevamente detenidos portando un arma de fuego.<br \/>\n\u201cLa norma propuesta tiene como principal objetivo que quien porta armas de fuego de manera ilegal y no se somete al control de la polic\u00eda u otras autoridades no sea excarcelado, y que mientras dure el proceso en su contra permanezca detenido\u201d, resalt\u00f3 el diputado del Frente para la Victoria Iv\u00e1n Budassi.<br \/>\nA su vez, establece obligaciones a la justicia, que deber\u00e1 controlar si los sujetos sorprendidos con un arma de fuego ilegal registran antecedentes penales por delitos dolosos contra las personas o con el uso de armas.<br \/>\nEn dicho caso, la norma establece que la persona no podr\u00e1 ser excarcelada; al igual que si el presunto delincuente estuviera portando armas de cualquier calibre y ya gozando de una excarcelaci\u00f3n.<br \/>\nEn ese sentido, Rodolfo Iriart destac\u00f3 que \u201cel Gobernador tiene responsabilidad en la seguridad y desde el Legislativo tenemos que apoyarlo\u201d.<br \/>\n\u201cEs una herramienta que busca desalentar a los delincuentes y generar un efecto preventivo\u201d, explic\u00f3 el legislador del FPV, y consider\u00f3 que \u201ces necesario readaptar la legislaci\u00f3n vigente a la realidad que estamos enfrentando\u201d.<br \/>\nEn tanto, el titular del Bloque de Nuevo Encuentro, Marcelo Sa\u00edn, rechaz\u00f3 el proyecto de ley por considerar que la iniciativa \u201cse asienta en la consideraci\u00f3n err\u00f3nea de que el endurecimiento del sistema penal constituye una instancia para la prevenci\u00f3n y control de los delitos\u201d.<\/p>\n","protected":false},"excerpt":{"rendered":"<p>La C\u00e1mara de Diputados de la provincia de Buenos Aires aprob\u00f3 un proyecto de ley que limita las excarcelaciones cuando se porten armas de fuego de manera ilegal y se intente persuadir a la autoridad policial.<\/p>\n","protected":false},"author":4,"featured_media":0,"comment_status":"open","ping_status":"open","sticky":false,"template":"","format":"standard","meta":{"_jetpack_newsletter_access":"","_jetpack_dont_email_post_to_subs":false,"_jetpack_newsletter_tier_id":0,"_jetpack_memberships_contains_paywalled_content":false,"_jetpack_memberships_contains_paid_content":false,"footnotes":""},"categories":[1],"tags":[],"class_list":["post-6470","post","type-post","status-publish","format-standard","hentry","category-sociedad"],"jetpack_featured_media_url":"","jetpack_shortlink":"https:\/\/wp.me\/p2JWE0-1Gm","jetpack-related-posts":[{"id":8983,"url":"https:\/\/www.24baires.com\/?p=8983","url_meta":{"origin":6470,"position":0},"title":"Convirtieron en Ley el proyecto que limita las excarcelaciones","author":"AF","date":"13\/12\/2012","format":false,"excerpt":"El proyecto que envi\u00f3 el Ejecutivo, ya contaba con la aprobaci\u00f3n de Diputados. El mismo, limita las excarcelaciones cuando se porten armas de fuego ilegalmente y exista resistencia o evasi\u00f3n a un procedimiento por parte una autoridad p\u00fablica, y cuando los presuntos delincuentes tengan antecedentes por comisi\u00f3n de delitos con\u2026","rel":"","context":"En \u00abSociedad\u00bb","block_context":{"text":"Sociedad","link":"https:\/\/www.24baires.com\/?cat=1"},"img":{"alt_text":"","src":"https:\/\/i0.wp.com\/www.24baires.com\/wp-content\/uploads\/2012\/12\/senado-BA2-300x159.jpg?resize=350%2C200","width":350,"height":200},"classes":[]},{"id":6626,"url":"https:\/\/www.24baires.com\/?p=6626","url_meta":{"origin":6470,"position":1},"title":"Para la CPM, el proyecto de excarcelaciones es \u00abinconstitucional\u00bb","author":"AF","date":"24\/11\/2012","format":false,"excerpt":"\"Nada tiene que ver con la constituci\u00f3n vigente\", dijo el director del Comit\u00e9 contra la Tortura de la Comisi\u00f3n Provincial por la Memoria (CPM), Roberto Cipriano Garc\u00eda, respecto del proyecto aprobado en Diputados. \"Nosotros hemos salido a criticarla muy fuertemente incluso hicimos una presentaci\u00f3n a todos los legisladores, tanto diputados\u2026","rel":"","context":"En \u00abPol\u00edtica\u00bb","block_context":{"text":"Pol\u00edtica","link":"https:\/\/www.24baires.com\/?cat=51"},"img":{"alt_text":"","src":"","width":0,"height":0},"classes":[]},{"id":21715,"url":"https:\/\/www.24baires.com\/?p=21715","url_meta":{"origin":6470,"position":2},"title":"Scioli reformar\u00e1 la Ley de Excarcelaciones","author":"AF","date":"23\/04\/2013","format":false,"excerpt":"El gobierno provincial anunci\u00f3 reformas a la norma que restring\u00eda la liberaci\u00f3n los implicados en delitos con armas de fuego y que tuviesen antecedentes. Aseguran que no se alterar\u00e1 \"el esp\u00edritu\" del proyecto original. El nuevo proyecto atender\u00eda a los cuestionamientos formulados por el m\u00e1ximo tribunal, que otrora dio lugar\u2026","rel":"","context":"En \u00abSociedad\u00bb","block_context":{"text":"Sociedad","link":"https:\/\/www.24baires.com\/?cat=1"},"img":{"alt_text":"scioli casal armas","src":"https:\/\/i0.wp.com\/www.24baires.com\/wp-content\/uploads\/2013\/02\/scioli-casal-armas.jpg?resize=350%2C200","width":350,"height":200,"srcset":"https:\/\/i0.wp.com\/www.24baires.com\/wp-content\/uploads\/2013\/02\/scioli-casal-armas.jpg?resize=350%2C200 1x, https:\/\/i0.wp.com\/www.24baires.com\/wp-content\/uploads\/2013\/02\/scioli-casal-armas.jpg?resize=525%2C300 1.5x"},"classes":[]},{"id":25966,"url":"https:\/\/www.24baires.com\/?p=25966","url_meta":{"origin":6470,"position":3},"title":"Scioli promulg\u00f3 la cuestionada ley \u201carmas cero\u201d sobre excarcelaciones","author":"Grupo Sierra","date":"14\/06\/2013","format":false,"excerpt":"El gobernador Daniel Scioli promulg\u00f3 hoy la Ley de Excarcelaciones \u201cArmas cero\u201d, la iniciativa oficial aprobada por la Legislatura para desalentar el uso de armas de fuego y limitar las eximiciones de prisi\u00f3n a quienes registren antecedentes policiales, en el marco de las pol\u00edticas de \u201cpacificaci\u00f3n\u201d que promueve el gobierno\u2026","rel":"","context":"En \u00abProvincia\u00bb","block_context":{"text":"Provincia","link":"https:\/\/www.24baires.com\/?cat=40"},"img":{"alt_text":"","src":"","width":0,"height":0},"classes":[]},{"id":9306,"url":"https:\/\/www.24baires.com\/?p=9306","url_meta":{"origin":6470,"position":4},"title":"Fuertes cr\u00edticas a la ley provincial de excarcelaciones aprobada el jueves","author":"Grupo Sierra","date":"15\/12\/2012","format":false,"excerpt":"\u201cLa nueva ley no responde a una pol\u00edtica de seguridad democr\u00e1tica y consistente y aumentar\u00e1 la cantidad de detenidos en condiciones absolutamente indignas\u201d. Con esa frase, organizaciones sociales vinculadas a los Derechos Humanos lanzaron ayer una dura embestida contra la reforma del C\u00f3digo Procesal Penal sancionada el jueves pasado en\u2026","rel":"","context":"En \u00abProvincia\u00bb","block_context":{"text":"Provincia","link":"https:\/\/www.24baires.com\/?cat=40"},"img":{"alt_text":"","src":"","width":0,"height":0},"classes":[]},{"id":15741,"url":"https:\/\/www.24baires.com\/?p=15741","url_meta":{"origin":6470,"position":5},"title":"La Corte provincial analizar\u00e1 si es inconstitucional la ley que limita las excarcelaciones","author":"Grupo Sierra","date":"15\/02\/2013","format":false,"excerpt":"Organismos de derechos humanos y defensores p\u00fablicos bonaerenses le pidieron al m\u00e1ximo tribunal de la Provincia que revise la norma. La vigencia de esta ley \u201cafecta la profundizaci\u00f3n de la institucionalidad democr\u00e1tica\u201d y \u201cprovoca un grave conflicto de orden normativo\u201d, fundamentaron en su presentaci\u00f3n. La Comisi\u00f3n Provincial por la Memoria\u2026","rel":"","context":"En \u00abProvincia\u00bb","block_context":{"text":"Provincia","link":"https:\/\/www.24baires.com\/?cat=40"},"img":{"alt_text":"","src":"","width":0,"height":0},"classes":[]}],"jetpack_sharing_enabled":true,"jetpack_likes_enabled":true,"_links":{"self":[{"href":"https:\/\/www.24baires.com\/index.php?rest_route=\/wp\/v2\/posts\/6470","targetHints":{"allow":["GET"]}}],"collection":[{"href":"https:\/\/www.24baires.com\/index.php?rest_route=\/wp\/v2\/posts"}],"about":[{"href":"https:\/\/www.24baires.com\/index.php?rest_route=\/wp\/v2\/types\/post"}],"author":[{"embeddable":true,"href":"https:\/\/www.24baires.com\/index.php?rest_route=\/wp\/v2\/users\/4"}],"replies":[{"embeddable":true,"href":"https:\/\/www.24baires.com\/index.php?rest_route=%2Fwp%2Fv2%2Fcomments&post=6470"}],"version-history":[{"count":2,"href":"https:\/\/www.24baires.com\/index.php?rest_route=\/wp\/v2\/posts\/6470\/revisions"}],"predecessor-version":[{"id":6473,"href":"https:\/\/www.24baires.com\/index.php?rest_route=\/wp\/v2\/posts\/6470\/revisions\/6473"}],"wp:attachment":[{"href":"https:\/\/www.24baires.com\/index.php?rest_route=%2Fwp%2Fv2%2Fmedia&parent=6470"}],"wp:term":[{"taxonomy":"category","embeddable":true,"href":"https:\/\/www.24baires.com\/index.php?rest_route=%2Fwp%2Fv2%2Fcategories&post=6470"},{"taxonomy":"post_tag","embeddable":true,"href":"https:\/\/www.24baires.com\/index.php?rest_route=%2Fwp%2Fv2%2Ftags&post=6470"}],"curies":[{"name":"wp","href":"https:\/\/api.w.org\/{rel}","templated":true}]}}