{"id":64697,"date":"2015-04-22T15:30:29","date_gmt":"2015-04-22T18:30:29","guid":{"rendered":"http:\/\/www.24baires.com\/?p=64697"},"modified":"2015-04-22T14:22:51","modified_gmt":"2015-04-22T17:22:51","slug":"la-voz-del-monstruo","status":"publish","type":"post","link":"https:\/\/www.24baires.com\/?p=64697","title":{"rendered":"La voz del monstruo"},"content":{"rendered":"<p><img data-recalc-dims=\"1\" loading=\"lazy\" decoding=\"async\" class=\"aligncenter size-full wp-image-64702\" src=\"https:\/\/i0.wp.com\/www.24baires.com\/wp-content\/uploads\/2015\/04\/videla-3-dedos.jpg?resize=560%2C313\" alt=\"videla 3 dedos\" width=\"560\" height=\"313\" srcset=\"https:\/\/i0.wp.com\/www.24baires.com\/wp-content\/uploads\/2015\/04\/videla-3-dedos.jpg?w=560&amp;ssl=1 560w, https:\/\/i0.wp.com\/www.24baires.com\/wp-content\/uploads\/2015\/04\/videla-3-dedos.jpg?resize=300%2C168&amp;ssl=1 300w\" sizes=\"auto, (max-width: 560px) 100vw, 560px\" \/><\/p>\n<p>Cuando termina el programa de Reynaldo Sietecase a las 9, siempre que puedo escucho un ratito a V\u00edctor Hugo antes de salir de mi casa, aunque sea la introducci\u00f3n del programa y la editorial que suele hacer cuando arranca. A veces salgo antes y me lo pierdo, pero este martes puse Continental como tantas otras veces y qued\u00e9 paralizada al escuchar el sonido que surg\u00eda desde la radio: fue como si la temperatura de mi casa hubiera descendido de golpe, como si se hubiera abierto una cripta siniestra bajo mis pies. Es que hab\u00eda reconocido en el acto la voz de Videla, horrible, t\u00e9trica.<!--more--><\/p>\n<p>El d\u00eda anterior hab\u00eda visto el informe que transmiti\u00f3 el Gato Sylvestre en su programa de C5N. Es un video revelador, m\u00e1s all\u00e1 de lo que muchos sostenemos con respecto a Clar\u00edn, La Naci\u00f3n y la dictadura, este documental es una conferencia de prensa que dio Jorge Rafael Videla el 19 de abril de 1977, en donde, con la impunidad que acostumbraba, blanquea la apropiaci\u00f3n de Papel Prensa, ante funcionarios, periodistas, pol\u00edticos, directivos y dem\u00e1s empresarios del establishment de la \u00e9poca.<\/p>\n<p>All\u00ed quedan expresamente claras, en ese informe, las intenciones siniestras que el genocida ten\u00eda para con la familia Graiver, verdadera due\u00f1a de Papel Prensa. No hay lugar para las dudas: afirma que son subversivos, que hay que aniquilar la subversi\u00f3n, de hecho se lo promete al auditorio que lo observaba.<\/p>\n<p>Disculpen que vuelva a ser tan autorreferencial, pero aunque hab\u00eda visto el programa de Sylvestre, fue tan sorpresiva la irrupci\u00f3n de la voz de la Muerte en mi propia casa, mientras me terminaba el caf\u00e9, que reconocer su voz al instante me agarr\u00f3 desprevenida y me cay\u00f3 muy mal o\u00edrlo. Fue como recibir una descarga el\u00e9ctrica en la mano que acababa de sintonizar la radio.<\/p>\n<p>Y, unos minutos despu\u00e9s, cuando me repuse del impacto, mientras V\u00edctor Hugo se disculpaba por haber amanecido su programa con la voz del dictador, -como si supiera de la impresi\u00f3n que pod\u00eda causar en sus oyentes-, y comentaba sus interesantes pareceres acerca de lo que acab\u00e1bamos de o\u00edr, reflexion\u00e9 un poco sobre lo que me acababa de pasar. En ning\u00fan momento se me ocurri\u00f3 reprocharme el susto, aunque fue como volver a la infancia donde las sombras y la noche causaban una sensaci\u00f3n que pod\u00eda ser desoladora. Creo generar esa autom\u00e1tica aprensi\u00f3n como si la radio pudiera transmitir un veneno poderoso, est\u00e1 bien. Pero entend\u00ed que no era miedo, era otro tipo de rechazo.<\/p>\n<p>Porque no importa la edad que tengamos. Cuando somos peque\u00f1os, los monstruos son infinitos, porque tienen infinitas formas e infinitas oportunidades de aparecerse, porque estamos conociendo nuestro entorno, porque estamos aprendiendo los l\u00edmites de la realidad, afirmando las verdades que se nos van presentando. Conociendo, tambi\u00e9n, nuestros propios l\u00edmites y capacidades. Cuando crecemos, tenemos la tendencia a creer que dejamos atr\u00e1s a los monstruos y caemos en esa trampa que nos tiende la adultez. Pero eso es mentira, los monstruos siguen existiendo, son diferentes, algunos de ellos son personas como nosotros que hacen cosas monstruosas. Pero esos monstruos no necesariamente te dan miedo, te generan otros rechazos como indignaci\u00f3n, bronca. Son los resortes de la Memoria, activ\u00e1ndose.<\/p>\n<p>Por ejemplo, hace unos meses, durante un juicio, circul\u00f3 mucho una foto que quiz\u00e1 recuerden, retrataba la mano de Miguel Etchecolatz mientras sosten\u00eda un trozo de papel en el que se le\u00eda \u201cJorge Julio L\u00f3pez\u201d. He all\u00ed a un monstruo ejerciendo.<br \/>\nLo que sent\u00ed con la voz de Videla invadiendo mi espacio fue algo similar a lo que sent\u00ed cuando vi esa imagen de Etchecolatz, fue como meter la mano bajo la cama, buscando alg\u00fan zapato y encontrarte al Cuco. A un Cuco horrendo. Pero ese rechazo no es miedo a ellos, ni a lo que hicieron, ya no. Miedo dan quienes a\u00fan reivindican a esos monstruos y esas aberraciones. Miedo da pensar que hay gente que, todav\u00eda, piensa as\u00ed y reclama que vuelvan esos tiempos de pesadilla.<\/p>\n<p><object width=\"560\" height=\"420\"><param name=\"movie\" value=\"http:\/\/www.youtube.com\/v\/S49k8xEHnt4?version=3&amp;hl=es_ES\" \/><param name=\"allowFullScreen\" value=\"true\" \/><param name=\"allowscriptaccess\" value=\"always\" \/><\/object><\/p>\n","protected":false},"excerpt":{"rendered":"<p>Cuando termina el programa de Reynaldo Sietecase a las 9, siempre que puedo escucho un ratito a V\u00edctor Hugo antes de salir de mi casa, aunque sea la introducci\u00f3n del programa y la editorial que suele hacer cuando arranca. A veces salgo antes y me lo pierdo, pero este martes puse Continental como tantas otras veces y qued\u00e9 paralizada al [&#8230;]<\/p>\n","protected":false},"author":11,"featured_media":0,"comment_status":"open","ping_status":"open","sticky":false,"template":"","format":"standard","meta":{"_jetpack_newsletter_access":"","_jetpack_dont_email_post_to_subs":false,"_jetpack_newsletter_tier_id":0,"_jetpack_memberships_contains_paywalled_content":false,"_jetpack_memberships_contains_paid_content":false,"footnotes":""},"categories":[64],"tags":[],"class_list":["post-64697","post","type-post","status-publish","format-standard","hentry","category-opinion"],"jetpack_featured_media_url":"","jetpack_shortlink":"https:\/\/wp.me\/p2JWE0-gPv","jetpack-related-posts":[{"id":101196,"url":"https:\/\/www.24baires.com\/?p=101196","url_meta":{"origin":64697,"position":0},"title":"Mor\u00f3n: el exmarido de Vidal mand\u00f3 a borrar los pa\u00f1uelos de las Madres","author":"AF","date":"21\/03\/2018","format":false,"excerpt":"El intendente de Mor\u00f3n, Ramiro Tagliaferro, mand\u00f3 a borrar los pa\u00f1uelos pintados en el acceso a la Casa de la Memoria y la Vida, en el ex centro clandestino de detenci\u00f3n Mansi\u00f3n Ser\u00e9, en Castelar. Bronca e indignaci\u00f3n caus\u00f3 la decisi\u00f3n del ex marido de la gobernadora de la Provincia\u2026","rel":"","context":"En \u00abLocales\u00bb","block_context":{"text":"Locales","link":"https:\/\/www.24baires.com\/?cat=38"},"img":{"alt_text":"","src":"https:\/\/i0.wp.com\/www.24baires.com\/wp-content\/uploads\/2018\/03\/pa%C3%B1uelos-mor%C3%B3n.jpg?resize=350%2C200","width":350,"height":200,"srcset":"https:\/\/i0.wp.com\/www.24baires.com\/wp-content\/uploads\/2018\/03\/pa%C3%B1uelos-mor%C3%B3n.jpg?resize=350%2C200 1x, https:\/\/i0.wp.com\/www.24baires.com\/wp-content\/uploads\/2018\/03\/pa%C3%B1uelos-mor%C3%B3n.jpg?resize=525%2C300 1.5x"},"classes":[]},{"id":23952,"url":"https:\/\/www.24baires.com\/?p=23952","url_meta":{"origin":64697,"position":1},"title":"Bonafini dijo que la muerte de Videla la dej\u00f3 \u00abparalizada\u00bb y enseguida pens\u00f3 en sus hijos","author":"Grupo Sierra","date":"20\/05\/2013","format":false,"excerpt":"La titular de Madres de Plaza de Mayo, Hebe de Bonafini, asegur\u00f3 que la noticia de la muerte del represor Jorge Rafael Videla la \"paraliz\u00f3\" e inmediatamente empez\u00f3 a pensar en sus hijos. Al hablar con la radio Madre AM530, agreg\u00f3 que \"quer\u00eda pensar en algo y nada. Pensaba en\u2026","rel":"","context":"En \u00abMemoria\u00bb","block_context":{"text":"Memoria","link":"https:\/\/www.24baires.com\/?cat=50"},"img":{"alt_text":"","src":"","width":0,"height":0},"classes":[]},{"id":23854,"url":"https:\/\/www.24baires.com\/?p=23854","url_meta":{"origin":64697,"position":2},"title":"Ha Muerto la Muerte","author":"Grupo Sierra","date":"19\/05\/2013","format":false,"excerpt":"Me han contado que eso dijeron cuando el dictador Franco dej\u00f3 este mundo, ha muerto la Muerte. Esas fueron las primeras palabras que cruzaron mi mente el viernes por la ma\u00f1ana al leer que Jorge Rafael Videla ya no viv\u00eda m\u00e1s. \u00c9l podr\u00e1 tener lo que miles nunca tuvieron por\u2026","rel":"","context":"En \u00abOpini\u00f3n\u00bb","block_context":{"text":"Opini\u00f3n","link":"https:\/\/www.24baires.com\/?cat=64"},"img":{"alt_text":"muerte muerta","src":"https:\/\/i0.wp.com\/www.24baires.com\/wp-content\/uploads\/2013\/05\/muerte-muerta.jpg?resize=350%2C200","width":350,"height":200,"srcset":"https:\/\/i0.wp.com\/www.24baires.com\/wp-content\/uploads\/2013\/05\/muerte-muerta.jpg?resize=350%2C200 1x, https:\/\/i0.wp.com\/www.24baires.com\/wp-content\/uploads\/2013\/05\/muerte-muerta.jpg?resize=525%2C300 1.5x"},"classes":[]},{"id":107622,"url":"https:\/\/www.24baires.com\/?p=107622","url_meta":{"origin":64697,"position":3},"title":"CNU: excarcelaron a Otero, uno de los condenados a perpetua","author":"GB","date":"11\/04\/2019","format":false,"excerpt":"Se trata de uno de los tres integrantes de la Concentraci\u00f3n Nacional Universitaria que hab\u00eda sido condenado a perpetua en 2016 por delitos de lesa humanidad. La C\u00e1mara de Casaci\u00f3n Penal dispuso la excarcelaci\u00f3n de Fernando Alberto Otero, uno de los tres integrantes de la Concentraci\u00f3n Nacional Uninersitaria (CNU) que\u2026","rel":"","context":"En \u00abMemoria\u00bb","block_context":{"text":"Memoria","link":"https:\/\/www.24baires.com\/?cat=50"},"img":{"alt_text":"","src":"https:\/\/i0.wp.com\/www.24baires.com\/wp-content\/uploads\/2017\/04\/cnu.jpg?resize=350%2C200","width":350,"height":200,"srcset":"https:\/\/i0.wp.com\/www.24baires.com\/wp-content\/uploads\/2017\/04\/cnu.jpg?resize=350%2C200 1x, https:\/\/i0.wp.com\/www.24baires.com\/wp-content\/uploads\/2017\/04\/cnu.jpg?resize=525%2C300 1.5x"},"classes":[]},{"id":112032,"url":"https:\/\/www.24baires.com\/?p=112032","url_meta":{"origin":64697,"position":4},"title":"Mar del Plata: comienzan a juzgar a dos ex miembros de la CNU","author":"GB","date":"11\/09\/2019","format":false,"excerpt":"Dos ex integrantes de la organizaci\u00f3n de ultraderecha Concentraci\u00f3n Nacionalista Universitaria (CNU) ser\u00e1n juzgados desde hoy en el Tribunal Oral en lo Criminal Federal (TOF). Se trata de Oscar H\u00e9ctor Corres y Eduardo Salvador Ull\u00faa, quienes est\u00e1n acusados de integrar una asociaci\u00f3n il\u00edcita parapolicial, a la que pertenec\u00edan tambi\u00e9n otras\u2026","rel":"","context":"En \u00abMemoria\u00bb","block_context":{"text":"Memoria","link":"https:\/\/www.24baires.com\/?cat=50"},"img":{"alt_text":"","src":"https:\/\/i0.wp.com\/www.24baires.com\/wp-content\/uploads\/2019\/09\/tribunal-penal-mdp.jpg?resize=350%2C200","width":350,"height":200,"srcset":"https:\/\/i0.wp.com\/www.24baires.com\/wp-content\/uploads\/2019\/09\/tribunal-penal-mdp.jpg?resize=350%2C200 1x, https:\/\/i0.wp.com\/www.24baires.com\/wp-content\/uploads\/2019\/09\/tribunal-penal-mdp.jpg?resize=525%2C300 1.5x"},"classes":[]},{"id":46500,"url":"https:\/\/www.24baires.com\/?p=46500","url_meta":{"origin":64697,"position":5},"title":"Quilmes: funcionario judicial evit\u00f3 un robo en su casa a los tiros","author":"AF","date":"22\/05\/2014","format":false,"excerpt":"El hecho ocurri\u00f3 alrededor de las 22.30 de anoche, cuando Mat\u00edas Horacio Zarco, subcomisario de la bonaerense con licencia especial por estar dedicado a su carrera judicial, se encontraba junto con su mujer y un amigo en su vivienda, ubicada en la calle Triunvirato, de Quilmes Oeste. Seg\u00fan dijeron los\u2026","rel":"","context":"En \u00abLocales\u00bb","block_context":{"text":"Locales","link":"https:\/\/www.24baires.com\/?cat=38"},"img":{"alt_text":"policiabonaerense","src":"https:\/\/i0.wp.com\/www.24baires.com\/wp-content\/uploads\/2012\/10\/policiabonaerense.jpg?resize=350%2C200","width":350,"height":200,"srcset":"https:\/\/i0.wp.com\/www.24baires.com\/wp-content\/uploads\/2012\/10\/policiabonaerense.jpg?resize=350%2C200 1x, https:\/\/i0.wp.com\/www.24baires.com\/wp-content\/uploads\/2012\/10\/policiabonaerense.jpg?resize=525%2C300 1.5x"},"classes":[]}],"jetpack_sharing_enabled":true,"jetpack_likes_enabled":true,"_links":{"self":[{"href":"https:\/\/www.24baires.com\/index.php?rest_route=\/wp\/v2\/posts\/64697","targetHints":{"allow":["GET"]}}],"collection":[{"href":"https:\/\/www.24baires.com\/index.php?rest_route=\/wp\/v2\/posts"}],"about":[{"href":"https:\/\/www.24baires.com\/index.php?rest_route=\/wp\/v2\/types\/post"}],"author":[{"embeddable":true,"href":"https:\/\/www.24baires.com\/index.php?rest_route=\/wp\/v2\/users\/11"}],"replies":[{"embeddable":true,"href":"https:\/\/www.24baires.com\/index.php?rest_route=%2Fwp%2Fv2%2Fcomments&post=64697"}],"version-history":[{"count":1,"href":"https:\/\/www.24baires.com\/index.php?rest_route=\/wp\/v2\/posts\/64697\/revisions"}],"predecessor-version":[{"id":64703,"href":"https:\/\/www.24baires.com\/index.php?rest_route=\/wp\/v2\/posts\/64697\/revisions\/64703"}],"wp:attachment":[{"href":"https:\/\/www.24baires.com\/index.php?rest_route=%2Fwp%2Fv2%2Fmedia&parent=64697"}],"wp:term":[{"taxonomy":"category","embeddable":true,"href":"https:\/\/www.24baires.com\/index.php?rest_route=%2Fwp%2Fv2%2Fcategories&post=64697"},{"taxonomy":"post_tag","embeddable":true,"href":"https:\/\/www.24baires.com\/index.php?rest_route=%2Fwp%2Fv2%2Ftags&post=64697"}],"curies":[{"name":"wp","href":"https:\/\/api.w.org\/{rel}","templated":true}]}}