{"id":6468,"date":"2012-11-23T10:44:05","date_gmt":"2012-11-23T13:44:05","guid":{"rendered":"http:\/\/www.24baires.com\/?p=6468"},"modified":"2012-11-23T10:44:05","modified_gmt":"2012-11-23T13:44:05","slug":"puente-colgante-siguen-las-prorrogas-para-la-fecha-de-finalizacion-de-obra","status":"publish","type":"post","link":"https:\/\/www.24baires.com\/?p=6468","title":{"rendered":"Puente Colgante: siguen las pr\u00f3rrogas para la fecha de finalizaci\u00f3n de obra"},"content":{"rendered":"<p><img data-recalc-dims=\"1\" loading=\"lazy\" decoding=\"async\" class=\"alignleft size-medium wp-image-4754\" title=\"colgante3\" src=\"https:\/\/i0.wp.com\/www.24baires.com\/wp-content\/uploads\/2012\/11\/colgante31.jpg?resize=300%2C180\" alt=\"\" width=\"300\" height=\"180\" srcset=\"https:\/\/i0.wp.com\/www.24baires.com\/wp-content\/uploads\/2012\/11\/colgante31.jpg?resize=300%2C180&amp;ssl=1 300w, https:\/\/i0.wp.com\/www.24baires.com\/wp-content\/uploads\/2012\/11\/colgante31.jpg?w=500&amp;ssl=1 500w\" sizes=\"auto, (max-width: 300px) 100vw, 300px\" \/><strong>NECOCHEA &#8211;<\/strong> A diez d\u00edas del anuncio realizado por el gobernador Daniel Scioli al intendente Horacio Tellechea sobre la finalizaci\u00f3n de la obra del Puente Colgante antes de fin de a\u00f1o, no se registra avance alguno, ya que no se ha realizado ning\u00fan tipo de trabajo en el lugar.<!--more--><\/p>\n<p>Este viernes 23 finaliz\u00f3 el plazo de entrega de la obra, aunque la empresa -por contrato- tiene 90 d\u00edas m\u00e1s de pr\u00f3rroga, lo que significa que la nueva fecha de terminaci\u00f3n ser\u00eda alrededor del 20 de febrero. No obstante, pese a esta nueva fecha, desde el municipio se insisti\u00f3 oportunamente en que se abrir\u00eda el tr\u00e1nsito antes de fin de a\u00f1o, teniendo en cuenta el inicio de la temporada de verano.<\/p>\n<p>Cabe recordar que antes del anuncio de Scioli al Intendente, el administrador de Vialidad Provincial, Ricardo Curetti, reconoci\u00f3 que el Puente Colgante no ser\u00e1 habilitado al tr\u00e1nsito antes del inicio de la temporada veraniega y estim\u00f3 que \u201ctomar\u00e1 parte (del tramo estival) sin la obra finalizada\u201d.<\/p>\n<p>En la misma nota, aclaraba que los trabajos no estaban absolutamente paralizados, aunque admit\u00eda que la empresa adjudicataria hab\u00eda minimizado el ritmo de las tareas, como consecuencia de la deuda que mantiene la Provincia de Buenos Aires con la compa\u00f1\u00eda Cahem S.A.<\/p>\n<p>\u201cLa obra legalmente deber\u00eda estar finalizada para el 20 de febrero de 2013\u201d, dec\u00eda oportunamente el funcionario.<\/p>\n","protected":false},"excerpt":{"rendered":"<p>NECOCHEA &#8211; A diez d\u00edas del anuncio realizado por el gobernador Daniel Scioli al intendente Horacio Tellechea sobre la finalizaci\u00f3n de la obra del Puente Colgante antes de fin de a\u00f1o, no se registra avance alguno, ya que no se ha realizado ning\u00fan tipo de trabajo en el lugar.<\/p>\n","protected":false},"author":4,"featured_media":0,"comment_status":"open","ping_status":"open","sticky":false,"template":"","format":"standard","meta":{"_jetpack_newsletter_access":"","_jetpack_dont_email_post_to_subs":false,"_jetpack_newsletter_tier_id":0,"_jetpack_memberships_contains_paywalled_content":false,"_jetpack_memberships_contains_paid_content":false,"footnotes":""},"categories":[38],"tags":[],"class_list":["post-6468","post","type-post","status-publish","format-standard","hentry","category-locales"],"jetpack_featured_media_url":"","jetpack_shortlink":"https:\/\/wp.me\/p2JWE0-1Gk","jetpack-related-posts":[{"id":21217,"url":"https:\/\/www.24baires.com\/?p=21217","url_meta":{"origin":6468,"position":0},"title":"Necochea: incertidumbre sobre la finalizaci\u00f3n de las obras en el Puente Colgante","author":"AF","date":"17\/04\/2013","format":false,"excerpt":"Hay gran incertidumbre en torno a la continuidad de la obra del Puente Colgante \u201cHip\u00f3lito Yrigoyen\u201d, con las tareas complementarias que deben realizarse para culminar con el trabajo, que se puso en marcha en el mes de junio de 2011. En tanto el puente fue reabierto al tr\u00e1nsito, el \u00faltimo\u2026","rel":"","context":"En \u00abLocales\u00bb","block_context":{"text":"Locales","link":"https:\/\/www.24baires.com\/?cat=38"},"img":{"alt_text":"","src":"","width":0,"height":0},"classes":[]},{"id":4666,"url":"https:\/\/www.24baires.com\/?p=4666","url_meta":{"origin":6468,"position":1},"title":"Necochea: protesta por demoras en la obra del puente colgante","author":"AF","date":"07\/11\/2012","format":false,"excerpt":"Un reducido grupo de comerciantes y unos pocos vecinos de los lugares afectados de la avenida Benedicto Campos y de la calle 46, se congregaron ayer, en horas de la ma\u00f1ana, en el \u00fanico puente urbano que comunica a Necochea y a Quequ\u00e9n, para pedir por la aceleraci\u00f3n de las\u2026","rel":"","context":"En \u00abSociedad\u00bb","block_context":{"text":"Sociedad","link":"https:\/\/www.24baires.com\/?cat=1"},"img":{"alt_text":"","src":"https:\/\/i0.wp.com\/www.24baires.com\/wp-content\/uploads\/2012\/11\/protesta-puente-colgante-300x172.jpg?resize=350%2C200","width":350,"height":200},"classes":[]},{"id":4752,"url":"https:\/\/www.24baires.com\/?p=4752","url_meta":{"origin":6468,"position":2},"title":"Confirman que el Puente Colgante de Necochea no estar\u00e1 listo para esta temporada estival","author":"AF","date":"08\/11\/2012","format":false,"excerpt":"El administrador general de Vialidad Provincial, ingeniero Ricardo Curetti, reconoci\u00f3 que el Puente Colgante no ser\u00e1 habilitado al tr\u00e1nsito antes del inicio de la temporada veraniega y estim\u00f3 que \u201ctomar\u00e1 parte (del tramo estival) sin la obra finalizada\u201d. Si bien aclar\u00f3 que los trabajos no est\u00e1n absolutamente paralizados, admiti\u00f3 que\u2026","rel":"","context":"En \u00abLocales\u00bb","block_context":{"text":"Locales","link":"https:\/\/www.24baires.com\/?cat=38"},"img":{"alt_text":"","src":"https:\/\/i0.wp.com\/www.24baires.com\/wp-content\/uploads\/2012\/11\/colgante31-300x180.jpg?resize=350%2C200","width":350,"height":200},"classes":[]},{"id":4252,"url":"https:\/\/www.24baires.com\/?p=4252","url_meta":{"origin":6468,"position":3},"title":"Necochea: reclamar\u00e1n por la demora en la reparaci\u00f3n del Puente Colgante","author":"AF","date":"03\/11\/2012","format":false,"excerpt":"El pr\u00f3ximo martes habr\u00e1 una protesta de comerciantes y vecinos, quienes manifestar\u00e1n su disconformidad por la pronunciada demora en la ejecuci\u00f3n de las tareas de reparaci\u00f3n y remodelaci\u00f3n. Temen que la obra no est\u00e9 concluida para la temporada. La protesta se realizar\u00e1 a las 10 en el Puente Dardo Rocha,\u2026","rel":"","context":"En \u00abLocales\u00bb","block_context":{"text":"Locales","link":"https:\/\/www.24baires.com\/?cat=38"},"img":{"alt_text":"","src":"https:\/\/i0.wp.com\/www.24baires.com\/wp-content\/uploads\/2012\/11\/colgante2-300x186.jpg?resize=350%2C200","width":350,"height":200},"classes":[]},{"id":2691,"url":"https:\/\/www.24baires.com\/?p=2691","url_meta":{"origin":6468,"position":4},"title":"Comerciantes necochenses indignados por incumplimiento de obra del Puente Colgante","author":"AF","date":"20\/10\/2012","format":false,"excerpt":"La obra de remodelaci\u00f3n del Puente Colgante est\u00e1 casi paralizada y los comerciantes del sector comienzan nuevamente a movilizarse porque temen pasar otra temporada de verano con el puente cerrado al tr\u00e1nsito, por lo que esto significa en relaci\u00f3n a la ca\u00edda de las ventas. Presentaron una carta en el\u2026","rel":"","context":"En \u00abMunicipios\u00bb","block_context":{"text":"Municipios","link":"https:\/\/www.24baires.com\/?cat=44"},"img":{"alt_text":"","src":"https:\/\/i0.wp.com\/www.24baires.com\/wp-content\/uploads\/2012\/10\/colgante-300x169.jpg?resize=350%2C200","width":350,"height":200},"classes":[]},{"id":14591,"url":"https:\/\/www.24baires.com\/?p=14591","url_meta":{"origin":6468,"position":5},"title":"Scioli acompa\u00f1ar\u00e1 a Tellechea en la reinauguraci\u00f3n parcial del Puente Colgante","author":"AF","date":"04\/02\/2013","format":false,"excerpt":"NECOCHEA - El gobernador Daniel Scioli estar\u00e1 este lunes en Quequ\u00e9n, para la inauguraci\u00f3n de una parte de la obra del puente colgante de esa localidad, y all\u00ed compartir\u00e1 acto con el intendente Horacio Tellechea, quien a fines de esta semana podr\u00eda ser destituido por el Concejo Deliberante. De esta\u2026","rel":"","context":"En \u00abPol\u00edtica\u00bb","block_context":{"text":"Pol\u00edtica","link":"https:\/\/www.24baires.com\/?cat=51"},"img":{"alt_text":"","src":"","width":0,"height":0},"classes":[]}],"jetpack_sharing_enabled":true,"jetpack_likes_enabled":true,"_links":{"self":[{"href":"https:\/\/www.24baires.com\/index.php?rest_route=\/wp\/v2\/posts\/6468","targetHints":{"allow":["GET"]}}],"collection":[{"href":"https:\/\/www.24baires.com\/index.php?rest_route=\/wp\/v2\/posts"}],"about":[{"href":"https:\/\/www.24baires.com\/index.php?rest_route=\/wp\/v2\/types\/post"}],"author":[{"embeddable":true,"href":"https:\/\/www.24baires.com\/index.php?rest_route=\/wp\/v2\/users\/4"}],"replies":[{"embeddable":true,"href":"https:\/\/www.24baires.com\/index.php?rest_route=%2Fwp%2Fv2%2Fcomments&post=6468"}],"version-history":[{"count":1,"href":"https:\/\/www.24baires.com\/index.php?rest_route=\/wp\/v2\/posts\/6468\/revisions"}],"predecessor-version":[{"id":6469,"href":"https:\/\/www.24baires.com\/index.php?rest_route=\/wp\/v2\/posts\/6468\/revisions\/6469"}],"wp:attachment":[{"href":"https:\/\/www.24baires.com\/index.php?rest_route=%2Fwp%2Fv2%2Fmedia&parent=6468"}],"wp:term":[{"taxonomy":"category","embeddable":true,"href":"https:\/\/www.24baires.com\/index.php?rest_route=%2Fwp%2Fv2%2Fcategories&post=6468"},{"taxonomy":"post_tag","embeddable":true,"href":"https:\/\/www.24baires.com\/index.php?rest_route=%2Fwp%2Fv2%2Ftags&post=6468"}],"curies":[{"name":"wp","href":"https:\/\/api.w.org\/{rel}","templated":true}]}}