{"id":6466,"date":"2012-11-23T10:35:09","date_gmt":"2012-11-23T13:35:09","guid":{"rendered":"http:\/\/www.24baires.com\/?p=6466"},"modified":"2012-11-23T10:35:10","modified_gmt":"2012-11-23T13:35:10","slug":"continuan-instalando-camaras-de-seguridad-en-junin","status":"publish","type":"post","link":"https:\/\/www.24baires.com\/?p=6466","title":{"rendered":"Contin\u00faan instalando c\u00e1maras de seguridad en Jun\u00edn"},"content":{"rendered":"<p>El Gobierno de Jun\u00edn adquiri\u00f3 nuevas c\u00e1maras. Las mismas ampliar\u00e1n el anillo de seguridad que existe en la ciudad y se colocar\u00e1n la semana pr\u00f3xima.\u00a0Adem\u00e1s, para el 2013 \u00a0se adquirir\u00e1n m\u00e1s unidades para llegar a todos los barrios.<\/p>\n<p><!--more-->Sobre este tema, el Secretario de Seguridad Victor Knappe sostuvo que \u00aba trav\u00e9s de la programaci\u00f3n de nuestra secretar\u00eda, compramos m\u00e1s c\u00e1maras de seguridad y la semana pr\u00f3xima ser\u00e1n instaladas en diferentes puntos de la ciudad. El objetivo es ampliar el anillo de seguridad para estar en cada sector, para poder observar los puntos de conflictos que van variando a cada momento\u00bb.<\/p>\n<p>Adem\u00e1s, Knappe, agreg\u00f3 que \u00abesto permitir\u00e1 llegar a todos los barrios y hacer esta log\u00edstica para permitir que la polic\u00eda llegue a cada lugar de conflicto. La din\u00e1mica de seguridad es diaria, cambiante y hace que estas cuestiones vayan cambiando. Tratamos de analizar como va cambiando el delito para poder combartirlo ya que hoy es un lugar y a los pocos d\u00edas es otro\u00bb.<\/p>\n<p>\u00abPara el a\u00f1o pr\u00f3ximo vamos a incorporar nuevas c\u00e1maras ya que es una decisi\u00f3n que tom\u00f3 el Intendente Meoni de aumentar el presupuesto ya que es uno de los temas que preocupa a los vecinos. La idea es continuar ampliando el anillo de seguridad y con la colocaci\u00f3n del Cluster, nos permitir\u00e1 colocar c\u00e1maras de seguridad en aquellos sectores m\u00e1s alejados\u00bb, dijo Kanppe.<\/p>\n<p>Para finalizar, el Secretario de Seguridad manifest\u00f3 que \u00abtratamos de estar en contacto con el vecinos a trav\u00e9s de los foros de seguridad, realizando reuniones en las sociedades de fomento para conversar con el vecino y conocer como es el barrio y cuales pueden ser sus inconvenientes. Vamos a continuar trabajando ya que todos los actores estamos involucrados en este tema para poder tener una ciudad segura\u00bb.<\/p>\n<p>Nuevas c\u00e1maras que ser\u00e1n instaladas:<\/p>\n<p>&#8211; Av. Rivadavia y Padre Ghio<br \/>\n&#8211; Av. Rivadavia e Intendente de la Sota<br \/>\n&#8211; Av. Intendente de la Sota y Almirante Brown<br \/>\n&#8211; Av. San Mart\u00edn y Av. Rep\u00fablica<br \/>\n&#8211; Av. Rep\u00fablica y Av. Libertad<br \/>\n&#8211; Alvarez Rodr\u00edguez y Roque V\u00e1zquez<br \/>\n&#8211; Av. Primera Junta y Alvear<br \/>\n&#8211; Av. de Circunvalaci\u00f3n y Posadas<br \/>\n&#8211; Sarmiento y Newbery<br \/>\n&#8211; Av. Arias y Primera Junta<\/p>\n","protected":false},"excerpt":{"rendered":"<p>El Gobierno de Jun\u00edn adquiri\u00f3 nuevas c\u00e1maras. Las mismas ampliar\u00e1n el anillo de seguridad que existe en la ciudad y se colocar\u00e1n la semana pr\u00f3xima.\u00a0Adem\u00e1s, para el 2013 \u00a0se adquirir\u00e1n m\u00e1s unidades para llegar a todos los barrios.<\/p>\n","protected":false},"author":4,"featured_media":0,"comment_status":"open","ping_status":"open","sticky":false,"template":"","format":"standard","meta":{"_jetpack_newsletter_access":"","_jetpack_dont_email_post_to_subs":false,"_jetpack_newsletter_tier_id":0,"_jetpack_memberships_contains_paywalled_content":false,"_jetpack_memberships_contains_paid_content":false,"footnotes":""},"categories":[1],"tags":[],"class_list":["post-6466","post","type-post","status-publish","format-standard","hentry","category-sociedad"],"jetpack_featured_media_url":"","jetpack_shortlink":"https:\/\/wp.me\/p2JWE0-1Gi","jetpack-related-posts":[{"id":3598,"url":"https:\/\/www.24baires.com\/?p=3598","url_meta":{"origin":6466,"position":0},"title":"Jun\u00edn: instalar\u00e1n c\u00e1maras de seguridad para los campos","author":"AF","date":"28\/10\/2012","format":false,"excerpt":"El titular de la Sociedad Rural de Jun\u00edn Rodrigo Esponda, afirm\u00f3 que se har\u00e1 una prueba piloto en una zona que comprende la Laguna de G\u00f3mez hasta la ruta 65. La municipalidad de Jun\u00edn se har\u00e1 cargo de la log\u00edstica, monitoreo y parte t\u00e9cnica, y los productores costear\u00e1n las c\u00e1maras\u2026","rel":"","context":"En \u00abLocales\u00bb","block_context":{"text":"Locales","link":"https:\/\/www.24baires.com\/?cat=38"},"img":{"alt_text":"","src":"","width":0,"height":0},"classes":[]},{"id":45044,"url":"https:\/\/www.24baires.com\/?p=45044","url_meta":{"origin":6466,"position":1},"title":"\u00abJun\u00edn no es una ciudad con miedo\u00bb","author":"AF","date":"30\/04\/2014","format":false,"excerpt":"El Secretario de Seguridad de Junin, V\u00edctor Knappe, indic\u00f3 que luego del fallecimiento de Naira Cofreces que \u201cla sociedad de Jun\u00edn no est\u00e1 con miedo sino a la altura de lo que ocurre en la Provincia y en el pa\u00eds, hay cuestiones que preocupan pero estamos en una situaci\u00f3n cr\u00edtica\u2026","rel":"","context":"En \u00abLocales\u00bb","block_context":{"text":"Locales","link":"https:\/\/www.24baires.com\/?cat=38"},"img":{"alt_text":"knappe jun\u00edn","src":"https:\/\/i0.wp.com\/www.24baires.com\/wp-content\/uploads\/2014\/04\/knappe-jun%C3%ADn.jpg?resize=350%2C200","width":350,"height":200},"classes":[]},{"id":16303,"url":"https:\/\/www.24baires.com\/?p=16303","url_meta":{"origin":6466,"position":2},"title":"Jun\u00edn: el Intendente y el Fiscal coordinan trabajos en com\u00fan","author":"AF","date":"21\/02\/2013","format":false,"excerpt":"El jefe comunal de Jun\u00edn, Mario Meoni coordin\u00f3 junto al funcionario de la Justicia trabajos en com\u00fan y solicit\u00f3 mayor celeridad y respuestas en casos puntuales, como tambi\u00e9n se habl\u00f3 acerca de la seguridad del municipio de Jun\u00edn y la responsabilidad de las fiscal\u00edas. En representaci\u00f3n de los vecinos de\u2026","rel":"","context":"En \u00abLocales\u00bb","block_context":{"text":"Locales","link":"https:\/\/www.24baires.com\/?cat=38"},"img":{"alt_text":"meoni","src":"https:\/\/i0.wp.com\/www.24baires.com\/wp-content\/uploads\/2013\/02\/meoni.jpeg?resize=350%2C200","width":350,"height":200},"classes":[]},{"id":28294,"url":"https:\/\/www.24baires.com\/?p=28294","url_meta":{"origin":6466,"position":3},"title":"Preocupaci\u00f3n en Jun\u00edn por reiterados casos de acoso sexual cibern\u00e9tico a menores","author":"AF","date":"15\/07\/2013","format":false,"excerpt":"Afirman que afecta a ni\u00f1as que no llegan a los 13 a\u00f1os de edad. Varios hechos ya son investigados por la Justicia y se tiene la certeza de que muchos otros a\u00fan no fueron dados a conocer. Como si a la inseguridad no le sobraran variantes para sorprender y mortificar,\u2026","rel":"","context":"En \u00abLocales\u00bb","block_context":{"text":"Locales","link":"https:\/\/www.24baires.com\/?cat=38"},"img":{"alt_text":"","src":"","width":0,"height":0},"classes":[]},{"id":100079,"url":"https:\/\/www.24baires.com\/?p=100079","url_meta":{"origin":6466,"position":4},"title":"El Aer\u00f3dromo de Jun\u00edn tambi\u00e9n podr\u00eda ser utilizado para vuelos low cost","author":"GB","date":"22\/01\/2018","format":false,"excerpt":"En el marco del conflicto generado por la instalaci\u00f3n de un aeropuerto en El Palomar, ahora surgi\u00f3 la posibilidad de establecer otra estaci\u00f3n a\u00e9rea en la provincia de Buenos Aires. Al conflicto generado hace meses en El Palomar por la decisi\u00f3n del gobierno nacional de instalar un aeropuerto para el\u2026","rel":"","context":"En \u00abMunicipios\u00bb","block_context":{"text":"Municipios","link":"https:\/\/www.24baires.com\/?cat=44"},"img":{"alt_text":"","src":"","width":0,"height":0},"classes":[]},{"id":33837,"url":"https:\/\/www.24baires.com\/?p=33837","url_meta":{"origin":6466,"position":5},"title":"Jun\u00edn cuenta con un sistema de prevenci\u00f3n del delito en zonas rurales","author":"GB","date":"20\/10\/2013","format":false,"excerpt":"El jefe de la Patrulla Rural de Jun\u00edn, Sandro Merlo, hizo su diagn\u00f3stico del panorama que se vive en la zona campestre del distrito en materia de inseguridad y dijo que si bien se busca una mayor operatividad, \"bajaron las cifras de la inseguridad en los campos\". Reforzar\u00e1n la Patrulla\u2026","rel":"","context":"En \u00abLocales\u00bb","block_context":{"text":"Locales","link":"https:\/\/www.24baires.com\/?cat=38"},"img":{"alt_text":"","src":"","width":0,"height":0},"classes":[]}],"jetpack_sharing_enabled":true,"jetpack_likes_enabled":true,"_links":{"self":[{"href":"https:\/\/www.24baires.com\/index.php?rest_route=\/wp\/v2\/posts\/6466","targetHints":{"allow":["GET"]}}],"collection":[{"href":"https:\/\/www.24baires.com\/index.php?rest_route=\/wp\/v2\/posts"}],"about":[{"href":"https:\/\/www.24baires.com\/index.php?rest_route=\/wp\/v2\/types\/post"}],"author":[{"embeddable":true,"href":"https:\/\/www.24baires.com\/index.php?rest_route=\/wp\/v2\/users\/4"}],"replies":[{"embeddable":true,"href":"https:\/\/www.24baires.com\/index.php?rest_route=%2Fwp%2Fv2%2Fcomments&post=6466"}],"version-history":[{"count":1,"href":"https:\/\/www.24baires.com\/index.php?rest_route=\/wp\/v2\/posts\/6466\/revisions"}],"predecessor-version":[{"id":6467,"href":"https:\/\/www.24baires.com\/index.php?rest_route=\/wp\/v2\/posts\/6466\/revisions\/6467"}],"wp:attachment":[{"href":"https:\/\/www.24baires.com\/index.php?rest_route=%2Fwp%2Fv2%2Fmedia&parent=6466"}],"wp:term":[{"taxonomy":"category","embeddable":true,"href":"https:\/\/www.24baires.com\/index.php?rest_route=%2Fwp%2Fv2%2Fcategories&post=6466"},{"taxonomy":"post_tag","embeddable":true,"href":"https:\/\/www.24baires.com\/index.php?rest_route=%2Fwp%2Fv2%2Ftags&post=6466"}],"curies":[{"name":"wp","href":"https:\/\/api.w.org\/{rel}","templated":true}]}}