{"id":6461,"date":"2012-11-23T10:29:49","date_gmt":"2012-11-23T13:29:49","guid":{"rendered":"http:\/\/www.24baires.com\/?p=6461"},"modified":"2012-11-23T10:29:49","modified_gmt":"2012-11-23T13:29:49","slug":"seis-municipios-mas-firmaron-el-desendeudamiento-con-la-provincia","status":"publish","type":"post","link":"https:\/\/www.24baires.com\/?p=6461","title":{"rendered":"Seis municipios m\u00e1s firmaron el desendeudamiento con la Provincia"},"content":{"rendered":"<p><img data-recalc-dims=\"1\" loading=\"lazy\" decoding=\"async\" class=\"alignleft size-full wp-image-6462\" title=\"sal\u00f3n de acuerdos\" src=\"https:\/\/i0.wp.com\/www.24baires.com\/wp-content\/uploads\/2012\/11\/sal%C3%B3n-de-acuerdos.jpg?resize=213%2C138\" alt=\"\" width=\"213\" height=\"138\" \/>Los intendentes\u00a0<strong>Sandro Guzm\u00e1n\u00a0<\/strong>de<strong>\u00a0Escobar,\u00a0Carlos Urquiaga\u00a0<\/strong>de<strong>\u00a0Jos\u00e9 C.\u00a0 Paz, Ricardo Curutchet<\/strong>\u00a0de<strong>\u00a0Marcos Paz,\u00a0Mariano West\u00a0<\/strong>de<strong>\u00a0Moreno, Lucas Ghi<\/strong>\u00a0de<strong>\u00a0Mor\u00f3n\u00a0<\/strong>y\u00a0<strong>Luis Andreotti\u00a0<\/strong>de\u00a0<strong>San Fernando,\u00a0<\/strong>firmaron los convenios de desendeudamiento de sus distritos\u00a0que les permitir\u00e1 refinanciar la deuda con el Estado Provincial.<!--more--><\/p>\n<p>Los jefes comunales de los municipios de Escobar, Jos\u00e9 C. Paz, Marcos Paz, Moreno, Mor\u00f3n y San Fernando, junto al gobernador Daniel Scioli, firmaron los convenios de desendeudamiento de sus distritos.<br \/>\nDe esta forma, m\u00e1s de un centenar de comunas ya se adhirieron al Programa por un monto aproximado a los 600 millones de pesos, lo que les permitir\u00e1 refinanciar la deuda con el Estado Provincial.<br \/>\nDurante el acto que se llevo a cabo en el Sal\u00f3n de los Acuerdos en Casa de Gobierno, la ministra de Gobierno, Cristina \u00c1lvarez Rodr\u00edguez, se\u00f1al\u00f3 que \u201ctrabajamos sobre una pol\u00edtica permanente de ayuda a los municipios porque entendemos que son el primer mostrador institucional del Estado y que cumplen una funci\u00f3n central en la atenci\u00f3n de los vecinos y de las problem\u00e1ticas de todos los bonaerenses\u201d.<br \/>\nMientras que la ministra de Econom\u00eda, Silvina Batakis, indic\u00f3 que \u201crealmente es una propuesta muy importante en un a\u00f1o dif\u00edcil para los municipios, para la Provincia y para la Naci\u00f3n, en este marco de crisis internacional que estamos atravesando\u201d.<br \/>\nPor medio del convenio se prorroga por dos a\u00f1os el per\u00edodo de gracia, establecido mediante Decreto N\u00ba1316\/10, e incluye la posibilidad de reestructurar deuda existente al 31\/12\/2011, a una tasa del 6% nominal anual en pesos, comenzando a amortizar los servicios de la deuda a partir de enero de 2014.<\/p>\n","protected":false},"excerpt":{"rendered":"<p>Los intendentes\u00a0Sandro Guzm\u00e1n\u00a0de\u00a0Escobar,\u00a0Carlos Urquiaga\u00a0de\u00a0Jos\u00e9 C.\u00a0 Paz, Ricardo Curutchet\u00a0de\u00a0Marcos Paz,\u00a0Mariano West\u00a0de\u00a0Moreno, Lucas Ghi\u00a0de\u00a0Mor\u00f3n\u00a0y\u00a0Luis Andreotti\u00a0de\u00a0San Fernando,\u00a0firmaron los convenios de desendeudamiento de sus distritos\u00a0que les permitir\u00e1 refinanciar la deuda con el Estado Provincial.<\/p>\n","protected":false},"author":4,"featured_media":0,"comment_status":"open","ping_status":"open","sticky":false,"template":"","format":"standard","meta":{"_jetpack_newsletter_access":"","_jetpack_dont_email_post_to_subs":false,"_jetpack_newsletter_tier_id":0,"_jetpack_memberships_contains_paywalled_content":false,"_jetpack_memberships_contains_paid_content":false,"footnotes":""},"categories":[45],"tags":[],"class_list":["post-6461","post","type-post","status-publish","format-standard","hentry","category-economia"],"jetpack_featured_media_url":"","jetpack_shortlink":"https:\/\/wp.me\/p2JWE0-1Gd","jetpack-related-posts":[{"id":4901,"url":"https:\/\/www.24baires.com\/?p=4901","url_meta":{"origin":6461,"position":0},"title":"General Pueyrred\u00f3n se adhiere al programa de desendeudamiento con la Provincia","author":"AF","date":"10\/11\/2012","format":false,"excerpt":"Gustavo Pulti, jefe comunal del municipio de General Pueyrred\u00f3n, busca refinanciar la deuda de casi 83 millones de pesos que tiene con el gobierno de la provincia de Buenos Aires. El intendente de General Puyrred\u00f3n Gustavo Pulti, elev\u00f3 al Concejo Deliberante un proyecto de ordenanza para adherir al Programa Provincial\u2026","rel":"","context":"En \u00abEconom\u00eda\u00bb","block_context":{"text":"Econom\u00eda","link":"https:\/\/www.24baires.com\/?cat=45"},"img":{"alt_text":"","src":"https:\/\/i0.wp.com\/www.24baires.com\/wp-content\/uploads\/2012\/11\/Pulti.jpg?resize=350%2C200","width":350,"height":200},"classes":[]},{"id":60944,"url":"https:\/\/www.24baires.com\/?p=60944","url_meta":{"origin":6461,"position":1},"title":"Cristina se reunir\u00e1 el viernes con gobernadores para refinanciar deudas provinciales","author":"GB","date":"29\/01\/2015","format":false,"excerpt":"Cristina Fern\u00e1ndez de Kirchner, junto a diecisiete mandatarios provinciales, encabezar\u00e1 ma\u00f1ana al mediod\u00eda un acto en Casa de Gobierno en el que se firmar\u00e1 el convenio que volver\u00e1 a prorrogar las deudas provinciales con la Naci\u00f3n por un plazo de tres meses. El beneficio, que se enmarca en el Programa\u2026","rel":"","context":"En \u00abPol\u00edtica\u00bb","block_context":{"text":"Pol\u00edtica","link":"https:\/\/www.24baires.com\/?cat=51"},"img":{"alt_text":"cristina duelo","src":"https:\/\/i0.wp.com\/www.24baires.com\/wp-content\/uploads\/2015\/01\/cristina-duelo.jpg?resize=350%2C200","width":350,"height":200,"srcset":"https:\/\/i0.wp.com\/www.24baires.com\/wp-content\/uploads\/2015\/01\/cristina-duelo.jpg?resize=350%2C200 1x, https:\/\/i0.wp.com\/www.24baires.com\/wp-content\/uploads\/2015\/01\/cristina-duelo.jpg?resize=525%2C300 1.5x"},"classes":[]},{"id":116558,"url":"https:\/\/www.24baires.com\/?p=116558","url_meta":{"origin":6461,"position":2},"title":"Provincia firm\u00f3 convenios para 71 obras de infraestructura en 44 municipios bonaerenses","author":"GB","date":"28\/10\/2020","format":false,"excerpt":"El gobernador suscribi\u00f3 convenios con una inversi\u00f3n total de m\u00e1s de 352 millones de pesos correspondientes al Fondo de Infraestructura Municipal El gobernador de la provincia de Buenos Aires, Axel Kicillof, suscribi\u00f3 esta tarde convenios para desarrollar 71 obras de infraestructura en 44 municipios, con una inversi\u00f3n total de m\u00e1s\u2026","rel":"","context":"En \u00abProvincia\u00bb","block_context":{"text":"Provincia","link":"https:\/\/www.24baires.com\/?cat=40"},"img":{"alt_text":"","src":"https:\/\/i0.wp.com\/www.24baires.com\/wp-content\/uploads\/2020\/10\/20201027193503_2020-10-27-ak-videoconferencia-fim-016.jpg?resize=350%2C200","width":350,"height":200,"srcset":"https:\/\/i0.wp.com\/www.24baires.com\/wp-content\/uploads\/2020\/10\/20201027193503_2020-10-27-ak-videoconferencia-fim-016.jpg?resize=350%2C200 1x, https:\/\/i0.wp.com\/www.24baires.com\/wp-content\/uploads\/2020\/10\/20201027193503_2020-10-27-ak-videoconferencia-fim-016.jpg?resize=525%2C300 1.5x"},"classes":[]},{"id":65775,"url":"https:\/\/www.24baires.com\/?p=65775","url_meta":{"origin":6461,"position":3},"title":"Cristina: \u00abSi alguien tiene una receta mejor que la explique bien\u00bb","author":"AF","date":"12\/05\/2015","format":false,"excerpt":"La Presidenta habl\u00f3 en Casa de Gobierno en un acto en el que encabez\u00f3 distintas inauguraciones en Salta, Formosa y la provincia de Buenos Aires y en el que se firm\u00f3 con 17 provincias una nueva pr\u00f3rroga del plan de refinanciamiento de deudas. La presidenta Cristina Fern\u00e1ndez de Kirchner encabez\u00f3\u2026","rel":"","context":"En \u00abPol\u00edtica\u00bb","block_context":{"text":"Pol\u00edtica","link":"https:\/\/www.24baires.com\/?cat=51"},"img":{"alt_text":"cristina","src":"https:\/\/i0.wp.com\/www.24baires.com\/wp-content\/uploads\/2015\/04\/cristina.jpg?resize=350%2C200","width":350,"height":200,"srcset":"https:\/\/i0.wp.com\/www.24baires.com\/wp-content\/uploads\/2015\/04\/cristina.jpg?resize=350%2C200 1x, https:\/\/i0.wp.com\/www.24baires.com\/wp-content\/uploads\/2015\/04\/cristina.jpg?resize=525%2C300 1.5x"},"classes":[]},{"id":115678,"url":"https:\/\/www.24baires.com\/?p=115678","url_meta":{"origin":6461,"position":4},"title":"Comienza una nueva etapa de la cuarentena para los bonaerenses","author":"GB","date":"20\/07\/2020","format":false,"excerpt":"Del total de los 135 municipios que tiene la provincia, 59 est\u00e1n en la fase 5 del aislamiento, con la mayor\u00eda de sus actividades habilitadas, mientras que las 38 ciudades que integran el AMBA y se encuentran en la fase 3 inician hoy una flexibilizaci\u00f3n escalonada. Un total de 59\u2026","rel":"","context":"En \u00abProvincia\u00bb","block_context":{"text":"Provincia","link":"https:\/\/www.24baires.com\/?cat=40"},"img":{"alt_text":"","src":"https:\/\/i0.wp.com\/www.24baires.com\/wp-content\/uploads\/2020\/05\/cuarentena.jpeg?resize=350%2C200","width":350,"height":200,"srcset":"https:\/\/i0.wp.com\/www.24baires.com\/wp-content\/uploads\/2020\/05\/cuarentena.jpeg?resize=350%2C200 1x, https:\/\/i0.wp.com\/www.24baires.com\/wp-content\/uploads\/2020\/05\/cuarentena.jpeg?resize=525%2C300 1.5x"},"classes":[]},{"id":24713,"url":"https:\/\/www.24baires.com\/?p=24713","url_meta":{"origin":6461,"position":5},"title":"Randazzo se reuni\u00f3 con Intendentes bonaerenses por obras ferroviarias","author":"AF","date":"30\/05\/2013","format":false,"excerpt":"El ministro de Interior y Transporte, Florencio Randazzo, recibi\u00f3 a 16 intendentes del conurbano bonaerense con los que firm\u00f3 acuerdos para avanzar en la construcci\u00f3n de 44 nuevos Pasos Bajo y Sobre Nivel en los municipios que son atravesados por las l\u00edneas de ferrocarril del \u00e1rea metropolitana. En declaraciones a\u2026","rel":"","context":"En \u00abMunicipios\u00bb","block_context":{"text":"Municipios","link":"https:\/\/www.24baires.com\/?cat=44"},"img":{"alt_text":"randazzo intendentes","src":"https:\/\/i0.wp.com\/www.24baires.com\/wp-content\/uploads\/2013\/05\/randazzo-intendentes.jpg?resize=350%2C200","width":350,"height":200,"srcset":"https:\/\/i0.wp.com\/www.24baires.com\/wp-content\/uploads\/2013\/05\/randazzo-intendentes.jpg?resize=350%2C200 1x, https:\/\/i0.wp.com\/www.24baires.com\/wp-content\/uploads\/2013\/05\/randazzo-intendentes.jpg?resize=525%2C300 1.5x"},"classes":[]}],"jetpack_sharing_enabled":true,"jetpack_likes_enabled":true,"_links":{"self":[{"href":"https:\/\/www.24baires.com\/index.php?rest_route=\/wp\/v2\/posts\/6461","targetHints":{"allow":["GET"]}}],"collection":[{"href":"https:\/\/www.24baires.com\/index.php?rest_route=\/wp\/v2\/posts"}],"about":[{"href":"https:\/\/www.24baires.com\/index.php?rest_route=\/wp\/v2\/types\/post"}],"author":[{"embeddable":true,"href":"https:\/\/www.24baires.com\/index.php?rest_route=\/wp\/v2\/users\/4"}],"replies":[{"embeddable":true,"href":"https:\/\/www.24baires.com\/index.php?rest_route=%2Fwp%2Fv2%2Fcomments&post=6461"}],"version-history":[{"count":3,"href":"https:\/\/www.24baires.com\/index.php?rest_route=\/wp\/v2\/posts\/6461\/revisions"}],"predecessor-version":[{"id":6465,"href":"https:\/\/www.24baires.com\/index.php?rest_route=\/wp\/v2\/posts\/6461\/revisions\/6465"}],"wp:attachment":[{"href":"https:\/\/www.24baires.com\/index.php?rest_route=%2Fwp%2Fv2%2Fmedia&parent=6461"}],"wp:term":[{"taxonomy":"category","embeddable":true,"href":"https:\/\/www.24baires.com\/index.php?rest_route=%2Fwp%2Fv2%2Fcategories&post=6461"},{"taxonomy":"post_tag","embeddable":true,"href":"https:\/\/www.24baires.com\/index.php?rest_route=%2Fwp%2Fv2%2Ftags&post=6461"}],"curies":[{"name":"wp","href":"https:\/\/api.w.org\/{rel}","templated":true}]}}