{"id":6449,"date":"2012-11-22T21:02:20","date_gmt":"2012-11-23T00:02:20","guid":{"rendered":"http:\/\/www.24baires.com\/?p=6449"},"modified":"2012-11-23T17:43:15","modified_gmt":"2012-11-23T20:43:15","slug":"cristina-encabeza-la-apertura-del-ii-encuentro-de-comunicacion-audiovisual","status":"publish","type":"post","link":"https:\/\/www.24baires.com\/?p=6449","title":{"rendered":"Cristina encabeza la apertura del II Encuentro de Comunicaci\u00f3n Audiovisual"},"content":{"rendered":"<p><img data-recalc-dims=\"1\" loading=\"lazy\" decoding=\"async\" class=\"aligncenter size-full wp-image-6450\" title=\"cristina  eca\" src=\"https:\/\/i0.wp.com\/www.24baires.com\/wp-content\/uploads\/2012\/11\/cristina-eca.png?resize=560%2C363\" alt=\"\" width=\"560\" height=\"363\" srcset=\"https:\/\/i0.wp.com\/www.24baires.com\/wp-content\/uploads\/2012\/11\/cristina-eca.png?w=560&amp;ssl=1 560w, https:\/\/i0.wp.com\/www.24baires.com\/wp-content\/uploads\/2012\/11\/cristina-eca.png?resize=300%2C194&amp;ssl=1 300w\" sizes=\"auto, (max-width: 560px) 100vw, 560px\" \/><br \/>\n<strong>MAR DEL PLATA &#8211;<\/strong> La presidenta Cristina Fern\u00e1ndez de Kirchner encabezar\u00e1 la apertura del Segundo Encuentro de Comunicaci\u00f3n Audiovisual este viernes a las 12 en un acto en el Sal\u00f3n de las Am\u00e9ricas del Hotel Provincial de Mar del Plata. La actividad ser\u00e1 el inicio de dos d\u00edas de debate sobre el cambio cultural que se est\u00e1 produciendo a partir de la sanci\u00f3n de la ley de medios. Participar\u00e1n funcionarios del gobierno nacional, canales de televisi\u00f3n privados, p\u00fablicos y cooperativos, productoras, realizadores, sindicatos y diferentes actores ligados a los medios de comunicaci\u00f3n audiovisual.<!--more--><\/p>\n<p>\u00abEl Encuentro de Comunicaci\u00f3n Audiovisual nace de la inquietud de fomentar la participaci\u00f3n de la gente en los festivales de cine porque sino se transforman en meras muestras de alg\u00fan tipo de cine y nos quedan vac\u00edos de contenidos\u00bb, explic\u00f3 la presidenta del Instituto Nacional de Cine y Artes Audiovisuales, Liliana Mazure, quien remarc\u00f3: \u00abEste a\u00f1o tiene la particularidad que estamos a pocos d\u00edas del 7 de diciembre que es el momento en que el monopolio debe adecuarse a la Ley de Servicios de Comunicaci\u00f3n Audiovisual, como ya empezaron a hacer todos los otros sectores, nosotros tambi\u00e9n, porque antes foment\u00e1bamos s\u00f3lo producci\u00f3n cinematogr\u00e1fica y ahora tambi\u00e9n, producci\u00f3n televisiva\u00bb.<\/p>\n<p>Tras la apertura del ECA por parte de la Presidenta, el jefe de Gabinete de la Naci\u00f3n, Juan Manuel Abal Medina, y el ministro de Planificaci\u00f3n Federal, Julio De Vido, participar\u00e1n de la mesa de apertura, \u00abConquistas y Desaf\u00edos de la Aplicaci\u00f3n de la Ley de Servicios de Comunicaci\u00f3n Audiovisual\u00bb, que se har\u00e1 en el Teatro Provincial.<\/p>\n<p>Inmediatamente despu\u00e9s en el mismo escenario, disertar\u00e1n sobre \u00abEl Nuevo Mapa del Sector Audiovisual y las Pol\u00edticas P\u00fablicas Audiovisuales\u00bb el profesor de la Universidad de Paris 8 \u2013 Vincennes y director del Centro de Estudios sobre los Medios de Comunicaci\u00f3n, la Tecnolog\u00eda y la Internacionalizaci\u00f3n, Francia, Jacques Guyot; la decana de la Facultad de Periodismo y Ciencias de la Comunicaci\u00f3n de la Universidad Nacional de La Plata, Florencia Saintout; el presidente del Consejo Asesor del Sistema Argentino de TV Digital Abierta, Luis Vitullo; y el profesor del la Universidad Nacional de Quilmes Cristian Jure, con la moderaci\u00f3n de Andrea Conde, de la Direcci\u00f3n de Proyectos Especiales, AFSCA.<br \/>\nDurante todo el viernes, debatir\u00e1n en mesas por sector los realizadores federales, productores de cine y televisi\u00f3n, los responsables de canales, los sindicalistas del sector, polos audiovisuales, los investigadores universitarios, actores y los equipos de comunicaci\u00f3n de organizaciones sociales y pol\u00edticas. \u00abEl segundo d\u00eda los reuniremos por regi\u00f3n, NEA, NOA, Cuyo, Patagonia, centronorte, centro metropolitano, para que cada sector aporte en su territorio al debate sobre c\u00f3mo construimos este nuevo escenario audiovisual\u00bb, detall\u00f3 la vicepresidenta del INCAA, Lucrecia Cardoso.<\/p>\n<p>En encuentros preparatorios, este jueves a las 18 en la Sala Plaza se realizar\u00e1 la presentaci\u00f3n del libro \u00abConstruyendo Historias: ver para creer en la Televisi\u00f3n\u00bb, realizado por el Observatorio del Sector Audiovisual de la Rep\u00fablica Argentina, que integran las universidades UNQui (Universidad Nacional de Quilmes), UNAJ (Universidad Nacional Arturo Jauretche, de Florencio Varela), UNLA (Universidad Nacional de Lan\u00fas) y la UNLP (Universidad Nacional de La Plata), entre otros sectores.<\/p>\n<p>En ese sentido, la presidenta del INCAA habl\u00f3 de sobre la importancia de la investigaci\u00f3n sobre los cambios que se est\u00e1n produciendo, pero tambi\u00e9n las modificaciones en las pantallas en s\u00ed, como las que se producen en los canales que antes eran meras repetidoras de se\u00f1ales porte\u00f1as y hoy producen contenidos en sus territorios. \u00abLa Ley de Servicios de Comunicaci\u00f3n Audiovisual ha sido extraordinaria, ha venido a sumar y ha tra\u00eddo m\u00e1s producci\u00f3n, m\u00e1s voces, m\u00e1s expresiones y m\u00e1s pantallas. Vamos a hablar fundamentalmente de este tema porque tarde o temprano este cambio cultural que se est\u00e1 produciendo en el pa\u00eds a partir de la ley va a ser pleno\u00bb, dijo Mazure.<\/p>\n<p>En la misma l\u00ednea, Cardoso aport\u00f3: \u00abEste encuentro surge como un emergente de la Ley de Servicios de Comunicaci\u00f3n Audiovisual, que supone la federalizaci\u00f3n de la generaci\u00f3n de contenidos, de las pantallas, la posibilidad de reflejar la diversidad de im\u00e1genes, identidades y voces que tiene nuestro pa\u00eds. Y para esto tenemos que organizarnos entre los canales, las productoras, los gremios, las organizaciones, este es el sentido de este encuentro\u00bb, insisti\u00f3 la vicepresidenta del INCAA.<\/p>\n<p>Por otra parte, el s\u00e1bado las exposiciones comenzar\u00e1n temprano, a las 9, con panel \u00abTelevisi\u00f3n Cultural, Educativa y Regional, con Producci\u00f3n Federal\u00bb, a cargo del ministro de Educaci\u00f3n, Alberto Sileoni; de Federico Scigliano, de Encuentro; la directora de Paka Paka, J\u00e9sica Tritten; el director del Canal 3 de La Pampa, Daniel Wilberger; Fabi\u00e1n Blanco, de Igualdad Cultural &#8211; CEPIA; y Paola Suarez, de C\u00f3rdoba Produce; con la coordinaci\u00f3n de Alejandra Zapata, Consejo Asesor del SATVDT.<\/p>\n<p>Continuar\u00e1 a las 10:30, tambi\u00e9n en el Teatro Provincial, con la mesa \u00abDesarrollo de las Industrias Culturales Audiovisuales\u00bb, con Gast\u00f3n Portal \u2013 GP Producciones; Juan Pablo Gugliotta \/ Sebasti\u00e1n Mignona; Claudio Villarruel \/ Bernarda Llorente &#8211; On TV; Horacio Arreceygor \u2013 COSITMECOS\/SATSAID; y Jerry Z\u00f3tola, secretario general SICA, con la moderaci\u00f3n de la vicepresidenta del INCAA, Lucrecia Cardoso. Y a las 12, con la coordinaci\u00f3n del subsecretario de Comunicaci\u00f3n P\u00fablica, Gustavo Russo, el presidente de Radio y Televisi\u00f3n Argentina, Trist\u00e1n Bauer, representantes de Telef\u00e9, Canal 9, Am\u00e9rica, Canal 12 de Misiones, del coordinador general de Usina de Medios, Nahum Mirad, y de Ricardo Nosiglia, presidente de ATA, se dar\u00e1 el debate \u00abLas Audiencias, los Auspiciantes y los Contenidos en la Grilla de los Canales de TV\u00bb.<\/p>\n<p>Despu\u00e9s del almuerzo, el s\u00e1bado a las 17 se har\u00e1 la mesa plenaria de conclusiones generales donde se consensuar\u00e1 el documento final. Y a las 18, el cierre del Segundo Encuentro de Comunicaci\u00f3n Audiovisual estar\u00e1 a cargo de Lino Bara\u00f1ao, ministro de Ciencia, Tecnolog\u00eda e Innovaci\u00f3n Productiva; Alfredo Scoccimarro, secretario de Comunicaci\u00f3n P\u00fablica; Liliana Mazure, presidenta INCAA; y Ceferino Namuncur\u00e1, Comisi\u00f3n Nacional de Comunicaciones.<\/p>\n","protected":false},"excerpt":{"rendered":"<p>MAR DEL PLATA &#8211; La presidenta Cristina Fern\u00e1ndez de Kirchner encabezar\u00e1 la apertura del Segundo Encuentro de Comunicaci\u00f3n Audiovisual este viernes a las 12 en un acto en el Sal\u00f3n de las Am\u00e9ricas del Hotel Provincial de Mar del Plata. La actividad ser\u00e1 el inicio de dos d\u00edas de debate sobre el cambio cultural que se est\u00e1 produciendo a partir [&#8230;]<\/p>\n","protected":false},"author":11,"featured_media":0,"comment_status":"open","ping_status":"open","sticky":false,"template":"","format":"standard","meta":{"_jetpack_newsletter_access":"","_jetpack_dont_email_post_to_subs":false,"_jetpack_newsletter_tier_id":0,"_jetpack_memberships_contains_paywalled_content":false,"_jetpack_memberships_contains_paid_content":false,"footnotes":""},"categories":[54],"tags":[],"class_list":["post-6449","post","type-post","status-publish","format-standard","hentry","category-medios"],"jetpack_featured_media_url":"","jetpack_shortlink":"https:\/\/wp.me\/p2JWE0-1G1","jetpack-related-posts":[{"id":35504,"url":"https:\/\/www.24baires.com\/?p=35504","url_meta":{"origin":6449,"position":0},"title":"Comienza en Mar del Plata el 3\u00ba Encuentro de Comunicaci\u00f3n Audiovisual","author":"AF","date":"21\/11\/2013","format":false,"excerpt":"El ministro de Planificaci\u00f3n Federal, Julio de Vido, encabezar\u00e1 en el Teatro del Hotel Provincial, la apertura del 3\u00ba Encuentro de Comunicaci\u00f3n Audiovisual, que se extender\u00e1 hasta el s\u00e1bado con la participaci\u00f3n de representantes del Estado y de la industria para debatir la circulaci\u00f3n de contenidos. La mesa de apertura\u2026","rel":"","context":"En \u00abMedios\u00bb","block_context":{"text":"Medios","link":"https:\/\/www.24baires.com\/?cat=54"},"img":{"alt_text":"eca","src":"https:\/\/i0.wp.com\/www.24baires.com\/wp-content\/uploads\/2013\/11\/eca.jpg?resize=350%2C200","width":350,"height":200},"classes":[]},{"id":6526,"url":"https:\/\/www.24baires.com\/?p=6526","url_meta":{"origin":6449,"position":1},"title":"Cristina en el ECA: \u00abLa cultura s\u00f3lo florece en un clima de libertad y de inclusi\u00f3n social\u00bb","author":"AF","date":"23\/11\/2012","format":false,"excerpt":"MAR DEL PLATA - La presidenta Cristina Fern\u00e1ndez de Kirchner encabez\u00f3 en el Hotel Provincial la ceremonia de apertura del II Encuentro de Comunicaci\u00f3n Audiovisual (ECA). Adem\u00e1s, la Presidenta indic\u00f3 que \"este extraordinario momento de la comunicaci\u00f3n audiovisual se produce por el clima de libertad e inclusi\u00f3n social que vive\u2026","rel":"","context":"En \u00abSociedad\u00bb","block_context":{"text":"Sociedad","link":"https:\/\/www.24baires.com\/?cat=1"},"img":{"alt_text":"","src":"https:\/\/i0.wp.com\/www.24baires.com\/wp-content\/uploads\/2012\/11\/fern%C3%A1ndez-ECA.jpg?resize=350%2C200","width":350,"height":200,"srcset":"https:\/\/i0.wp.com\/www.24baires.com\/wp-content\/uploads\/2012\/11\/fern%C3%A1ndez-ECA.jpg?resize=350%2C200 1x, https:\/\/i0.wp.com\/www.24baires.com\/wp-content\/uploads\/2012\/11\/fern%C3%A1ndez-ECA.jpg?resize=525%2C300 1.5x"},"classes":[]},{"id":35656,"url":"https:\/\/www.24baires.com\/?p=35656","url_meta":{"origin":6449,"position":2},"title":"Sin nombrarlo, Sabbatella &#8216;le peg\u00f3&#8217; a Magnetto","author":"Grupo Sierra","date":"23\/11\/2013","format":false,"excerpt":"El titular de la Autoridad Federal de Servicios de Comunicaci\u00f3n Audiovisual (Afsca), Mart\u00edn Sabbatella, destac\u00f3 en Mar del Plata que \"quienes dec\u00edan que ser presidente (por H\u00e9ctor Magnetto) era una `cargo menor\u00b4 tuvieron que presentar su plan de adecuaci\u00f3n\" a la Ley de Medios. El presidente de la Afsca encabez\u00f3\u2026","rel":"","context":"En \u00abMedios\u00bb","block_context":{"text":"Medios","link":"https:\/\/www.24baires.com\/?cat=54"},"img":{"alt_text":"","src":"","width":0,"height":0},"classes":[]},{"id":6315,"url":"https:\/\/www.24baires.com\/?p=6315","url_meta":{"origin":6449,"position":3},"title":"Foro de Medios en Mar del Plata dentro del marco del Festival de Cine","author":"AF","date":"21\/11\/2012","format":false,"excerpt":"Este jueves 22 se realizar\u00e1 en Mar del Plata un Foro Popular y Abierto por la plena aplicaci\u00f3n de la Ley de Medios, bajo el lema \"El 7D todos dentro de la Ley\".\u00a0 Organizado por ARBIA, IMFC, Red PAR, AraMdP y FecoopTV, el foro se desarrollar\u00e1 en las instalaciones del\u2026","rel":"","context":"En \u00abMedios\u00bb","block_context":{"text":"Medios","link":"https:\/\/www.24baires.com\/?cat=54"},"img":{"alt_text":"","src":"","width":0,"height":0},"classes":[]},{"id":49677,"url":"https:\/\/www.24baires.com\/?p=49677","url_meta":{"origin":6449,"position":4},"title":"Realizar\u00e1n en Mar del Plata el 2\u00ba encuentro de productoras audiovisuales comunitarias","author":"AF","date":"11\/07\/2014","format":false,"excerpt":"Mediante un comunicado se dio a conocer que la jornada dar\u00e1 comienzo el 19 de julio a las 9 y contar\u00e1 con talleres de capacitaci\u00f3n brindados por docentes de la Escuela Nacional de Experimentaci\u00f3n y Realizaci\u00f3n (Enerc) del Instituto Nacional de Cine y Artes Audiovisuales (Incaa). Esta nueva reuni\u00f3n de\u2026","rel":"","context":"En \u00abSociedad\u00bb","block_context":{"text":"Sociedad","link":"https:\/\/www.24baires.com\/?cat=1"},"img":{"alt_text":"AFSCA","src":"https:\/\/i0.wp.com\/www.24baires.com\/wp-content\/uploads\/2012\/11\/AFSCA.jpg?resize=350%2C200","width":350,"height":200},"classes":[]},{"id":50072,"url":"https:\/\/www.24baires.com\/?p=50072","url_meta":{"origin":6449,"position":5},"title":"Se realizar\u00e1 en Mar del Plata el Segundo encuentro regional de Productoras Comunitarias","author":"GB","date":"17\/07\/2014","format":false,"excerpt":"La Asociaci\u00f3n de Radios Bonaerenses y del Interior Argentino (Arbia), organiza este s\u00e1bado en Mar del Plata, su segundo Encuentro Regional de Productoras Audiovisuales Comunitarias nucleadas en esta entidad. El encuentro es organizado por la delegaci\u00f3n marplatense de la Autoridad Federal de Servicios de Comunicaci\u00f3n Audiovisual (Afsca) y la entidad\u2026","rel":"","context":"En \u00abMunicipios\u00bb","block_context":{"text":"Municipios","link":"https:\/\/www.24baires.com\/?cat=44"},"img":{"alt_text":"arbia mdp","src":"https:\/\/i0.wp.com\/www.24baires.com\/wp-content\/uploads\/2014\/07\/arbia-mdp.jpg?resize=350%2C200","width":350,"height":200,"srcset":"https:\/\/i0.wp.com\/www.24baires.com\/wp-content\/uploads\/2014\/07\/arbia-mdp.jpg?resize=350%2C200 1x, https:\/\/i0.wp.com\/www.24baires.com\/wp-content\/uploads\/2014\/07\/arbia-mdp.jpg?resize=525%2C300 1.5x"},"classes":[]}],"jetpack_sharing_enabled":true,"jetpack_likes_enabled":true,"_links":{"self":[{"href":"https:\/\/www.24baires.com\/index.php?rest_route=\/wp\/v2\/posts\/6449","targetHints":{"allow":["GET"]}}],"collection":[{"href":"https:\/\/www.24baires.com\/index.php?rest_route=\/wp\/v2\/posts"}],"about":[{"href":"https:\/\/www.24baires.com\/index.php?rest_route=\/wp\/v2\/types\/post"}],"author":[{"embeddable":true,"href":"https:\/\/www.24baires.com\/index.php?rest_route=\/wp\/v2\/users\/11"}],"replies":[{"embeddable":true,"href":"https:\/\/www.24baires.com\/index.php?rest_route=%2Fwp%2Fv2%2Fcomments&post=6449"}],"version-history":[{"count":3,"href":"https:\/\/www.24baires.com\/index.php?rest_route=\/wp\/v2\/posts\/6449\/revisions"}],"predecessor-version":[{"id":6530,"href":"https:\/\/www.24baires.com\/index.php?rest_route=\/wp\/v2\/posts\/6449\/revisions\/6530"}],"wp:attachment":[{"href":"https:\/\/www.24baires.com\/index.php?rest_route=%2Fwp%2Fv2%2Fmedia&parent=6449"}],"wp:term":[{"taxonomy":"category","embeddable":true,"href":"https:\/\/www.24baires.com\/index.php?rest_route=%2Fwp%2Fv2%2Fcategories&post=6449"},{"taxonomy":"post_tag","embeddable":true,"href":"https:\/\/www.24baires.com\/index.php?rest_route=%2Fwp%2Fv2%2Ftags&post=6449"}],"curies":[{"name":"wp","href":"https:\/\/api.w.org\/{rel}","templated":true}]}}