{"id":64453,"date":"2015-04-18T16:20:06","date_gmt":"2015-04-18T19:20:06","guid":{"rendered":"http:\/\/www.24baires.com\/?p=64453"},"modified":"2015-04-18T16:04:48","modified_gmt":"2015-04-18T19:04:48","slug":"censura-y-violencia-en-dos-intentos-de-silenciar-a-periodistas","status":"publish","type":"post","link":"https:\/\/www.24baires.com\/?p=64453","title":{"rendered":"Censura y violencia en dos intentos de silenciar a periodistas"},"content":{"rendered":"<p><img data-recalc-dims=\"1\" loading=\"lazy\" decoding=\"async\" class=\"aligncenter size-full wp-image-64343\" src=\"https:\/\/i0.wp.com\/www.24baires.com\/wp-content\/uploads\/2015\/04\/VICTOR-HUGO-MORALES.jpg?resize=560%2C372\" alt=\"VICTOR HUGO MORALES\" width=\"560\" height=\"372\" srcset=\"https:\/\/i0.wp.com\/www.24baires.com\/wp-content\/uploads\/2015\/04\/VICTOR-HUGO-MORALES.jpg?w=560&amp;ssl=1 560w, https:\/\/i0.wp.com\/www.24baires.com\/wp-content\/uploads\/2015\/04\/VICTOR-HUGO-MORALES.jpg?resize=300%2C199&amp;ssl=1 300w\" sizes=\"auto, (max-width: 560px) 100vw, 560px\" \/>Esta semana fuimos testigos de dos hechos de censura a la prensa. En un pa\u00eds donde cada medio de comunicaci\u00f3n en general y cada periodista en particular, puede decir cualquier cosa, esto sorprende y resulta como m\u00ednimo inaceptable.<!--more--><\/p>\n<p>Porque cuando decimos que pueden decir \u201ccualquier cosa\u201d, es as\u00ed, literalmente: desde insultar a la Presidenta de la Naci\u00f3n hasta inventar disparates que poco y nada tienen que ver con la realidad. Y no pretendo que discutamos aqu\u00ed si deben o no deben hacerlo, porque estas l\u00edneas no buscan debatir sobre una libertad de prensa de extrema vigencia, sino sobre dos hechos puntuales que ocurrieron en los \u00faltimos d\u00edas: la agresi\u00f3n sufrida por V\u00edctor Hugo y su equipo y la mordaza que intentaron ponerle al nuevo n\u00famero de La Garganta Poderosa.<br \/>\nEste mi\u00e9rcoles V\u00edctor Hugo padeci\u00f3 junto a su equipo de producci\u00f3n una violenta agresi\u00f3n cuando intentaba filmar para su programa Bajada de L\u00ednea el muro que el Grupo Clar\u00edn instal\u00f3 en el barrio porte\u00f1o de Barracas. Al periodista primero lo prepotearon diciendo: \u201cAc\u00e1 no vengas a filmar nada amigo. Ah\u00ed vienen todos los pibes, mir\u00e1.\u201d y \u201c\u00bfPor qu\u00e9 no vas a hacer cr\u00f3nicas a tu casa?\u201d. Luego la violencia fue creciendo hasta que le tiraron un auto encima. Quien descendi\u00f3 del veh\u00edculo repet\u00eda: \u201cV\u00e1yanse, ac\u00e1 no se filma nada\u201d. Hay audios y videos que registran este brutal intento de intimidaci\u00f3n.<br \/>\nLa censura a la Garganta Poderosa, medio producido \u00edntegramente por habitantes de las distintas villas metropolitanas, quiz\u00e1 fue m\u00e1s sutil, sin violencia f\u00edsica, pero consisti\u00f3 en un claro intento de silenciarlos. Boca Juniors, club de dirigencia macrista, le prohibi\u00f3 a la Revista publicar la entrevista hecha con el delantero Daniel Osvaldo donde se homenajeaba a Gast\u00f3n, un nene de 13 a\u00f1os que muri\u00f3 hace un mes al caer en un pozo ciego en el asentamiento Rodrigo Bueno por el \u201dincumplimiento de la ley de urbanizaci\u00f3n\u201d. Si bien la nota era pautada y aceptada por el representante de la nueva estrella boquense, luego lleg\u00f3 el apriete dirigencial: \u201cPor tel\u00e9fono, la Prensa de Boca nos dice que &#8216;Osvaldo no hablar\u00e1 del tema Gast\u00f3n&#8217;\u201d, explicaron desde la Garganta, donde no acostumbran a callar, sino a gritar las injusticias bien fuerte.<br \/>\nClaro, mucho patoteo, mucho malo de pacotilla pagado haci\u00e9ndose el loco en un auto, mucha dirigencia millonaria apretando medios villeros. Qu\u00e9 lindo, como saltan cuando les tocan las fibras sensibles, y despu\u00e9s, Clar\u00edn reclama una libertad de expresi\u00f3n que usa y de la que abusa, pero no duda en mandar a golpear y amenazar a V\u00edctor Hugo cuando \u00e9ste quiere demostrar y publicar una de las tantas tramoyas e ilegalidades en las que Clar\u00edn siempre anda. Lo mismo en Boca, intentando amordazar a \u201cLa Garganta Poderosa\u201d, vaya iron\u00eda. Es porque no los conocen y creen que pueden manejar a todo el periodismo as\u00ed: de Gast\u00f3n van a hablar igual.<br \/>\nEl Gobierno de la Ciudad Aut\u00f3noma le permite a Clar\u00edn hacer y deshacer sobre terreno p\u00fablico. Y es el macrismo, otra vez, el que quiere acallar el reclamo por la irreparable p\u00e9rdida de un pibe que muri\u00f3 porque ellos no cumplen las leyes y no urbanizan.<br \/>\nY pensar que Mauricio busca la presidencia de la Naci\u00f3n y mide m\u00e1s que la mayor\u00eda. Vengan, tiemblen de pavor junto a m\u00ed al imaginar ese pa\u00eds para muy poquitos, donde el que quiere opinar diferente es acallado con violencia, donde no se puede hablar de ciertos temas, donde los poderosos mandan y pegan. Donde algunos quieren un pa\u00eds muy diferente al que seguimos construyendo.<\/p>\n","protected":false},"excerpt":{"rendered":"<p>Esta semana fuimos testigos de dos hechos de censura a la prensa. En un pa\u00eds donde cada medio de comunicaci\u00f3n en general y cada periodista en particular, puede decir cualquier cosa, esto sorprende y resulta como m\u00ednimo inaceptable.<\/p>\n","protected":false},"author":8,"featured_media":0,"comment_status":"open","ping_status":"open","sticky":false,"template":"","format":"standard","meta":{"_jetpack_newsletter_access":"","_jetpack_dont_email_post_to_subs":false,"_jetpack_newsletter_tier_id":0,"_jetpack_memberships_contains_paywalled_content":false,"_jetpack_memberships_contains_paid_content":false,"footnotes":""},"categories":[64],"tags":[],"class_list":["post-64453","post","type-post","status-publish","format-standard","hentry","category-opinion"],"jetpack_featured_media_url":"","jetpack_shortlink":"https:\/\/wp.me\/p2JWE0-gLz","jetpack-related-posts":[{"id":97572,"url":"https:\/\/www.24baires.com\/?p=97572","url_meta":{"origin":64453,"position":0},"title":"Navarro: \u00abMe limitaban cada d\u00eda m\u00e1s las cosas que ten\u00edamos por decir\u00bb","author":"AF","date":"20\/09\/2017","format":false,"excerpt":"En una charla con V\u00edctor Hugo Morales, se quebr\u00f3 al contar una conversaci\u00f3n que tuvo con representantes del canal. Habl\u00f3 sobre la presi\u00f3n que ejerci\u00f3 el Gobierno de Macri en la censura de C5N. En una charla con V\u00edctor Hugo Morales, Roberto Navarro se quebr\u00f3 al contar una conversaci\u00f3n que\u2026","rel":"","context":"En \u00abSociedad\u00bb","block_context":{"text":"Sociedad","link":"https:\/\/www.24baires.com\/?cat=1"},"img":{"alt_text":"","src":"https:\/\/i0.wp.com\/www.24baires.com\/wp-content\/uploads\/2017\/09\/navarro.jpg?resize=350%2C200","width":350,"height":200,"srcset":"https:\/\/i0.wp.com\/www.24baires.com\/wp-content\/uploads\/2017\/09\/navarro.jpg?resize=350%2C200 1x, https:\/\/i0.wp.com\/www.24baires.com\/wp-content\/uploads\/2017\/09\/navarro.jpg?resize=525%2C300 1.5x"},"classes":[]},{"id":98811,"url":"https:\/\/www.24baires.com\/?p=98811","url_meta":{"origin":64453,"position":1},"title":"Echaron a V\u00edctor Hugo Morales de C5N","author":"AF","date":"17\/11\/2017","format":false,"excerpt":"El legendario periodista y conductor fue echado del canal donde encabezaba la franja de 18 a 21. Cada vez hay m\u00e1s periodistas censurados en Argentina y se monopoliza el relato \"M\" del Gobierno. V\u00edctor Hugo Morales fue echado esta tarde de la cadena de noticias C5N y no saldr\u00e1 al\u2026","rel":"","context":"En \u00abSociedad\u00bb","block_context":{"text":"Sociedad","link":"https:\/\/www.24baires.com\/?cat=1"},"img":{"alt_text":"","src":"https:\/\/i0.wp.com\/www.24baires.com\/wp-content\/uploads\/2014\/07\/v%C3%ADctor-hugo.jpg?resize=350%2C200","width":350,"height":200,"srcset":"https:\/\/i0.wp.com\/www.24baires.com\/wp-content\/uploads\/2014\/07\/v%C3%ADctor-hugo.jpg?resize=350%2C200 1x, https:\/\/i0.wp.com\/www.24baires.com\/wp-content\/uploads\/2014\/07\/v%C3%ADctor-hugo.jpg?resize=525%2C300 1.5x"},"classes":[]},{"id":12418,"url":"https:\/\/www.24baires.com\/?p=12418","url_meta":{"origin":64453,"position":2},"title":"V\u00edctor Hugo en Mar del Plata charl\u00f3 sobre el periodismo, Aldrey Iglesias y la Ley de Medios","author":"Grupo Sierra","date":"16\/01\/2013","format":false,"excerpt":"El periodista V\u00edctor Hugo Morales brind\u00f3 una entrevista al programa radial Un D\u00eda Perfecto de esa ciudad balnearia, donde descansa y adem\u00e1s ocupa sus ma\u00f1anas radiales desde un Balneario. Durante el transcurso de la misma se refiri\u00f3 al periodismo a nivel nacional, pero tambi\u00e9n opin\u00f3 sobre Mar del Plata y\u2026","rel":"","context":"En \u00abMedios\u00bb","block_context":{"text":"Medios","link":"https:\/\/www.24baires.com\/?cat=54"},"img":{"alt_text":"victor hugo","src":"https:\/\/i0.wp.com\/www.24baires.com\/wp-content\/uploads\/2013\/01\/victor-hugo.jpg?resize=350%2C200","width":350,"height":200,"srcset":"https:\/\/i0.wp.com\/www.24baires.com\/wp-content\/uploads\/2013\/01\/victor-hugo.jpg?resize=350%2C200 1x, https:\/\/i0.wp.com\/www.24baires.com\/wp-content\/uploads\/2013\/01\/victor-hugo.jpg?resize=525%2C300 1.5x"},"classes":[]},{"id":29752,"url":"https:\/\/www.24baires.com\/?p=29752","url_meta":{"origin":64453,"position":3},"title":"Sabbatella: Magnetto pretende que V\u00edctor Hugo \u00abse someta\u00bb","author":"AF","date":"08\/08\/2013","format":false,"excerpt":"El CEO de la corporaci\u00f3n medi\u00e1tica que ejerce la posici\u00f3n dominante en el mercado gr\u00e1fico y audiovisual ya no s\u00f3lo restringe la libertad de expresi\u00f3n escrachando periodistas en los medios que domina; ya no le alcanza con regular a su antojo la salida o no de publicaciones a trav\u00e9s de\u2026","rel":"","context":"En \u00abMedios\u00bb","block_context":{"text":"Medios","link":"https:\/\/www.24baires.com\/?cat=54"},"img":{"alt_text":"","src":"","width":0,"height":0},"classes":[]},{"id":77424,"url":"https:\/\/www.24baires.com\/?p=77424","url_meta":{"origin":64453,"position":4},"title":"V\u00edctor Hugo fue despedido de Continental","author":"AF","date":"11\/01\/2016","format":false,"excerpt":"El periodista dijo que la situaci\u00f3n se da \u201cen el contexto de una situaci\u00f3n agobiante y asfixiante para la democracia y la libertad de expresi\u00f3n\u201d. \u201cMe echan de la radio. No voy a poder hacer mi programa. Tratar\u00e9 de buscar v\u00edas de comunicaci\u00f3n\u201d. Con esas palabras, el periodista V\u00edctor Hugo\u2026","rel":"","context":"En \u00abMedios\u00bb","block_context":{"text":"Medios","link":"https:\/\/www.24baires.com\/?cat=54"},"img":{"alt_text":"VICTOR HUGO MORALES","src":"https:\/\/i0.wp.com\/www.24baires.com\/wp-content\/uploads\/2015\/04\/VICTOR-HUGO-MORALES.jpg?resize=350%2C200","width":350,"height":200,"srcset":"https:\/\/i0.wp.com\/www.24baires.com\/wp-content\/uploads\/2015\/04\/VICTOR-HUGO-MORALES.jpg?resize=350%2C200 1x, https:\/\/i0.wp.com\/www.24baires.com\/wp-content\/uploads\/2015\/04\/VICTOR-HUGO-MORALES.jpg?resize=525%2C300 1.5x"},"classes":[]},{"id":29767,"url":"https:\/\/www.24baires.com\/?p=29767","url_meta":{"origin":64453,"position":5},"title":"Magnetto esquiv\u00f3 a V\u00edctor Hugo en la primera mediaci\u00f3n","author":"GB","date":"08\/08\/2013","format":false,"excerpt":"El CEO de Clar\u00edn no quiso dar la cara en la primera audiencia por la denuncia que inici\u00f3 contra el periodista. El conductor lament\u00f3 no haberlo podido decir cara a cara \u201ctodo el da\u00f1o que le ha hecho a la sociedad\u201d, pero igualmente anunci\u00f3 que presentar\u00e1 un juicio contra Magnetto\u2026","rel":"","context":"En \u00abMedios\u00bb","block_context":{"text":"Medios","link":"https:\/\/www.24baires.com\/?cat=54"},"img":{"alt_text":"V\u00edctor Hugo","src":"https:\/\/i0.wp.com\/www.24baires.com\/wp-content\/uploads\/2013\/08\/V%C3%ADctor-Hugo.jpg?resize=350%2C200","width":350,"height":200,"srcset":"https:\/\/i0.wp.com\/www.24baires.com\/wp-content\/uploads\/2013\/08\/V%C3%ADctor-Hugo.jpg?resize=350%2C200 1x, https:\/\/i0.wp.com\/www.24baires.com\/wp-content\/uploads\/2013\/08\/V%C3%ADctor-Hugo.jpg?resize=525%2C300 1.5x"},"classes":[]}],"jetpack_sharing_enabled":true,"jetpack_likes_enabled":true,"_links":{"self":[{"href":"https:\/\/www.24baires.com\/index.php?rest_route=\/wp\/v2\/posts\/64453","targetHints":{"allow":["GET"]}}],"collection":[{"href":"https:\/\/www.24baires.com\/index.php?rest_route=\/wp\/v2\/posts"}],"about":[{"href":"https:\/\/www.24baires.com\/index.php?rest_route=\/wp\/v2\/types\/post"}],"author":[{"embeddable":true,"href":"https:\/\/www.24baires.com\/index.php?rest_route=\/wp\/v2\/users\/8"}],"replies":[{"embeddable":true,"href":"https:\/\/www.24baires.com\/index.php?rest_route=%2Fwp%2Fv2%2Fcomments&post=64453"}],"version-history":[{"count":1,"href":"https:\/\/www.24baires.com\/index.php?rest_route=\/wp\/v2\/posts\/64453\/revisions"}],"predecessor-version":[{"id":64454,"href":"https:\/\/www.24baires.com\/index.php?rest_route=\/wp\/v2\/posts\/64453\/revisions\/64454"}],"wp:attachment":[{"href":"https:\/\/www.24baires.com\/index.php?rest_route=%2Fwp%2Fv2%2Fmedia&parent=64453"}],"wp:term":[{"taxonomy":"category","embeddable":true,"href":"https:\/\/www.24baires.com\/index.php?rest_route=%2Fwp%2Fv2%2Fcategories&post=64453"},{"taxonomy":"post_tag","embeddable":true,"href":"https:\/\/www.24baires.com\/index.php?rest_route=%2Fwp%2Fv2%2Ftags&post=64453"}],"curies":[{"name":"wp","href":"https:\/\/api.w.org\/{rel}","templated":true}]}}