{"id":6438,"date":"2012-11-22T20:33:39","date_gmt":"2012-11-22T23:33:39","guid":{"rendered":"http:\/\/www.24baires.com\/?p=6438"},"modified":"2012-11-22T20:47:02","modified_gmt":"2012-11-22T23:47:02","slug":"puerta-de-hierro-ya-compite-en-el-festival-de-cine-de-mar-del-plata","status":"publish","type":"post","link":"https:\/\/www.24baires.com\/?p=6438","title":{"rendered":"\u00abPuerta de Hierro\u00bb ya compite en el Festival de Cine de Mar del Plata"},"content":{"rendered":"<p><img data-recalc-dims=\"1\" loading=\"lazy\" decoding=\"async\" class=\"aligncenter size-full wp-image-6447\" title=\"PUERTA-de-hierro\" src=\"https:\/\/i0.wp.com\/www.24baires.com\/wp-content\/uploads\/2012\/11\/PUERTA-de-hierro.jpg?resize=560%2C237\" alt=\"\" width=\"560\" height=\"237\" srcset=\"https:\/\/i0.wp.com\/www.24baires.com\/wp-content\/uploads\/2012\/11\/PUERTA-de-hierro.jpg?w=560&amp;ssl=1 560w, https:\/\/i0.wp.com\/www.24baires.com\/wp-content\/uploads\/2012\/11\/PUERTA-de-hierro.jpg?resize=300%2C126&amp;ssl=1 300w\" sizes=\"auto, (max-width: 560px) 100vw, 560px\" \/><\/p>\n<p>V\u00edctor Laplace y Dieguillo Fern\u00e1ndez presentaron en la Competencia Latinoamericana del Festival de Cine de Mar del Plata \u201cPuerta de Hierro\u201d, un filme que reconstruye la historia del exilio de Juan Domingo Per\u00f3n despu\u00e9s del golpe de 1955 hasta su regreso definitivo en 1972.<\/p>\n<p><!--more--><\/p>\n<p>La pel\u00edcula se vio en la ciudad balnearia bonaerense en cuatro funciones repletas, inclusive con gente que se qued\u00f3 con las ganas, con aplausos y abrazos al director y Mar\u00eda Victoria Carreras, que interpreta a Isabel Mart\u00ednez, y hasta con j\u00f3venes peronistas marplatenses que en la puerta del Ambassador se sacaron fotos junto al actor y cantaron con \u00e9l la marcha partidaria.<br \/>\nEl gui\u00f3n, que Laplace escribi\u00f3 con Leonel D`Agostino y tuvo un primer borrador en el que colabor\u00f3 el recordado guionista y director Santiago Carlos Oves, usa como excusa para el relato el ficcionado encuentro de Per\u00f3n con una sastre madrile\u00f1a, encarnada por Natalia Mateo, quien le regala al entonces ex mandatario en el exilio un grabador de cinta para que registre su historia nunca contada desde una perspectiva personal.<\/p>\n<p>Laplace y Fern\u00e1ndez se meten desde la ficci\u00f3n en un territorio hasta ahora no abordado, el que tiene que ver no solo con Per\u00f3n y su tercera esposa, Mar\u00eda Estela Mart\u00ednez, sino tambi\u00e9n con el empresario Jorge Antonio, el siniestro ex secretario Jos\u00e9 L\u00f3pez Rega, el fallecido dirigente montonero Rodolfo Galimberti, el dirigente sindical Augusto Timoteo Vandor, el futuro presidente H\u00e9ctor J. C\u00e1mpora y el doctor Puigvert, entre otros, que tuvieron que ver con ese largo cap\u00edtulo.<br \/>\n\u201cEsa fue una zona compleja que trabajamos mucho con los actores, desde el gui\u00f3n y la puesta en escena, y me parece que se construy\u00f3 un tri\u00e1ngulo interesante desde lo dram\u00e1tico, donde ella se convierte en un personaje hasta con una cierta presencia pol\u00edtica, si bien no abordamos el tema pol\u00edtico en profundidad, cuando Per\u00f3n la manda en un primer viaje a la Argentina con una misi\u00f3n\u201d, dice Laplace en di\u00e1logo con T\u00e9lam.<\/p>\n<p>\u201cHay leales y no leales. Per\u00f3n estaba rodeado de amigos y enemigos y toda esta es una etapa es la que intentamos reconstruir. No es casual que en la primera escena haya un Per\u00f3n solo frente al espejo y termina solo, despojado, cuando est\u00e1 por volver a la Argentina, cuando recuerda a su madre\u201d, asegura el actor, que ya incursion\u00f3 dos veces en la ficci\u00f3n cinematogr\u00e1fica como director (esta vez, como en la anterior, con la colaboraci\u00f3n de otro cineasta).<br \/>\n\u201cTocar este punto, es decir la relaci\u00f3n de Per\u00f3n con Isabel y L\u00f3pez Rega, implicaba un riesgo, un precio a pagar, y por eso tuvimos un gran cuidado de no caer en el morbo, una situaci\u00f3n que tambi\u00e9n se da con la llegada de los restos de Evita a la quinta 17 de Octubre en Puerta de Hierro\u201d, explica el director, que adem\u00e1s tuvo la responsabilidad de encarnar una vez m\u00e1s al l\u00edder justicialista.<\/p>\n<p>\u201cEn Mar del Plata, cuando present\u00e9 en competencia `El mar de Lucas`, mi \u00f3pera prima, uno de los integrantes del jurado era Leonardo Favio, que me dijo que con esa pel\u00edcula estaba en el camino. Lo m\u00edo, descubr\u00ed entonces, es buscar las ra\u00edces, y creo que desde entonces voy por esa senda\u201d, asegura Laplace.<br \/>\n\u201cHay una importante reconstrucci\u00f3n de \u00e9poca, recreamos aquella quinta de Puerta de Hierro aqu\u00ed en la de San Vicente, rodamos las principales escenas de Madrid en Pamplona, y cuidamos cada detalle tanto de escenograf\u00eda como de vestuario, lo que implic\u00f3 una inversi\u00f3n de envergadura\u201d, agrega.<br \/>\n\u201cCuidamos fechas, cada situaci\u00f3n, quiz\u00e1s por eso tardamos seis a\u00f1os en hacerla&#8230; Interpretar a Per\u00f3n fue una casualidad en vida, cuando me convoc\u00f3 Juan Carlos Desanzo para su film sobre Evita, pero desde entonces fue cambiando, porque de ser por encargo pas\u00f3 ahora a ser el m\u00edo\u201d, explica.<br \/>\n\u201cRecuerdo cuando Desanzo me dijo `Vas a ser el mejor Per\u00f3n del cine` y me dio el gui\u00f3n y aclar\u00f3 que deb\u00eda leerlo y darle una contestaci\u00f3n ya. No imaginaba que iba a entrar en mi vida en la forma que lo hizo en especial ahora, porque se trata de mi versi\u00f3n de Per\u00f3n\u201d, recuerda emocionado.<br \/>\nY sigue: \u201cSi alguien me hubiese preguntado qu\u00e9 personaje quer\u00eda hacer, habr\u00eda dicho Macbeth o Ricardo III&#8230; Nunca se me hubiese ocurrido encarnar a Per\u00f3n, pero de pronto todo cambi\u00f3\u201d.<\/p>\n<p>\u201cNo es casual que la pel\u00edcula termine en octubre de 1972. La situaci\u00f3n se torna complicada con esa irrupci\u00f3n de L\u00f3pez Rega, incluso en lo f\u00edsico, en momentos en que el deseo de Per\u00f3n era el de volver, consciente de que estaba enfermo y no le quedaba demasiado tiempo de vida\u201d, insiste Laplace en la dif\u00edcil tarea de c\u00f3mo explicar aquel cap\u00edtulo de la historia del personaje y del pa\u00eds en una coyuntura compleja.<\/p>\n<p>\u00abFue muy bueno compartir con un director joven como Dieguillo Fern\u00e1ndez la direcci\u00f3n, porque no pod\u00eda decirme a m\u00ed mismo `luz c\u00e1mara y acci\u00f3n`, m\u00e1s all\u00e1 de compartir el trabajo en su totalidad\u00bb, explica Laplace a prop\u00f3sito de la codirecci\u00f3n y esta apuesta a la juventud, a la que el mismo Per\u00f3n alude en el filme.<br \/>\nEl elenco del filme que se estrenar\u00e1 en marzo lo completan Fito Yanelli como L\u00f3pez Rega, Javier Lombardo como Jorge Antonio, Manuel Vicente como C\u00e1mpora, Sergio Surraco como Galimberti y Federico Luppi que encarna al doctor Antonio Puigvert, con el que Per\u00f3n tuvo una relaci\u00f3n no solo m\u00e9dico-paciente sino de amistad.<br \/>\nEn los rubros t\u00e9cnicos, el filme de Laplace y Fern\u00e1ndez cont\u00f3 con Diego Poleri en la fotograf\u00eda, Marcela S\u00e1enz en la edici\u00f3n, Adriana Maestri en la direcci\u00f3n de arte, Marcela Villari\u00f1o en el dise\u00f1o de vestuario y el hijo del primero, Dami\u00e1n Laplace, en la m\u00fasica.<\/p>\n<p>&nbsp;<\/p>\n<p>&nbsp;<\/p>\n<p>&nbsp;<\/p>\n<p>&nbsp;<\/p>\n","protected":false},"excerpt":{"rendered":"<p>V\u00edctor Laplace y Dieguillo Fern\u00e1ndez presentaron en la Competencia Latinoamericana del Festival de Cine de Mar del Plata \u201cPuerta de Hierro\u201d, un filme que reconstruye la historia del exilio de Juan Domingo Per\u00f3n despu\u00e9s del golpe de 1955 hasta su regreso definitivo en 1972.<\/p>\n","protected":false},"author":11,"featured_media":0,"comment_status":"open","ping_status":"open","sticky":false,"template":"","format":"standard","meta":{"_jetpack_newsletter_access":"","_jetpack_dont_email_post_to_subs":false,"_jetpack_newsletter_tier_id":0,"_jetpack_memberships_contains_paywalled_content":false,"_jetpack_memberships_contains_paid_content":false,"footnotes":""},"categories":[53],"tags":[],"class_list":["post-6438","post","type-post","status-publish","format-standard","hentry","category-arte-cultura"],"jetpack_featured_media_url":"","jetpack_shortlink":"https:\/\/wp.me\/p2JWE0-1FQ","jetpack-related-posts":[{"id":5181,"url":"https:\/\/www.24baires.com\/?p=5181","url_meta":{"origin":6438,"position":0},"title":"Presentaron en Mar del Plata el 27\u00ba Festival Internacional de Cine","author":"AF","date":"12\/11\/2012","format":false,"excerpt":"La muestra m\u00e1s importante de cine que se realiza en nuestro pa\u00eds dar\u00e1 inicio a su 27\u00aa edici\u00f3n este pr\u00f3ximo s\u00e1bado 17 y se extender\u00e1 hasta el 25 de este mes. \"Nuestro cine, con esa historia tan rica, nos dio la particularidad de ser distintos\", dijo Abal Medina durante la\u2026","rel":"","context":"En \u00abEspectaculos\u00bb","block_context":{"text":"Espectaculos","link":"https:\/\/www.24baires.com\/?cat=41"},"img":{"alt_text":"","src":"https:\/\/i0.wp.com\/www.24baires.com\/wp-content\/uploads\/2012\/11\/27-festival-de-cine.jpg?resize=350%2C200","width":350,"height":200,"srcset":"https:\/\/i0.wp.com\/www.24baires.com\/wp-content\/uploads\/2012\/11\/27-festival-de-cine.jpg?resize=350%2C200 1x, https:\/\/i0.wp.com\/www.24baires.com\/wp-content\/uploads\/2012\/11\/27-festival-de-cine.jpg?resize=525%2C300 1.5x"},"classes":[]},{"id":5922,"url":"https:\/\/www.24baires.com\/?p=5922","url_meta":{"origin":6438,"position":1},"title":"Comenz\u00f3 el 27\u00ba Festival Internacional de Cine en Mar del Plata","author":"AF","date":"18\/11\/2012","format":false,"excerpt":"Con gran presencia latinoamericana, este s\u00e1bado dio inicio en La Feliz, una nueva edici\u00f3n del encuentro de cine. Estrenos, retrospectivas y secciones flamantes durante ocho d\u00edas. Mar del Plata y una nueva edici\u00f3n del Festival Internacional de Cine. Pel\u00edculas, visitas, jurados, competencias, presentaciones de libros, mesas redondas, homenajes, eventos de\u2026","rel":"","context":"En \u00abArte &amp; Cultura\u00bb","block_context":{"text":"Arte &amp; Cultura","link":"https:\/\/www.24baires.com\/?cat=53"},"img":{"alt_text":"","src":"https:\/\/i0.wp.com\/www.24baires.com\/wp-content\/uploads\/2012\/11\/festival-cine-mdp.jpg?resize=350%2C200","width":350,"height":200},"classes":[]},{"id":90015,"url":"https:\/\/www.24baires.com\/?p=90015","url_meta":{"origin":6438,"position":2},"title":"Mar del Plata disfruta el Festival de Cine","author":"GB","date":"19\/11\/2016","format":false,"excerpt":"La nueva muestra cinematogr\u00e1fica fue inaugurada por Jos\u00e9 Mart\u00ednez Su\u00e1rez, su presidente, que cont\u00f3 qu\u00e9 distinguir\u00e1 esta edici\u00f3n de otras. El 31\u00b0 Festival de Cine de Mar del Plata ya est\u00e1 en marcha. Con una ceremonia inaugural que cont\u00f3 con la presencia de autoridades y figuras, este viernes por la\u2026","rel":"","context":"En \u00abEspectaculos\u00bb","block_context":{"text":"Espectaculos","link":"https:\/\/www.24baires.com\/?cat=41"},"img":{"alt_text":"whatsapp-image-2016-11-18-at-21-37-45-640x360","src":"https:\/\/i0.wp.com\/www.24baires.com\/wp-content\/uploads\/2016\/11\/WhatsApp-Image-2016-11-18-at-21.37.45-640x360.jpeg?resize=350%2C200","width":350,"height":200,"srcset":"https:\/\/i0.wp.com\/www.24baires.com\/wp-content\/uploads\/2016\/11\/WhatsApp-Image-2016-11-18-at-21.37.45-640x360.jpeg?resize=350%2C200 1x, https:\/\/i0.wp.com\/www.24baires.com\/wp-content\/uploads\/2016\/11\/WhatsApp-Image-2016-11-18-at-21.37.45-640x360.jpeg?resize=525%2C300 1.5x"},"classes":[]},{"id":67684,"url":"https:\/\/www.24baires.com\/?p=67684","url_meta":{"origin":6438,"position":3},"title":"Se confirm\u00f3 la fecha para el Festival de Cine de Mar del Plata","author":"GB","date":"17\/06\/2015","format":false,"excerpt":"El Festival Internacional de Cine de Mar del Plata llegar\u00e1 a su 30\u00aa edici\u00f3n en 2015. Comienza el 30 de octubre y termina el 7 de noviembre. El Festival Internacional de Cine de Mar del Plata comenzar\u00e1 el 30 de octubre y finalizar\u00e1 el 7 de noviembre. De esta manera,\u2026","rel":"","context":"En \u00abEspectaculos\u00bb","block_context":{"text":"Espectaculos","link":"https:\/\/www.24baires.com\/?cat=41"},"img":{"alt_text":"festival de cine mdp","src":"https:\/\/i0.wp.com\/www.24baires.com\/wp-content\/uploads\/2015\/06\/festival-de-cine-mdp.jpg?resize=350%2C200","width":350,"height":200,"srcset":"https:\/\/i0.wp.com\/www.24baires.com\/wp-content\/uploads\/2015\/06\/festival-de-cine-mdp.jpg?resize=350%2C200 1x, https:\/\/i0.wp.com\/www.24baires.com\/wp-content\/uploads\/2015\/06\/festival-de-cine-mdp.jpg?resize=525%2C300 1.5x"},"classes":[]},{"id":98795,"url":"https:\/\/www.24baires.com\/?p=98795","url_meta":{"origin":6438,"position":4},"title":"Comienza el Festival Internacional de Cine de Mar del Plata","author":"GB","date":"17\/11\/2017","format":false,"excerpt":"Se realizar\u00e1 hasta el 26 de noviembre y contar\u00e1 con m\u00e1s de 300 pel\u00edculas de 93 pa\u00edses. Esta noche se proyectar\u00e1 la pel\u00edcula \"Madame Hyde\" Comienza este viernes el Festival Internacional de Cine de Mar del Plata, que se realizar\u00e1 hasta el 26 de noviembre y contar\u00e1 con m\u00e1s de\u2026","rel":"","context":"En \u00abEspectaculos\u00bb","block_context":{"text":"Espectaculos","link":"https:\/\/www.24baires.com\/?cat=41"},"img":{"alt_text":"","src":"https:\/\/i0.wp.com\/www.24baires.com\/wp-content\/uploads\/2015\/06\/festival-de-cine-mdp.jpg?resize=350%2C200","width":350,"height":200,"srcset":"https:\/\/i0.wp.com\/www.24baires.com\/wp-content\/uploads\/2015\/06\/festival-de-cine-mdp.jpg?resize=350%2C200 1x, https:\/\/i0.wp.com\/www.24baires.com\/wp-content\/uploads\/2015\/06\/festival-de-cine-mdp.jpg?resize=525%2C300 1.5x"},"classes":[]},{"id":35668,"url":"https:\/\/www.24baires.com\/?p=35668","url_meta":{"origin":6438,"position":5},"title":"\u00abLa Jaula de Oro\u00bb la mejor pel\u00edcula del Festival de cine de Mar del Plata","author":"GB","date":"24\/11\/2013","format":false,"excerpt":"La coproducci\u00f3n mexicano-espa\u00f1ola \u201cLa jaula de oro\u201d, del espa\u00f1ol Diego Quemada-Diez gan\u00f3 el Astor de Oro a la Mejor Pel\u00edcula y el Premio del P\u00fablico de la Competencia Internacional del 28vo. Festival de Cine de Mar del Plata, que termin\u00f3 anoche. Asistente de c\u00e1mara de Ken Loach y operador de\u2026","rel":"","context":"En \u00abEspectaculos\u00bb","block_context":{"text":"Espectaculos","link":"https:\/\/www.24baires.com\/?cat=41"},"img":{"alt_text":"la jaula de oro","src":"https:\/\/i0.wp.com\/www.24baires.com\/wp-content\/uploads\/2013\/11\/la-jaula-de-oro.jpg?resize=350%2C200","width":350,"height":200,"srcset":"https:\/\/i0.wp.com\/www.24baires.com\/wp-content\/uploads\/2013\/11\/la-jaula-de-oro.jpg?resize=350%2C200 1x, https:\/\/i0.wp.com\/www.24baires.com\/wp-content\/uploads\/2013\/11\/la-jaula-de-oro.jpg?resize=525%2C300 1.5x"},"classes":[]}],"jetpack_sharing_enabled":true,"jetpack_likes_enabled":true,"_links":{"self":[{"href":"https:\/\/www.24baires.com\/index.php?rest_route=\/wp\/v2\/posts\/6438","targetHints":{"allow":["GET"]}}],"collection":[{"href":"https:\/\/www.24baires.com\/index.php?rest_route=\/wp\/v2\/posts"}],"about":[{"href":"https:\/\/www.24baires.com\/index.php?rest_route=\/wp\/v2\/types\/post"}],"author":[{"embeddable":true,"href":"https:\/\/www.24baires.com\/index.php?rest_route=\/wp\/v2\/users\/11"}],"replies":[{"embeddable":true,"href":"https:\/\/www.24baires.com\/index.php?rest_route=%2Fwp%2Fv2%2Fcomments&post=6438"}],"version-history":[{"count":3,"href":"https:\/\/www.24baires.com\/index.php?rest_route=\/wp\/v2\/posts\/6438\/revisions"}],"predecessor-version":[{"id":6441,"href":"https:\/\/www.24baires.com\/index.php?rest_route=\/wp\/v2\/posts\/6438\/revisions\/6441"}],"wp:attachment":[{"href":"https:\/\/www.24baires.com\/index.php?rest_route=%2Fwp%2Fv2%2Fmedia&parent=6438"}],"wp:term":[{"taxonomy":"category","embeddable":true,"href":"https:\/\/www.24baires.com\/index.php?rest_route=%2Fwp%2Fv2%2Fcategories&post=6438"},{"taxonomy":"post_tag","embeddable":true,"href":"https:\/\/www.24baires.com\/index.php?rest_route=%2Fwp%2Fv2%2Ftags&post=6438"}],"curies":[{"name":"wp","href":"https:\/\/api.w.org\/{rel}","templated":true}]}}