{"id":6428,"date":"2012-11-22T19:52:49","date_gmt":"2012-11-22T22:52:49","guid":{"rendered":"http:\/\/www.24baires.com\/?p=6428"},"modified":"2012-11-22T19:52:49","modified_gmt":"2012-11-22T22:52:49","slug":"acusan-a-ramon-diaz-de-haberse-robado-notebooks-de-independiente","status":"publish","type":"post","link":"https:\/\/www.24baires.com\/?p=6428","title":{"rendered":"Acusan a Ram\u00f3n D\u00edaz de haberse robado notebooks de Independiente"},"content":{"rendered":"<p><img data-recalc-dims=\"1\" loading=\"lazy\" decoding=\"async\" class=\"aligncenter size-full wp-image-6429\" title=\"diaz ramon\" src=\"https:\/\/i0.wp.com\/www.24baires.com\/wp-content\/uploads\/2012\/11\/diaz-ramon.jpg?resize=560%2C335\" alt=\"\" width=\"560\" height=\"335\" srcset=\"https:\/\/i0.wp.com\/www.24baires.com\/wp-content\/uploads\/2012\/11\/diaz-ramon.jpg?w=560&amp;ssl=1 560w, https:\/\/i0.wp.com\/www.24baires.com\/wp-content\/uploads\/2012\/11\/diaz-ramon.jpg?resize=300%2C179&amp;ssl=1 300w\" sizes=\"auto, (max-width: 560px) 100vw, 560px\" \/><\/p>\n<p>Independiente acus\u00f3 a Ram\u00f3n D\u00edaz, DT del club al momento de asunci\u00f3n del actual presidente, Javier Cantero, de llevarse dos computadoras port\u00e1tiles, luego de las denuncias del entrenador por una deuda de salarios.<!--more--><br \/>\nEn un comunicado oficial como respuesta a las declaraciones del entrenador, Independiente inform\u00f3 que restan \u00abpagar 470.000 pesos\u00bb del contrato de D\u00edaz, que fue acordado por el titular anterior, Julio Comparada.<br \/>\nPero \u00abest\u00e1n en deuda (por el cuerpo t\u00e9cnico) con dos computadoras port\u00e1tiles que han retirado en su partida y las cuales son pertenecientes al Club Atl\u00e9tico Independiente\u00bb, asegura el escrito.<br \/>\n\u00abCuando dice que \u00b4parte de la deuda es de la era Comparada, pero la mayor parte es de la era Cantero\u00b4, no recordar\u00e1 que bajo la gesti\u00f3n de Comparada solo percibi\u00f3 el proporcional de septiembre y que bajo la actual gesti\u00f3n percibi\u00f3 el resto de lo trabajado salvo el mes de noviembre (de la gesti\u00f3n anterior), la ayuda de febrero y un premio por la Copa de Oro en Mar del Plata\u00bb, aclara.<br \/>\n\u00abLamentamos profundamente -agrega- que sus decisiones al frente del primer equipo no hayan repercutido favorablemente en la econom\u00eda del club, y as\u00ed poder asumir el contrato que la anterior gesti\u00f3n le firm\u00f3\u00bb.<br \/>\nPor \u00faltimo, el comunicado sentencia: \u00abEn 11 meses de gesti\u00f3n esta Comisi\u00f3n Directiva ya ha demostrado cu\u00e1l es su comportamiento. En muchos a\u00f1os de trayectoria, Ram\u00f3n D\u00edaz tambi\u00e9n ya ha demostrado qui\u00e9n es en el mundo del f\u00fatbol\u00bb.<\/p>\n<p>&nbsp;<\/p>\n<p>&nbsp;<\/p>\n<p>&nbsp;<\/p>\n<p>&nbsp;<\/p>\n<p>&nbsp;<\/p>\n<p>&nbsp;<\/p>\n<p>&nbsp;<\/p>\n<p>&nbsp;<\/p>\n<p>&nbsp;<\/p>\n<p>&nbsp;<\/p>\n","protected":false},"excerpt":{"rendered":"<p>Independiente acus\u00f3 a Ram\u00f3n D\u00edaz, DT del club al momento de asunci\u00f3n del actual presidente, Javier Cantero, de llevarse dos computadoras port\u00e1tiles, luego de las denuncias del entrenador por una deuda de salarios.<\/p>\n","protected":false},"author":11,"featured_media":0,"comment_status":"open","ping_status":"open","sticky":false,"template":"","format":"standard","meta":{"_jetpack_newsletter_access":"","_jetpack_dont_email_post_to_subs":false,"_jetpack_newsletter_tier_id":0,"_jetpack_memberships_contains_paywalled_content":false,"_jetpack_memberships_contains_paid_content":false,"footnotes":""},"categories":[12],"tags":[],"class_list":["post-6428","post","type-post","status-publish","format-standard","hentry","category-deportes"],"jetpack_featured_media_url":"","jetpack_shortlink":"https:\/\/wp.me\/p2JWE0-1FG","jetpack-related-posts":[{"id":27315,"url":"https:\/\/www.24baires.com\/?p=27315","url_meta":{"origin":6428,"position":0},"title":"\u201cMe voy a ir con Independiente en Primera\u201d, asegur\u00f3 Cantero","author":"AF","date":"01\/07\/2013","format":false,"excerpt":"Tras los incidentes del viernes pasado ocurridos durante la asamblea de socios en el club, el presidente del Rojo, Javier Cantero, asegur\u00f3 que \u201cseguir\u00e1\u201d en su mandato y que se ir\u00e1 \u201ccon Independiente en Primera\u201d. \"Mi principal autocr\u00edtica es lo futbol\u00edstico, nos equivocamos en muchas decisiones y as\u00ed nos fue\u201d,\u2026","rel":"","context":"En \u00abSociedad\u00bb","block_context":{"text":"Sociedad","link":"https:\/\/www.24baires.com\/?cat=1"},"img":{"alt_text":"cantero aplaude","src":"https:\/\/i0.wp.com\/www.24baires.com\/wp-content\/uploads\/2012\/12\/cantero-aplaude.jpg?resize=350%2C200","width":350,"height":200,"srcset":"https:\/\/i0.wp.com\/www.24baires.com\/wp-content\/uploads\/2012\/12\/cantero-aplaude.jpg?resize=350%2C200 1x, https:\/\/i0.wp.com\/www.24baires.com\/wp-content\/uploads\/2012\/12\/cantero-aplaude.jpg?resize=525%2C300 1.5x"},"classes":[]},{"id":5496,"url":"https:\/\/www.24baires.com\/?p=5496","url_meta":{"origin":6428,"position":1},"title":"Por graves incidentes Independiente &#8211; Belgrano se suspendi\u00f3","author":"Grupo Sierra","date":"15\/11\/2012","format":false,"excerpt":"Integrantes de la barra de Independiente arrojaron bombas de estruendo, una de las cuales afect\u00f3 al arquero de Belgrano Juan Carlos Olave, y Laverni suspendi\u00f3 el partido que se jugaba en Avellaneda. El \u00e1rbitro Sa\u00fal Laverni decidi\u00f3 la inmediata suspensi\u00f3n del partido, correspondiente a la 15ta. fecha del torneo Inicial\u2026","rel":"","context":"En \u00abDeportes\u00bb","block_context":{"text":"Deportes","link":"https:\/\/www.24baires.com\/?cat=12"},"img":{"alt_text":"","src":"https:\/\/i0.wp.com\/www.24baires.com\/wp-content\/uploads\/2012\/11\/nde3pendiente_Fanchi_1_28740.jpg?resize=350%2C200","width":350,"height":200,"srcset":"https:\/\/i0.wp.com\/www.24baires.com\/wp-content\/uploads\/2012\/11\/nde3pendiente_Fanchi_1_28740.jpg?resize=350%2C200 1x, https:\/\/i0.wp.com\/www.24baires.com\/wp-content\/uploads\/2012\/11\/nde3pendiente_Fanchi_1_28740.jpg?resize=525%2C300 1.5x"},"classes":[]},{"id":42733,"url":"https:\/\/www.24baires.com\/?p=42733","url_meta":{"origin":6428,"position":2},"title":"Siguen los problemas en Independiente: Cantero llamar\u00e1 a elecciones","author":"Grupo Sierra","date":"25\/03\/2014","format":false,"excerpt":"El presidente de Independiente de Avellaneda, Javier Cantero, no renunci\u00f3 a su cargo tal como trascendi\u00f3 esta madrugada, pero s\u00ed tendr\u00eda decidido llamar a elecciones anticipadas a ra\u00edz de la grave crisis futbol\u00edstica e institucional que atraviesa el club. Seg\u00fan confirmaron desde el entorno del titular del \"Rojo\", Cantero no\u2026","rel":"","context":"En \u00abDeportes\u00bb","block_context":{"text":"Deportes","link":"https:\/\/www.24baires.com\/?cat=12"},"img":{"alt_text":"cantero","src":"https:\/\/i0.wp.com\/www.24baires.com\/wp-content\/uploads\/2012\/11\/cantero.jpg?resize=350%2C200","width":350,"height":200,"srcset":"https:\/\/i0.wp.com\/www.24baires.com\/wp-content\/uploads\/2012\/11\/cantero.jpg?resize=350%2C200 1x, https:\/\/i0.wp.com\/www.24baires.com\/wp-content\/uploads\/2012\/11\/cantero.jpg?resize=525%2C300 1.5x"},"classes":[]},{"id":25095,"url":"https:\/\/www.24baires.com\/?p=25095","url_meta":{"origin":6428,"position":3},"title":"Para Cantero los jugadores de Racing jugaron \u00abpara atr\u00e1s, eso es cobrar para perder\u00bb","author":"Grupo Sierra","date":"04\/06\/2013","format":false,"excerpt":"El presidente de Independiente hizo referencia a la derrota de la \"Academia\" ante Quilmes, rival directo del \"Rojo\" en la puja por evitar el descenso. \"Hay cosas de las que no se vuelve\", advirti\u00f3. \"Hay algunas cosas de las que no se vuelve, estamos tirando por la borda la esencia\u2026","rel":"","context":"En \u00abDeportes\u00bb","block_context":{"text":"Deportes","link":"https:\/\/www.24baires.com\/?cat=12"},"img":{"alt_text":"cantero 22","src":"https:\/\/i0.wp.com\/www.24baires.com\/wp-content\/uploads\/2013\/06\/cantero-22.jpg?resize=350%2C200","width":350,"height":200},"classes":[]},{"id":10509,"url":"https:\/\/www.24baires.com\/?p=10509","url_meta":{"origin":6428,"position":4},"title":"Montenegro firm\u00f3 para Independiente","author":"Grupo Sierra","date":"26\/12\/2012","format":false,"excerpt":"El mediocampista es el primer refuerzo del \"Rojo\" y neg\u00f3 ser la soluci\u00f3n a los problemas del equipo. \"No vengo a consagrarme, quiero que al club le vaya bien\", enfatiz\u00f3. \"No soy un salvador, s\u00f3lo soy agradecido y quiero dar una mano. Tengo el pase en mi poder y quiero\u2026","rel":"","context":"En \u00abDeportes\u00bb","block_context":{"text":"Deportes","link":"https:\/\/www.24baires.com\/?cat=12"},"img":{"alt_text":"montenegro independiente","src":"https:\/\/i0.wp.com\/www.24baires.com\/wp-content\/uploads\/2012\/12\/montenegro-independiente.jpg?resize=350%2C200","width":350,"height":200},"classes":[]},{"id":6880,"url":"https:\/\/www.24baires.com\/?p=6880","url_meta":{"origin":6428,"position":5},"title":"Cantero descarta campa\u00f1a contra el &#8216;Rojo&#8217;","author":"Grupo Sierra","date":"26\/11\/2012","format":false,"excerpt":"El presidente de Independiente descart\u00f3 una campa\u00f1a en perjuicio del equipo de Am\u00e9rico Gallego, que se ubica en zona de descenso, y asegur\u00f3 que su relaci\u00f3n con el presidente de AFA, Julio Grondona, es \"inmejorable\". El plantel se entren\u00f3 esta ma\u00f1ana en el predio de Villa Dom\u00ednico con vistas al\u2026","rel":"","context":"En \u00abDeportes\u00bb","block_context":{"text":"Deportes","link":"https:\/\/www.24baires.com\/?cat=12"},"img":{"alt_text":"","src":"https:\/\/i0.wp.com\/www.24baires.com\/wp-content\/uploads\/2012\/11\/cantero.jpg?resize=350%2C200","width":350,"height":200,"srcset":"https:\/\/i0.wp.com\/www.24baires.com\/wp-content\/uploads\/2012\/11\/cantero.jpg?resize=350%2C200 1x, https:\/\/i0.wp.com\/www.24baires.com\/wp-content\/uploads\/2012\/11\/cantero.jpg?resize=525%2C300 1.5x"},"classes":[]}],"jetpack_sharing_enabled":true,"jetpack_likes_enabled":true,"_links":{"self":[{"href":"https:\/\/www.24baires.com\/index.php?rest_route=\/wp\/v2\/posts\/6428","targetHints":{"allow":["GET"]}}],"collection":[{"href":"https:\/\/www.24baires.com\/index.php?rest_route=\/wp\/v2\/posts"}],"about":[{"href":"https:\/\/www.24baires.com\/index.php?rest_route=\/wp\/v2\/types\/post"}],"author":[{"embeddable":true,"href":"https:\/\/www.24baires.com\/index.php?rest_route=\/wp\/v2\/users\/11"}],"replies":[{"embeddable":true,"href":"https:\/\/www.24baires.com\/index.php?rest_route=%2Fwp%2Fv2%2Fcomments&post=6428"}],"version-history":[{"count":2,"href":"https:\/\/www.24baires.com\/index.php?rest_route=\/wp\/v2\/posts\/6428\/revisions"}],"predecessor-version":[{"id":6431,"href":"https:\/\/www.24baires.com\/index.php?rest_route=\/wp\/v2\/posts\/6428\/revisions\/6431"}],"wp:attachment":[{"href":"https:\/\/www.24baires.com\/index.php?rest_route=%2Fwp%2Fv2%2Fmedia&parent=6428"}],"wp:term":[{"taxonomy":"category","embeddable":true,"href":"https:\/\/www.24baires.com\/index.php?rest_route=%2Fwp%2Fv2%2Fcategories&post=6428"},{"taxonomy":"post_tag","embeddable":true,"href":"https:\/\/www.24baires.com\/index.php?rest_route=%2Fwp%2Fv2%2Ftags&post=6428"}],"curies":[{"name":"wp","href":"https:\/\/api.w.org\/{rel}","templated":true}]}}