{"id":6424,"date":"2012-11-22T19:36:46","date_gmt":"2012-11-22T22:36:46","guid":{"rendered":"http:\/\/www.24baires.com\/?p=6424"},"modified":"2012-11-23T13:39:59","modified_gmt":"2012-11-23T16:39:59","slug":"la-provincia-retoma-el-control-del-juego-on-line-a-traves-del-grupo-bapro","status":"publish","type":"post","link":"https:\/\/www.24baires.com\/?p=6424","title":{"rendered":"La Provincia retoma el control del juego on line a trav\u00e9s del Grupo Bapro"},"content":{"rendered":"<p><img data-recalc-dims=\"1\" loading=\"lazy\" decoding=\"async\" class=\"aligncenter size-full wp-image-6425\" title=\"scioli juego on line\" src=\"https:\/\/i0.wp.com\/www.24baires.com\/wp-content\/uploads\/2012\/11\/scioli-juego-on-line.jpg?resize=560%2C377\" alt=\"\" width=\"560\" height=\"377\" srcset=\"https:\/\/i0.wp.com\/www.24baires.com\/wp-content\/uploads\/2012\/11\/scioli-juego-on-line.jpg?w=560&amp;ssl=1 560w, https:\/\/i0.wp.com\/www.24baires.com\/wp-content\/uploads\/2012\/11\/scioli-juego-on-line.jpg?resize=300%2C201&amp;ssl=1 300w\" sizes=\"auto, (max-width: 560px) 100vw, 560px\" \/><\/p>\n<p>El gobernador Daniel Scioli supervis\u00f3 la construcci\u00f3n de la obra del centro de datos que <strong>a partir del 1 de diciembre ser\u00e1 operado por Provincia Pagos<\/strong>, y que dar\u00e1 inicio a un proceso de estatizaci\u00f3n a partir del cual la Provincia comenzar\u00e1 a recuperar los recursos estrat\u00e9gicos para la gesti\u00f3n del Sistema de Captaci\u00f3n de Apuestas de Juego On Line.<!--more--><\/p>\n<p>Junto al jefe de Gabinete, Alberto P\u00e9rez y el presidente del Grupo Banco Provincia, Santiago Montoya, quien estar\u00e1 a cargo de la intervenci\u00f3n y de la administraci\u00f3n del sistema, Scioli se interioriz\u00f3 acerca del modelo de gesti\u00f3n que permitir\u00e1 una mayor eficiencia y control absoluto del juego online.<\/p>\n<p>Provincia Pagos, una empresa del Grupo Banco Provincia, es l\u00edder en recaudaci\u00f3n extrabancaria que a partir de esta incorporaci\u00f3n adquirir\u00e1 nuevas capacidades y expandir\u00e1 sus fronteras, alcanzando un nuevo volumen de gesti\u00f3n en tecnolog\u00edas complejas y redes de datos.<\/p>\n","protected":false},"excerpt":{"rendered":"<p>El gobernador Daniel Scioli supervis\u00f3 la construcci\u00f3n de la obra del centro de datos que a partir del 1 de diciembre ser\u00e1 operado por Provincia Pagos, y que dar\u00e1 inicio a un proceso de estatizaci\u00f3n a partir del cual la Provincia comenzar\u00e1 a recuperar los recursos estrat\u00e9gicos para la gesti\u00f3n del Sistema de Captaci\u00f3n de Apuestas de Juego On Line.<\/p>\n","protected":false},"author":11,"featured_media":0,"comment_status":"open","ping_status":"open","sticky":false,"template":"","format":"standard","meta":{"_jetpack_newsletter_access":"","_jetpack_dont_email_post_to_subs":false,"_jetpack_newsletter_tier_id":0,"_jetpack_memberships_contains_paywalled_content":false,"_jetpack_memberships_contains_paid_content":false,"footnotes":""},"categories":[40],"tags":[],"class_list":["post-6424","post","type-post","status-publish","format-standard","hentry","category-provincia"],"jetpack_featured_media_url":"","jetpack_shortlink":"https:\/\/wp.me\/p2JWE0-1FC","jetpack-related-posts":[{"id":32560,"url":"https:\/\/www.24baires.com\/?p=32560","url_meta":{"origin":6424,"position":0},"title":"El Estado bonaerense anunci\u00f3 que oper\u00f3 por primera vez el juego on line","author":"AF","date":"27\/09\/2013","format":false,"excerpt":"El gobierno bonaerense anunci\u00f3 que logr\u00f3 por primera vez procesar todo el juego \u201con line\u201d durante la jornada de ayer y cerr\u00f3 la primera jugada como operador del sistema. As\u00ed lo anunci\u00f3 el presidente del Grupo Banco Provincia, Santiago Montoya, quien indic\u00f3 que la operatoria se realiz\u00f3 a trav\u00e9s de\u2026","rel":"","context":"En \u00abProvincia\u00bb","block_context":{"text":"Provincia","link":"https:\/\/www.24baires.com\/?cat=40"},"img":{"alt_text":"","src":"","width":0,"height":0},"classes":[]},{"id":2656,"url":"https:\/\/www.24baires.com\/?p=2656","url_meta":{"origin":6424,"position":1},"title":"Apuestas On Line: \u201cLo que pretenden hacer Scioli y Montoya es m\u00e1s de los mismo\u00bb","author":"Grupo Sierra","date":"19\/10\/2012","format":false,"excerpt":"PARTIDO DE LA COSTA.- En la presentaci\u00f3n de su libro en Santa Teresita, el diputado Walter Martello afirm\u00f3 que la idea de que el grupo Bapro se haga cargo de la captura de apuesta \u201ces mas de los mismo\u201d. El legislador present\u00f3 un proyecto para crear una agencia aut\u00e1rquica. El\u2026","rel":"","context":"En \u00abProvincia\u00bb","block_context":{"text":"Provincia","link":"https:\/\/www.24baires.com\/?cat=40"},"img":{"alt_text":"","src":"https:\/\/i0.wp.com\/www.24baires.com\/wp-content\/uploads\/2012\/10\/Martello-Walter-1-300x271.jpg?resize=350%2C200","width":350,"height":200},"classes":[]},{"id":103352,"url":"https:\/\/www.24baires.com\/?p=103352","url_meta":{"origin":6424,"position":2},"title":"In\u00e9dito: La Provincia no tiene opositores en los \u00f3rganos de contralor del gobierno","author":"Grupo Sierra","date":"15\/07\/2018","format":false,"excerpt":"El nombramiento de Mar\u00eda Fernanda Inza como contadora general de la Provincia, que Mar\u00eda Eugenia Vidal apur\u00f3 la semana que pas\u00f3 a favor de la mayor\u00eda que posee en el Senado y el oportuno apoyo de un representante del massismo, termin\u00f3 de consolidar una situaci\u00f3n con pocos antecedentes: todos los\u2026","rel":"","context":"En \u00abProvincia\u00bb","block_context":{"text":"Provincia","link":"https:\/\/www.24baires.com\/?cat=40"},"img":{"alt_text":"","src":"https:\/\/i0.wp.com\/www.dib.com.ar\/gestion\/images\/blogmanagement\/noticias\/thumb\/5b4b9524cb0ac1531680036.jpg?resize=350%2C200","width":350,"height":200,"srcset":"https:\/\/i0.wp.com\/www.dib.com.ar\/gestion\/images\/blogmanagement\/noticias\/thumb\/5b4b9524cb0ac1531680036.jpg?resize=350%2C200 1x, https:\/\/i0.wp.com\/www.dib.com.ar\/gestion\/images\/blogmanagement\/noticias\/thumb\/5b4b9524cb0ac1531680036.jpg?resize=525%2C300 1.5x"},"classes":[]},{"id":108387,"url":"https:\/\/www.24baires.com\/?p=108387","url_meta":{"origin":6424,"position":3},"title":"Scioli ratific\u00f3 su candidatura presidencial","author":"GB","date":"25\/05\/2019","format":false,"excerpt":"El exgobernador de la Provincia de Buenos Aires particip\u00f3 del Congreso Educativo de Ajedrez que se realiz\u00f3 en la ciudad balnearia y manifest\u00f3 sus deseos de ser el primer mandatario del pa\u00eds despu\u00e9s del 10 de diciembre, sin embargo aclar\u00f3: \u201cVer\u00e9 como peronista en qu\u00e9 lugar puedo hacer mi mayor\u2026","rel":"","context":"En \u00abPol\u00edtica\u00bb","block_context":{"text":"Pol\u00edtica","link":"https:\/\/www.24baires.com\/?cat=51"},"img":{"alt_text":"","src":"https:\/\/i0.wp.com\/www.24baires.com\/wp-content\/uploads\/2019\/05\/scioli-mar-del.jpg?resize=350%2C200","width":350,"height":200,"srcset":"https:\/\/i0.wp.com\/www.24baires.com\/wp-content\/uploads\/2019\/05\/scioli-mar-del.jpg?resize=350%2C200 1x, https:\/\/i0.wp.com\/www.24baires.com\/wp-content\/uploads\/2019\/05\/scioli-mar-del.jpg?resize=525%2C300 1.5x"},"classes":[]},{"id":12922,"url":"https:\/\/www.24baires.com\/?p=12922","url_meta":{"origin":6424,"position":4},"title":"El Banco Provincia increment\u00f3 sus ganancias un 95 por ciento el a\u00f1o pasado","author":"Grupo Sierra","date":"20\/01\/2013","format":false,"excerpt":"El presidente del Grupo Banco Provincia, Santiago Montoya, acompa\u00f1ado por el vicepresidente ejecutivo, Nicol\u00e1s Scioli, aseguraron hoy que 2012 fue el mejor a\u00f1o de la historia del holding, al obtener, entre otros resultados, un incremento del 95 % en sus ganancias, respecto del ejercicio anterior. Asimismo, y tras finalizar una\u2026","rel":"","context":"En \u00abEconom\u00eda\u00bb","block_context":{"text":"Econom\u00eda","link":"https:\/\/www.24baires.com\/?cat=45"},"img":{"alt_text":"","src":"","width":0,"height":0},"classes":[]},{"id":106709,"url":"https:\/\/www.24baires.com\/?p=106709","url_meta":{"origin":6424,"position":5},"title":"Vidal inaugur\u00f3 obras hidr\u00e1ulicas en La Plata","author":"GB","date":"06\/02\/2019","format":false,"excerpt":"En tono de campa\u00f1a y con fuertes cr\u00edticas a la gesti\u00f3n anterior, la gobernadora Mar\u00eda Eugenia Vidal inaugur\u00f3 hoy obras hidr\u00e1ulicas en la ciudad de La Plata, donde en 2013 una inundaci\u00f3n caus\u00f3 la muerte de 89 personas. Junto al intendente local Julio Garro, Vidal inaugur\u00f3 hoy el ensanche y\u2026","rel":"","context":"En \u00abProvincia\u00bb","block_context":{"text":"Provincia","link":"https:\/\/www.24baires.com\/?cat=40"},"img":{"alt_text":"","src":"https:\/\/i0.wp.com\/www.24baires.com\/wp-content\/uploads\/2019\/02\/vidal-en-la-plata-300x200.jpg?resize=350%2C200","width":350,"height":200},"classes":[]}],"jetpack_sharing_enabled":true,"jetpack_likes_enabled":true,"_links":{"self":[{"href":"https:\/\/www.24baires.com\/index.php?rest_route=\/wp\/v2\/posts\/6424","targetHints":{"allow":["GET"]}}],"collection":[{"href":"https:\/\/www.24baires.com\/index.php?rest_route=\/wp\/v2\/posts"}],"about":[{"href":"https:\/\/www.24baires.com\/index.php?rest_route=\/wp\/v2\/types\/post"}],"author":[{"embeddable":true,"href":"https:\/\/www.24baires.com\/index.php?rest_route=\/wp\/v2\/users\/11"}],"replies":[{"embeddable":true,"href":"https:\/\/www.24baires.com\/index.php?rest_route=%2Fwp%2Fv2%2Fcomments&post=6424"}],"version-history":[{"count":3,"href":"https:\/\/www.24baires.com\/index.php?rest_route=\/wp\/v2\/posts\/6424\/revisions"}],"predecessor-version":[{"id":6509,"href":"https:\/\/www.24baires.com\/index.php?rest_route=\/wp\/v2\/posts\/6424\/revisions\/6509"}],"wp:attachment":[{"href":"https:\/\/www.24baires.com\/index.php?rest_route=%2Fwp%2Fv2%2Fmedia&parent=6424"}],"wp:term":[{"taxonomy":"category","embeddable":true,"href":"https:\/\/www.24baires.com\/index.php?rest_route=%2Fwp%2Fv2%2Fcategories&post=6424"},{"taxonomy":"post_tag","embeddable":true,"href":"https:\/\/www.24baires.com\/index.php?rest_route=%2Fwp%2Fv2%2Ftags&post=6424"}],"curies":[{"name":"wp","href":"https:\/\/api.w.org\/{rel}","templated":true}]}}