{"id":64193,"date":"2015-04-13T13:30:56","date_gmt":"2015-04-13T16:30:56","guid":{"rendered":"http:\/\/www.24baires.com\/?p=64193"},"modified":"2015-04-13T13:01:52","modified_gmt":"2015-04-13T16:01:52","slug":"gracias-por-el-fuego","status":"publish","type":"post","link":"https:\/\/www.24baires.com\/?p=64193","title":{"rendered":"Gracias por el Fuego"},"content":{"rendered":"<p style=\"text-align: center;\"><img data-recalc-dims=\"1\" loading=\"lazy\" decoding=\"async\" class=\"aligncenter size-full wp-image-64194\" src=\"https:\/\/i0.wp.com\/www.24baires.com\/wp-content\/uploads\/2015\/04\/galeano2.jpg?resize=560%2C210\" alt=\"galeano2\" width=\"560\" height=\"210\" srcset=\"https:\/\/i0.wp.com\/www.24baires.com\/wp-content\/uploads\/2015\/04\/galeano2.jpg?w=560&amp;ssl=1 560w, https:\/\/i0.wp.com\/www.24baires.com\/wp-content\/uploads\/2015\/04\/galeano2.jpg?resize=300%2C113&amp;ssl=1 300w\" sizes=\"auto, (max-width: 560px) 100vw, 560px\" \/><\/p>\n<p style=\"text-align: right;\">\u201cYo escribo para quienes no pueden leerme.<br \/>\nLos de abajo,<br \/>\nlos que esperan desde hace siglos en la cola de la historia,<br \/>\nno saben leer o no tienen con qu\u00e9.\u201d<\/p>\n<p style=\"text-align: right;\"><em>(Eduardo Galeano)<\/em><\/p>\n<p>\u00c9l fue un raro tipo que dec\u00eda lo que pensaba y hac\u00eda lo que dec\u00eda. Eso escribi\u00f3 Galeano sobre el Che Guevara, pero de seguro nunca supo que con esas palabras se estaba refiriendo a s\u00ed mismo, tambi\u00e9n.<\/p>\n<p><!--more--><\/p>\n<p>Con su pluma batalladora cont\u00f3 de los intrincados caminos de nuestra Latinoam\u00e9rica, tierra despreciada y entra\u00f1able, como \u00e9l la describi\u00f3. Le dio voz a los enmudecidos por las dictaduras, a los acallados por el hambre eterno que mat\u00f3 y mata en nuestros pueblos. Fue canci\u00f3n en la tristeza, esperanza en las derrotas m\u00e1s crueles, fue latido en las tumbas. Galeno fue m\u00e1s que una vena que llevaba la sangre roja, roj\u00edsima, de punta a punta de la Patria Grande. Fue una arter\u00eda que bombe\u00f3 incansable las ideas desde un coraz\u00f3n acostumbrado a dar pelea, y siempre ubicado a la izquierda.<\/p>\n<p>Los militantes populares de este mundo, hoy despedimos a un gran compa\u00f1ero. Hoy ha muerto el guionista de nuestros sue\u00f1os, el buscador de la igualdad, el portador de la palabra precisa en los buenos o malos tiempos.<br \/>\nA Galeano lo llorar\u00e1n los pobres, aun aquellos que no lo conocieron, porque acaban de perder a un defensor de sus derechos, a un amigo simple, adorable, que s\u00f3lo quer\u00eda que ellos vivieran mejor.<\/p>\n<p>Galeano rescataba las memorias, tir\u00e1ndose de cabeza en los bravos mares del olvido. Escribi\u00f3 a destajo exponiendo en sus textos a los abusadores, a los que gustan de humillar al otro, a quienes gozan pisando cabezas. Los desnud\u00f3 para que podamos verlos tan cual son, aunque vistan ropas caras. Supo acercarse a los l\u00edderes mundiales que hicieron lo posible por progresar, por rescatar a sus pueblos de las garras imperiales, que s\u00f3lo tocan para marcarte con el signo de la pobreza y de la guerra.<\/p>\n<p>En su tentativa de s\u00edntesis para recuperar la unidad perdida del lenguaje humano, logr\u00f3 incendiar nuestros pensamientos de libertad urgente, de sed de justicia, de solidaridad hermana, de revoluci\u00f3n o muerte.<br \/>\nHoy, acurruqu\u00e9monos en el rinc\u00f3n que queda a la sombra que se proyecta desde esta nueva ausencia, palpemos la soledad que crece a nuestro alrededor: ha muerto un luchador. Reguemos con nuestras l\u00e1grimas dolidas los caminos de la Patria que \u00e9l transit\u00f3, desde las monta\u00f1as a las selvas, desde la nieve a los desiertos, desde las llanuras a los montes.<\/p>\n<p>En tus libros, Eduardo, seguiremos busc\u00e1ndote, cuando necesitemos consuelo ante la injusticia repetida, cuando nuestras palabras sean pocas y no alcancen para decir lo que queremos, cuando necesitemos leer y aprender de uno de los escritores m\u00e1s libres que han nacido en nuestras tierras.<br \/>\nGracias por el fuego, Eduardo. Tu llama, como la de tantos otros luchadores de la Patria Grande, ser\u00e1 dif\u00edcil de apagar. Hasta la victoria, siempre, compa\u00f1ero.<\/p>\n<p>&nbsp;<\/p>\n<p>&nbsp;<\/p>\n","protected":false},"excerpt":{"rendered":"<p>\u201cYo escribo para quienes no pueden leerme. Los de abajo, los que esperan desde hace siglos en la cola de la historia, no saben leer o no tienen con qu\u00e9.\u201d (Eduardo Galeano) \u00c9l fue un raro tipo que dec\u00eda lo que pensaba y hac\u00eda lo que dec\u00eda. Eso escribi\u00f3 Galeano sobre el Che Guevara, pero de seguro nunca supo que [&#8230;]<\/p>\n","protected":false},"author":11,"featured_media":0,"comment_status":"open","ping_status":"open","sticky":false,"template":"","format":"standard","meta":{"_jetpack_newsletter_access":"","_jetpack_dont_email_post_to_subs":false,"_jetpack_newsletter_tier_id":0,"_jetpack_memberships_contains_paywalled_content":false,"_jetpack_memberships_contains_paid_content":false,"footnotes":""},"categories":[64],"tags":[],"class_list":["post-64193","post","type-post","status-publish","format-standard","hentry","category-opinion"],"jetpack_featured_media_url":"","jetpack_shortlink":"https:\/\/wp.me\/p2JWE0-gHn","jetpack-related-posts":[{"id":64216,"url":"https:\/\/www.24baires.com\/?p=64216","url_meta":{"origin":64193,"position":0},"title":"Gracias por el fuego","author":"GB","date":"13\/04\/2015","format":false,"excerpt":"\u201cYo escribo para quienes no pueden leerme. Los de abajo, los que esperan desde hace siglos en la cola de la historia, no saben leer o no tienen con qu\u00e9.\u201d (Eduardo Galeano) \u00c9l fue un raro tipo que dec\u00eda lo que pensaba y hac\u00eda lo que dec\u00eda. Eso escribi\u00f3 Galeano\u2026","rel":"","context":"En \u00abOpini\u00f3n\u00bb","block_context":{"text":"Opini\u00f3n","link":"https:\/\/www.24baires.com\/?cat=64"},"img":{"alt_text":"Galeano","src":"https:\/\/i0.wp.com\/www.24baires.com\/wp-content\/uploads\/2015\/04\/Galeano.jpg?resize=350%2C200","width":350,"height":200,"srcset":"https:\/\/i0.wp.com\/www.24baires.com\/wp-content\/uploads\/2015\/04\/Galeano.jpg?resize=350%2C200 1x, https:\/\/i0.wp.com\/www.24baires.com\/wp-content\/uploads\/2015\/04\/Galeano.jpg?resize=525%2C300 1.5x"},"classes":[]},{"id":30155,"url":"https:\/\/www.24baires.com\/?p=30155","url_meta":{"origin":64193,"position":1},"title":"AMIA: Qued\u00f3 firme el caso contra el ex Juez Galeano","author":"GB","date":"14\/08\/2013","format":false,"excerpt":"La C\u00e1mara Federal de Casaci\u00f3n penal desestim\u00f3 un recurso del destituido ex juez federal Juan Jos\u00e9 Galeano, con lo cual ser\u00e1 juzgado por irregularidades en la investigaci\u00f3n del atentado a la AMIA, cuando la causa penal estuvo a su cargo, entre ellas el pago ilegal de 400 mil d\u00f3lares a\u2026","rel":"","context":"En \u00abJUDICIALES\u00bb","block_context":{"text":"JUDICIALES","link":"https:\/\/www.24baires.com\/?cat=68"},"img":{"alt_text":"Caso Galeano","src":"https:\/\/i0.wp.com\/www.24baires.com\/wp-content\/uploads\/2013\/08\/Caso-Galeano.jpg?resize=350%2C200","width":350,"height":200,"srcset":"https:\/\/i0.wp.com\/www.24baires.com\/wp-content\/uploads\/2013\/08\/Caso-Galeano.jpg?resize=350%2C200 1x, https:\/\/i0.wp.com\/www.24baires.com\/wp-content\/uploads\/2013\/08\/Caso-Galeano.jpg?resize=525%2C300 1.5x"},"classes":[]},{"id":80277,"url":"https:\/\/www.24baires.com\/?p=80277","url_meta":{"origin":64193,"position":2},"title":"Declararon familiares de Memoria Activa en el juicio por encubrimiento por la AMIA","author":"GB","date":"17\/03\/2016","format":false,"excerpt":"\"Vivimos la imposibilidad de elaborar un duelo por la falta de justicia\", expres\u00f3 la secretaria de Memoria Activa Diana Wassner, que junto con la presidenta de la asociaci\u00f3n Adriana Reisfeld denunciaron a la dirigencia de la comunidad jud\u00eda (AMIA\/DAIA) en la complicidad con la justicia de encubrir a los responsables\u2026","rel":"","context":"En \u00abPol\u00edtica\u00bb","block_context":{"text":"Pol\u00edtica","link":"https:\/\/www.24baires.com\/?cat=51"},"img":{"alt_text":"memoria activa amia","src":"https:\/\/i0.wp.com\/www.24baires.com\/wp-content\/uploads\/2016\/03\/memoria-activa-amia.jpg?resize=350%2C200","width":350,"height":200,"srcset":"https:\/\/i0.wp.com\/www.24baires.com\/wp-content\/uploads\/2016\/03\/memoria-activa-amia.jpg?resize=350%2C200 1x, https:\/\/i0.wp.com\/www.24baires.com\/wp-content\/uploads\/2016\/03\/memoria-activa-amia.jpg?resize=525%2C300 1.5x"},"classes":[]},{"id":69955,"url":"https:\/\/www.24baires.com\/?p=69955","url_meta":{"origin":64193,"position":3},"title":"El jueves comenzar\u00e1 el juicio por encubrimiento de la causa Amia","author":"AF","date":"03\/08\/2015","format":false,"excerpt":"Ser\u00e1n juzgados el ex presidente Carlos Menem; el ex tituar de la SIDE, Hugo Anzorregui; el ex Juez Juan Jos\u00e9 Galeano; el ex titular de la DAIA, Rub\u00e9n Beraja y el ex comisario Jorge \"Fino\" Palacios, entre otros. El pr\u00f3ximo jueves comenzar\u00e1 el juicio oral por graves delitos cometidos durante\u2026","rel":"","context":"En \u00abJUDICIALES\u00bb","block_context":{"text":"JUDICIALES","link":"https:\/\/www.24baires.com\/?cat=68"},"img":{"alt_text":"","src":"","width":0,"height":0},"classes":[]},{"id":64181,"url":"https:\/\/www.24baires.com\/?p=64181","url_meta":{"origin":64193,"position":4},"title":"Muri\u00f3 en Montevideo a los 74 a\u00f1os Eduardo Galeano","author":"Grupo Sierra","date":"13\/04\/2015","format":false,"excerpt":"El escritor y periodista uruguayo, autor de obras como \"Las venas abiertas de Am\u00e9rica Latina\" y de otras que indagan en las ra\u00edces de la realidad latinoamericana, muri\u00f3 hoy en Montevideo, informaron fuentes de Siglo XXI Editores, el sello que publica sus libros. Galeano fue sin duda uno de los\u2026","rel":"","context":"En \u00abGeneral\u00bb","block_context":{"text":"General","link":"https:\/\/www.24baires.com\/?cat=67"},"img":{"alt_text":"galeano1","src":"https:\/\/i0.wp.com\/www.24baires.com\/wp-content\/uploads\/2015\/04\/galeano1.jpg?resize=350%2C200","width":350,"height":200,"srcset":"https:\/\/i0.wp.com\/www.24baires.com\/wp-content\/uploads\/2015\/04\/galeano1.jpg?resize=350%2C200 1x, https:\/\/i0.wp.com\/www.24baires.com\/wp-content\/uploads\/2015\/04\/galeano1.jpg?resize=525%2C300 1.5x"},"classes":[]},{"id":53291,"url":"https:\/\/www.24baires.com\/?p=53291","url_meta":{"origin":64193,"position":5},"title":"En medio de la pol\u00e9mica, lanzaron el \u00abvideojuego del gendarme\u00bb","author":"Grupo Sierra","date":"08\/09\/2014","format":false,"excerpt":"El ingenio de los argentinos no se hizo esperar y tras el incidente la semana pasada durante una corte en la Panamericana ahora apareci\u00f3 un juego que ironiza el hecho. Roberto Galeano fue denunciado por miembros del PTS por haberse \"infiltrado\" entre manifestantes y se encontraba al mando del operativo\u2026","rel":"","context":"En \u00abTecnolog\u00eda\u00bb","block_context":{"text":"Tecnolog\u00eda","link":"https:\/\/www.24baires.com\/?cat=46"},"img":{"alt_text":"-_video_juego_gendarme_carancho.jpg_274898881","src":"https:\/\/i0.wp.com\/www.24baires.com\/wp-content\/uploads\/2014\/09\/video_juego_gendarme_carancho.jpg_274898881.jpg?resize=350%2C200","width":350,"height":200,"srcset":"https:\/\/i0.wp.com\/www.24baires.com\/wp-content\/uploads\/2014\/09\/video_juego_gendarme_carancho.jpg_274898881.jpg?resize=350%2C200 1x, https:\/\/i0.wp.com\/www.24baires.com\/wp-content\/uploads\/2014\/09\/video_juego_gendarme_carancho.jpg_274898881.jpg?resize=525%2C300 1.5x"},"classes":[]}],"jetpack_sharing_enabled":true,"jetpack_likes_enabled":true,"_links":{"self":[{"href":"https:\/\/www.24baires.com\/index.php?rest_route=\/wp\/v2\/posts\/64193","targetHints":{"allow":["GET"]}}],"collection":[{"href":"https:\/\/www.24baires.com\/index.php?rest_route=\/wp\/v2\/posts"}],"about":[{"href":"https:\/\/www.24baires.com\/index.php?rest_route=\/wp\/v2\/types\/post"}],"author":[{"embeddable":true,"href":"https:\/\/www.24baires.com\/index.php?rest_route=\/wp\/v2\/users\/11"}],"replies":[{"embeddable":true,"href":"https:\/\/www.24baires.com\/index.php?rest_route=%2Fwp%2Fv2%2Fcomments&post=64193"}],"version-history":[{"count":2,"href":"https:\/\/www.24baires.com\/index.php?rest_route=\/wp\/v2\/posts\/64193\/revisions"}],"predecessor-version":[{"id":64196,"href":"https:\/\/www.24baires.com\/index.php?rest_route=\/wp\/v2\/posts\/64193\/revisions\/64196"}],"wp:attachment":[{"href":"https:\/\/www.24baires.com\/index.php?rest_route=%2Fwp%2Fv2%2Fmedia&parent=64193"}],"wp:term":[{"taxonomy":"category","embeddable":true,"href":"https:\/\/www.24baires.com\/index.php?rest_route=%2Fwp%2Fv2%2Fcategories&post=64193"},{"taxonomy":"post_tag","embeddable":true,"href":"https:\/\/www.24baires.com\/index.php?rest_route=%2Fwp%2Fv2%2Ftags&post=64193"}],"curies":[{"name":"wp","href":"https:\/\/api.w.org\/{rel}","templated":true}]}}