{"id":6419,"date":"2012-11-22T19:14:12","date_gmt":"2012-11-22T22:14:12","guid":{"rendered":"http:\/\/www.24baires.com\/?p=6419"},"modified":"2012-11-22T19:14:12","modified_gmt":"2012-11-22T22:14:12","slug":"se-robaron-la-corona-de-la-virgen-de-san-nicolas","status":"publish","type":"post","link":"https:\/\/www.24baires.com\/?p=6419","title":{"rendered":"Se robaron la corona de la Virgen de San Nicol\u00e1s"},"content":{"rendered":"<p><img data-recalc-dims=\"1\" loading=\"lazy\" decoding=\"async\" class=\"alignleft size-medium wp-image-6420\" title=\"virgen san nicolas corona\" src=\"https:\/\/i0.wp.com\/www.24baires.com\/wp-content\/uploads\/2012\/11\/virgen-san-nicolas-corona.jpg?resize=300%2C235\" alt=\"\" width=\"300\" height=\"235\" srcset=\"https:\/\/i0.wp.com\/www.24baires.com\/wp-content\/uploads\/2012\/11\/virgen-san-nicolas-corona.jpg?resize=300%2C235&amp;ssl=1 300w, https:\/\/i0.wp.com\/www.24baires.com\/wp-content\/uploads\/2012\/11\/virgen-san-nicolas-corona.jpg?w=360&amp;ssl=1 360w\" sizes=\"auto, (max-width: 300px) 100vw, 300px\" \/>Las coronas de la imagen de la Virgen y del ni\u00f1o Jes\u00fas, adem\u00e1s del rosario que ambos sosten\u00edan fueron robados hoy del santuario de Mar\u00eda del Rosario de la ciudad de San Nicol\u00e1s.\u00a0El robo fue descubierto esta ma\u00f1ana en el segundo piso de un sector nuevo y a\u00fan en refacci\u00f3n del santuario situado en Sarmiento 420, de San Nicol\u00e1s, informaron fuentes policiales.<!--more--><\/p>\n<p>Seg\u00fan la agencia AICA, el sacrist\u00e1n del templo (encargado de la apertura) encontr\u00f3 pedazos de cristal de la vitrina protectora por el piso y la imagen desprovista de los ornamentos que la acompa\u00f1an.<\/p>\n<p>Es que, seg\u00fan fuentes policiales consultadas por T\u00e9lam, los autores del robo utilizaron un palo para romper el blindex y apoderarse de los objetos.<\/p>\n<p>Los mismos voceros dijeron que la corona robada est\u00e1 ba\u00f1ada en plata.<\/p>\n<p>La investigaci\u00f3n del hecho est\u00e1 a cargo de la comisar\u00eda primera de San Nicol\u00e1s y del fiscal Dar\u00edo Giagnorio, quien esta ma\u00f1ana acudi\u00f3 al santuario y supervis\u00f3 las tareas de la Polic\u00eda Cient\u00edfica.<\/p>\n<p>Las fuentes dijeron que en el lugar donde se cometi\u00f3 el robo no hab\u00eda instaladas c\u00e1maras de seguridad ni sistemas de alarma.<\/p>\n<p>Seg\u00fan consignaron dos empleadas administrativas mencionadas por la agencia AICA, el presb\u00edtero Carlos P\u00e9rez, rector del santuario, decidi\u00f3 no brindar entrevistas a los medios ya que \u00abest\u00e1 muy afectado por lo ocurrido\u00bb.<\/p>\n","protected":false},"excerpt":{"rendered":"<p>Las coronas de la imagen de la Virgen y del ni\u00f1o Jes\u00fas, adem\u00e1s del rosario que ambos sosten\u00edan fueron robados hoy del santuario de Mar\u00eda del Rosario de la ciudad de San Nicol\u00e1s.\u00a0El robo fue descubierto esta ma\u00f1ana en el segundo piso de un sector nuevo y a\u00fan en refacci\u00f3n del santuario situado en Sarmiento 420, de San Nicol\u00e1s, informaron [&#8230;]<\/p>\n","protected":false},"author":11,"featured_media":0,"comment_status":"open","ping_status":"open","sticky":false,"template":"","format":"standard","meta":{"_jetpack_newsletter_access":"","_jetpack_dont_email_post_to_subs":false,"_jetpack_newsletter_tier_id":0,"_jetpack_memberships_contains_paywalled_content":false,"_jetpack_memberships_contains_paid_content":false,"footnotes":""},"categories":[49],"tags":[],"class_list":["post-6419","post","type-post","status-publish","format-standard","hentry","category-policiales"],"jetpack_featured_media_url":"","jetpack_shortlink":"https:\/\/wp.me\/p2JWE0-1Fx","jetpack-related-posts":[{"id":32433,"url":"https:\/\/www.24baires.com\/?p=32433","url_meta":{"origin":6419,"position":0},"title":"Miles de fieles se re\u00fanen en San Nicol\u00e1s","author":"AF","date":"25\/09\/2013","format":false,"excerpt":"Miles de peregrinos procedentes de distintas provincias y pa\u00edses lim\u00edtrofes comenzaron a llegar ayer a la ciudad bonaerense de San Nicol\u00e1s, para participar este mi\u00e9rcoles de la fiesta religiosa por los 30 a\u00f1os de la primera \"aparici\u00f3n\" de la Virgen Mar\u00eda a una vecina de la zona. Desde la medianoche\u2026","rel":"","context":"En \u00abLocales\u00bb","block_context":{"text":"Locales","link":"https:\/\/www.24baires.com\/?cat=38"},"img":{"alt_text":"","src":"","width":0,"height":0},"classes":[]},{"id":393,"url":"https:\/\/www.24baires.com\/?p=393","url_meta":{"origin":6419,"position":1},"title":"Cerca de 500 mil fieles participan en San Nicol\u00e1s de la festividad de la Virgen del Rosario","author":"Grupo Sierra","date":"25\/09\/2012","format":false,"excerpt":"Miles de peregrinos de todo el pa\u00eds celebran el vig\u00e9simo noveno aniversario de la aparici\u00f3n de la Virgen Mar\u00eda del Rosario en San Nicol\u00e1s, en el marco de una fr\u00eda pero soleada jornada.\u00a0La celebraci\u00f3n se realiza bajo el lema \"Madre, bendice nuestra Patria\", y se trata de una de las\u2026","rel":"","context":"En \u00abSociedad\u00bb","block_context":{"text":"Sociedad","link":"https:\/\/www.24baires.com\/?cat=1"},"img":{"alt_text":"","src":"https:\/\/i0.wp.com\/www.24baires.com\/wp-content\/uploads\/2012\/09\/virgen-san-nicolas.jpg?resize=350%2C200","width":350,"height":200,"srcset":"https:\/\/i0.wp.com\/www.24baires.com\/wp-content\/uploads\/2012\/09\/virgen-san-nicolas.jpg?resize=350%2C200 1x, https:\/\/i0.wp.com\/www.24baires.com\/wp-content\/uploads\/2012\/09\/virgen-san-nicolas.jpg?resize=525%2C300 1.5x"},"classes":[]},{"id":49050,"url":"https:\/\/www.24baires.com\/?p=49050","url_meta":{"origin":6419,"position":2},"title":"Ins\u00f3lito: profanaron una imagen en la Catedral de Mor\u00f3n y se llevaron reliquias hist\u00f3ricas","author":"GB","date":"01\/07\/2014","format":false,"excerpt":"Un grupo de ladrones ingres\u00f3 al templo profanaron la imagen de la Virgen de los Dolores y se robaron algunas reliquias que datan de fines del siglo XVII. Ladrones profanaron la imagen de la Virgen de los Dolores, que est\u00e1 dentro de una hornacina en uno de los altares de\u2026","rel":"","context":"En \u00abPoliciales\u00bb","block_context":{"text":"Policiales","link":"https:\/\/www.24baires.com\/?cat=49"},"img":{"alt_text":"catedral mor\u00f3n","src":"https:\/\/i0.wp.com\/www.24baires.com\/wp-content\/uploads\/2014\/07\/catedral-mor%C3%B3n.jpg?resize=350%2C200","width":350,"height":200,"srcset":"https:\/\/i0.wp.com\/www.24baires.com\/wp-content\/uploads\/2014\/07\/catedral-mor%C3%B3n.jpg?resize=350%2C200 1x, https:\/\/i0.wp.com\/www.24baires.com\/wp-content\/uploads\/2014\/07\/catedral-mor%C3%B3n.jpg?resize=525%2C300 1.5x"},"classes":[]},{"id":72688,"url":"https:\/\/www.24baires.com\/?p=72688","url_meta":{"origin":6419,"position":3},"title":"San Nicol\u00e1s: 20 mil fieles saludaron a la Virgen del Rosario","author":"AF","date":"25\/09\/2015","format":false,"excerpt":"Unas 20.000 personas se acercaron hasta la ciudad de San Nicol\u00e1s, en el norte de la provincia de Buenos Aires, para participar de la procesi\u00f3n y la misa con las que se celebra el 32do. aniversario de la aparici\u00f3n de la Virgen del Rosario, en una ceremonia que se repite\u2026","rel":"","context":"En \u00abSociedad\u00bb","block_context":{"text":"Sociedad","link":"https:\/\/www.24baires.com\/?cat=1"},"img":{"alt_text":"virgen san nicol\u00e1s","src":"https:\/\/i0.wp.com\/www.24baires.com\/wp-content\/uploads\/2015\/09\/virgen-san-nicol%C3%A1s.jpg?resize=350%2C200","width":350,"height":200,"srcset":"https:\/\/i0.wp.com\/www.24baires.com\/wp-content\/uploads\/2015\/09\/virgen-san-nicol%C3%A1s.jpg?resize=350%2C200 1x, https:\/\/i0.wp.com\/www.24baires.com\/wp-content\/uploads\/2015\/09\/virgen-san-nicol%C3%A1s.jpg?resize=525%2C300 1.5x"},"classes":[]},{"id":44384,"url":"https:\/\/www.24baires.com\/?p=44384","url_meta":{"origin":6419,"position":4},"title":"Detuvieron a una banda de motochorros en Ensenada","author":"GB","date":"21\/04\/2014","format":false,"excerpt":"Una banda de motochorros, que ten\u00eda en su guarida un santuario para venerar a San La Muerte y otro al Gauchito Gil, fue desbaratada tras m\u00faltiples allanamientos en la localidad bonaerense de Ensenada, informaron fuentes policiales. Los procedimientos, que fueron llevados a cabos por personal de la Jefatura Departamental Berisso-Ensenada,\u2026","rel":"","context":"En \u00abPoliciales\u00bb","block_context":{"text":"Policiales","link":"https:\/\/www.24baires.com\/?cat=49"},"img":{"alt_text":"motochorro","src":"https:\/\/i0.wp.com\/www.24baires.com\/wp-content\/uploads\/2013\/02\/motochorro.jpg?resize=350%2C200","width":350,"height":200,"srcset":"https:\/\/i0.wp.com\/www.24baires.com\/wp-content\/uploads\/2013\/02\/motochorro.jpg?resize=350%2C200 1x, https:\/\/i0.wp.com\/www.24baires.com\/wp-content\/uploads\/2013\/02\/motochorro.jpg?resize=525%2C300 1.5x"},"classes":[]},{"id":112333,"url":"https:\/\/www.24baires.com\/?p=112333","url_meta":{"origin":6419,"position":5},"title":"Luj\u00e1n: paro de colectivos luego de que balearan a un chofer","author":"AF","date":"02\/10\/2019","format":false,"excerpt":"El violento episodio ocurri\u00f3 en el barrio El Quinto, cuando el trabajador al volante, que hab\u00eda finalizado su recorrido, descendi\u00f3 del veh\u00edculo para descansar y fue abordado por un delincuente que le peg\u00f3 un tiro en una mano. Habr\u00e1 un cese de actividades en reclamo de mayor seguridad. Un colectivero\u2026","rel":"","context":"En \u00abLocales\u00bb","block_context":{"text":"Locales","link":"https:\/\/www.24baires.com\/?cat=38"},"img":{"alt_text":"","src":"https:\/\/i0.wp.com\/www.24baires.com\/wp-content\/uploads\/2017\/06\/colectivo-111.jpg?resize=350%2C200","width":350,"height":200},"classes":[]}],"jetpack_sharing_enabled":true,"jetpack_likes_enabled":true,"_links":{"self":[{"href":"https:\/\/www.24baires.com\/index.php?rest_route=\/wp\/v2\/posts\/6419","targetHints":{"allow":["GET"]}}],"collection":[{"href":"https:\/\/www.24baires.com\/index.php?rest_route=\/wp\/v2\/posts"}],"about":[{"href":"https:\/\/www.24baires.com\/index.php?rest_route=\/wp\/v2\/types\/post"}],"author":[{"embeddable":true,"href":"https:\/\/www.24baires.com\/index.php?rest_route=\/wp\/v2\/users\/11"}],"replies":[{"embeddable":true,"href":"https:\/\/www.24baires.com\/index.php?rest_route=%2Fwp%2Fv2%2Fcomments&post=6419"}],"version-history":[{"count":3,"href":"https:\/\/www.24baires.com\/index.php?rest_route=\/wp\/v2\/posts\/6419\/revisions"}],"predecessor-version":[{"id":6423,"href":"https:\/\/www.24baires.com\/index.php?rest_route=\/wp\/v2\/posts\/6419\/revisions\/6423"}],"wp:attachment":[{"href":"https:\/\/www.24baires.com\/index.php?rest_route=%2Fwp%2Fv2%2Fmedia&parent=6419"}],"wp:term":[{"taxonomy":"category","embeddable":true,"href":"https:\/\/www.24baires.com\/index.php?rest_route=%2Fwp%2Fv2%2Fcategories&post=6419"},{"taxonomy":"post_tag","embeddable":true,"href":"https:\/\/www.24baires.com\/index.php?rest_route=%2Fwp%2Fv2%2Ftags&post=6419"}],"curies":[{"name":"wp","href":"https:\/\/api.w.org\/{rel}","templated":true}]}}