{"id":6411,"date":"2012-11-22T09:15:26","date_gmt":"2012-11-22T12:15:26","guid":{"rendered":"http:\/\/www.24baires.com\/?p=6411"},"modified":"2012-11-22T18:46:11","modified_gmt":"2012-11-22T21:46:11","slug":"500-abuelos-matanceros-de-paseo-en-las-margaritas","status":"publish","type":"post","link":"https:\/\/www.24baires.com\/?p=6411","title":{"rendered":"500 abuelos matanceros de paseo en Las Margaritas"},"content":{"rendered":"<p>El viernes pasado 500 abuelos de <strong>La Matanza<\/strong> pasaron un d\u00eda a pura diversi\u00f3n en la quinta Las Margaritas de General Rodr\u00edguez. La jornada fue organizada por la Secretar\u00eda de la Tercera Edad Municipal.<!--more--><\/p>\n<p>El paseo fue totalmente gratuito e incluy\u00f3 viaje, desayuno, almuerzo, merienda, show, sorteos, campeonato de tejo, truco, entre otros.<\/p>\n<p>Participaron los siguientes centros de jubilados y pensionados: La Amistad, Sue\u00f1os del Arca y Social Almafuerte de San Justo; La Esperanza de Ciudad Madero y Madero Central de Villa Madro; Esparta de Tapiales, Volver a Empezar, Abuelos del Coraz\u00f3n, Sicilia por Siempre Amigos de La Tablada; General San Mart\u00edn de Villa Insuperable; Resurgimiento, Don Bosco, J\u00f3venes por Siempre y Monte Carmelo de Ramos Mej\u00eda; Madres del Barrio Don Juan y Ram\u00f3n Carrillo de Laferrere; 8 de Marzo, 11 de Marzo y Nueva Juventud de Ciudad Evita; Encuentro de la Tercera Edad y Altos de Casanova de Isidro Casanova; 1\u00ba de Cat\u00e1n de Gonz\u00e1lez Cat\u00e1n; El Paraiso y Sol de Oto\u00f1o de Rafael Castillo; y Caminando Juntos de Villa Luzuriaga.<\/p>\n","protected":false},"excerpt":{"rendered":"<p>El viernes pasado 500 abuelos de La Matanza pasaron un d\u00eda a pura diversi\u00f3n en la quinta Las Margaritas de General Rodr\u00edguez. La jornada fue organizada por la Secretar\u00eda de la Tercera Edad Municipal.<\/p>\n","protected":false},"author":11,"featured_media":0,"comment_status":"open","ping_status":"open","sticky":false,"template":"","format":"standard","meta":{"_jetpack_newsletter_access":"","_jetpack_dont_email_post_to_subs":false,"_jetpack_newsletter_tier_id":0,"_jetpack_memberships_contains_paywalled_content":false,"_jetpack_memberships_contains_paid_content":false,"footnotes":""},"categories":[1],"tags":[],"class_list":["post-6411","post","type-post","status-publish","format-standard","hentry","category-sociedad"],"jetpack_featured_media_url":"","jetpack_shortlink":"https:\/\/wp.me\/p2JWE0-1Fp","jetpack-related-posts":[{"id":42339,"url":"https:\/\/www.24baires.com\/?p=42339","url_meta":{"origin":6411,"position":0},"title":"Madres y Abuelas de Plaza de Mayo tuvieron su homenaje en Mar del Plata","author":"Grupo Sierra","date":"17\/03\/2014","format":false,"excerpt":"Se realiz\u00f3 un recordatorio de Isabel S\u00e1enz de Rodr\u00edguez, miembro de Madres de Plaza de Mayo-L\u00ednea Fundadora, fallecida recientemente, y tambi\u00e9n a Miguel Angel Lezcano y Olga Margarita Benzone, cuyas fotos pasar\u00e1n a formar parte del Mural de la Memoria, Verdad y Justicia que est\u00e1 en una de las paredes\u2026","rel":"","context":"En \u00abMemoria\u00bb","block_context":{"text":"Memoria","link":"https:\/\/www.24baires.com\/?cat=50"},"img":{"alt_text":"IMG_20140317_103058","src":"https:\/\/i0.wp.com\/www.24baires.com\/wp-content\/uploads\/2014\/03\/IMG_20140317_103058.jpg?resize=350%2C200","width":350,"height":200,"srcset":"https:\/\/i0.wp.com\/www.24baires.com\/wp-content\/uploads\/2014\/03\/IMG_20140317_103058.jpg?resize=350%2C200 1x, https:\/\/i0.wp.com\/www.24baires.com\/wp-content\/uploads\/2014\/03\/IMG_20140317_103058.jpg?resize=525%2C300 1.5x"},"classes":[]},{"id":86188,"url":"https:\/\/www.24baires.com\/?p=86188","url_meta":{"origin":6411,"position":1},"title":"Abuelas denunci\u00f3 que un represor viol\u00f3 su prisi\u00f3n domiciliaria y pase\u00f3 por Liniers","author":"Grupo Sierra","date":"11\/08\/2016","format":false,"excerpt":"Abuelas de Plaza de Mayo denunciaron hoy ante la Justicia que el represor Luis Trillo viol\u00f3 su beneficio de prisi\u00f3n domiciliaria y en su presentaci\u00f3n aportaron pruebas fotogr\u00e1ficas del episodio. Trillo, acusado por delitos de lesa humanidad, aparece en las im\u00e1genes capturadas por el fot\u00f3grafo Gaspar Galazzi en la calle\u2026","rel":"","context":"En \u00abMemoria\u00bb","block_context":{"text":"Memoria","link":"https:\/\/www.24baires.com\/?cat=50"},"img":{"alt_text":"","src":"","width":0,"height":0},"classes":[]},{"id":7478,"url":"https:\/\/www.24baires.com\/?p=7478","url_meta":{"origin":6411,"position":2},"title":"Realizan marcha para quitar la figura de Roca de monumentos y paseos p\u00fablicos","author":"AF","date":"01\/12\/2012","format":false,"excerpt":"Integrantes de pueblos originarios iniciaron en el partido bonaerense de Quilmes una movilizaci\u00f3n que busca quitar la figura del ex presidente Roca de monumentos y paseos p\u00fablicos. De la movilizaci\u00f3n participan tambi\u00e9n integrantes de la Central de Trabajadores Argentinos (CTA), del Suteba y el historiador y periodista Osvaldo Bayer. La\u2026","rel":"","context":"En \u00abSociedad\u00bb","block_context":{"text":"Sociedad","link":"https:\/\/www.24baires.com\/?cat=1"},"img":{"alt_text":"","src":"","width":0,"height":0},"classes":[]},{"id":73671,"url":"https:\/\/www.24baires.com\/?p=73671","url_meta":{"origin":6411,"position":3},"title":"La nieta 117 se reuni\u00f3 con sus abuelas biol\u00f3gicas","author":"AF","date":"16\/10\/2015","format":false,"excerpt":"Claudia Dom\u00ednguez Castro, la nieta recuperada en agosto, se reencontr\u00f3 p\u00fablicamente hoy con sus abuelas biol\u00f3gicas y confes\u00f3 que aunque sab\u00eda que era adoptada, la posibilidad de haber sido hija de desaparecidos y apropiada \u201cera lejana, pero no imposible\u201d. Claudia Dom\u00ednguez Castro, la nieta recuperada n\u00famero 117, quien se enter\u00f3\u2026","rel":"","context":"En \u00abSociedad\u00bb","block_context":{"text":"Sociedad","link":"https:\/\/www.24baires.com\/?cat=1"},"img":{"alt_text":"117","src":"https:\/\/i0.wp.com\/www.24baires.com\/wp-content\/uploads\/2015\/10\/117.jpg?resize=350%2C200","width":350,"height":200,"srcset":"https:\/\/i0.wp.com\/www.24baires.com\/wp-content\/uploads\/2015\/10\/117.jpg?resize=350%2C200 1x, https:\/\/i0.wp.com\/www.24baires.com\/wp-content\/uploads\/2015\/10\/117.jpg?resize=525%2C300 1.5x"},"classes":[]},{"id":33618,"url":"https:\/\/www.24baires.com\/?p=33618","url_meta":{"origin":6411,"position":4},"title":"Stolbizer propone dividir La Matanza en cuatro municipios","author":"AF","date":"16\/10\/2013","format":false,"excerpt":"La candidata del Frente Progresista C\u00edvico y Social(FPCyS), Margarita Stolbizer propuso dividir La Matanza en cuatro municipios. Se trata de una iniciativa de los vecinos de ese partido bonaerense. Stolbizer explic\u00f3 que desde el punto de vista pol\u00edtico, La Matanza es eldistrito que mayor desproporci\u00f3n presenta en su representaci\u00f3n comunal.\u2026","rel":"","context":"En \u00abPol\u00edtica\u00bb","block_context":{"text":"Pol\u00edtica","link":"https:\/\/www.24baires.com\/?cat=51"},"img":{"alt_text":"stolbizer","src":"https:\/\/i0.wp.com\/www.24baires.com\/wp-content\/uploads\/2013\/07\/stolbizer-300x187.jpg?resize=350%2C200","width":350,"height":200},"classes":[]},{"id":40687,"url":"https:\/\/www.24baires.com\/?p=40687","url_meta":{"origin":6411,"position":5},"title":"Un ni\u00f1o se cay\u00f3 del tercer piso de un edificio en Villa Lugano","author":"GB","date":"18\/02\/2014","format":false,"excerpt":"VILLA LUGANO-El nene, de 5 a\u00f1os, estaba al cuidado de su abuela, de 91, en un edificio de Villa Lugano. Sufri\u00f3 \"politraumatismos diversos\" pero se encuentra \"estable\". Un ni\u00f1o, de 5 a\u00f1os, se cay\u00f3 este martes de un tercer piso de un edificio de Villa Lugano y est\u00e1 internado con\u2026","rel":"","context":"En \u00abSociedad\u00bb","block_context":{"text":"Sociedad","link":"https:\/\/www.24baires.com\/?cat=1"},"img":{"alt_text":"ambulancia Same","src":"https:\/\/i0.wp.com\/www.24baires.com\/wp-content\/uploads\/2014\/02\/ambulancia-Same-300x168.jpg?resize=350%2C200","width":350,"height":200},"classes":[]}],"jetpack_sharing_enabled":true,"jetpack_likes_enabled":true,"_links":{"self":[{"href":"https:\/\/www.24baires.com\/index.php?rest_route=\/wp\/v2\/posts\/6411","targetHints":{"allow":["GET"]}}],"collection":[{"href":"https:\/\/www.24baires.com\/index.php?rest_route=\/wp\/v2\/posts"}],"about":[{"href":"https:\/\/www.24baires.com\/index.php?rest_route=\/wp\/v2\/types\/post"}],"author":[{"embeddable":true,"href":"https:\/\/www.24baires.com\/index.php?rest_route=\/wp\/v2\/users\/11"}],"replies":[{"embeddable":true,"href":"https:\/\/www.24baires.com\/index.php?rest_route=%2Fwp%2Fv2%2Fcomments&post=6411"}],"version-history":[{"count":1,"href":"https:\/\/www.24baires.com\/index.php?rest_route=\/wp\/v2\/posts\/6411\/revisions"}],"predecessor-version":[{"id":6412,"href":"https:\/\/www.24baires.com\/index.php?rest_route=\/wp\/v2\/posts\/6411\/revisions\/6412"}],"wp:attachment":[{"href":"https:\/\/www.24baires.com\/index.php?rest_route=%2Fwp%2Fv2%2Fmedia&parent=6411"}],"wp:term":[{"taxonomy":"category","embeddable":true,"href":"https:\/\/www.24baires.com\/index.php?rest_route=%2Fwp%2Fv2%2Fcategories&post=6411"},{"taxonomy":"post_tag","embeddable":true,"href":"https:\/\/www.24baires.com\/index.php?rest_route=%2Fwp%2Fv2%2Ftags&post=6411"}],"curies":[{"name":"wp","href":"https:\/\/api.w.org\/{rel}","templated":true}]}}