{"id":6409,"date":"2012-11-22T18:32:04","date_gmt":"2012-11-22T21:32:04","guid":{"rendered":"http:\/\/www.24baires.com\/?p=6409"},"modified":"2012-11-22T18:32:04","modified_gmt":"2012-11-22T21:32:04","slug":"para-la-fiscal-del-triple-crimen-de-gral-rodriguez-todo-fue-premeditado","status":"publish","type":"post","link":"https:\/\/www.24baires.com\/?p=6409","title":{"rendered":"Para la fiscal del Triple Crimen de Gral. Rodr\u00edguez todo fue \u00abpremeditado\u00bb"},"content":{"rendered":"<p>La fiscal Marcela Falabella afirm\u00f3 que el triple homicidio de General Rodr\u00edguez, ocurrido en 2008, fue \u00abun crimen premeditado\u00bb por los cuatro imputados y un miembro de una fuerza de seguridad de esa localidad.<!--more--><br \/>\nFalabella, junto a su colega Juan Bidone, comenzaron a exponer este mediod\u00eda ante el Tribunal Oral en lo Criminal 2 de Mercedes, con dos horas de atraso, y se espera que tras unas tres horas soliciten la pena de prisi\u00f3n perpetua para los cuatro imputados.<br \/>\n\u00abEste es un crimen motivado en la sociedad de hecho que conformaron las tres v\u00edctimas para dedicarse al tr\u00e1fico de sustancias qu\u00edmicas, entre ellas la efedrina\u00bb, comenz\u00f3 la fiscal ante una sala con pocos familiares de los tres hombres asesinados y de los imputados.<br \/>\nFalabella sostuvo que \u00abfue un crimen premeditado por Mart\u00edn Lanatta, Cristian Lanatta, V\u00edctor Schillaci y Mart\u00edn Schillaci, Ibar Esteban P\u00e9rez Corradi y alguien de una fuerza de seguridad de General Rodr\u00edguez, quienes planificaron todos los detalles\u00bb.<br \/>\nLos fiscales comenzaron a exhibir las principales pruebas reunidas durante el juicio a trav\u00e9s de videos, fotograf\u00edas y diferentes formatos digitales para una mejor comprensi\u00f3n de los jueces.<br \/>\nBidone inici\u00f3 su parte del alegato explicando c\u00f3mo se realizaba el tr\u00e1fico ilegal de efedrina y mencion\u00f3 el laboratorio clandestino que se encontr\u00f3 en Ingeniero Maschwitz.<br \/>\nTras el alegato de la fiscal\u00eda, los jueces Fernando Bustos Berrondo, Graciela Larroque y Marco Barski escuchar\u00e1n la exposici\u00f3n de los abogados del particular damnificado, Alejandro S\u00e1nchez Kalbermatten, que representa a la familia de Bina, y Miguel Angel Pierri, en nombre de los Ferr\u00f3n, en tanto que en otra jornada har\u00e1n lo propio las defensas.<br \/>\nTodos los imputados est\u00e1n acusados de ser coautores de \u00abprivaci\u00f3n ilegal de la libertad agravada por su comisi\u00f3n mediante violencia y amenazas, en concurso real con homicidio agravado por su comisi\u00f3n con ensa\u00f1amiento, alevos\u00eda y con el concurso premeditado de m\u00e1s de dos personas -tres hechos-, todos enlazados materialmente entre s\u00ed\u00bb.<br \/>\n\u00abVamos a acusar a los cuatro imputados de ser coautores del crimen, aunque los m\u00e1s comprometidos son Mart\u00edn Lanatta y V\u00edctor Schillaci. Este hecho no se pod\u00eda haber cometido sin la presencia de todos\u00bb, dijo a T\u00e9lam S\u00e1nchez Kalbermatten.<br \/>\nEl abogado dijo estar \u00abconvencido\u00bb de que son \u00abculpables\u00bb y que el m\u00f3vil de la masacre fue triple: el tr\u00e1fico de efedrina, la compra-venta de medicamentos truchos y las deudas que manten\u00eda Forza con el supuesto autor intelectual de los cr\u00edmenes, P\u00e9rez Corradi (35), actualmente pr\u00f3fugo.<br \/>\nPor su parte, Pierri adelant\u00f3 que tambi\u00e9n acusar\u00e1 a todos los imputados, aunque no adelant\u00f3 qu\u00e9 pena solicitar\u00e1, y consider\u00f3 que en la investigaci\u00f3n fue \u00abclave\u00bb el trabajo sobre los celulares.<br \/>\nPara el letrado, durante el debate \u00abse ha probado que Forza concurri\u00f3 con Bina y Ferr\u00f3n al hipermercado Wal Mart (de la localidad bonaerense de Sarand\u00ed) a una reuni\u00f3n previamente acordada con Mart\u00edn Lanatta\u00bb, el 7 de agosto de 2008.<br \/>\n\u00abUna vez all\u00ed, fueron llevados a la casa de Cristian Lanatta (en Quilmes) y ejecutados entre las 14 y las 17 de ese mismo d\u00eda. Lo que a\u00fan es un interrogante es qui\u00e9n tuvo la capacidad log\u00edstica de mantener los cuerpos en fr\u00edo hasta que los tiraron en General Rodr\u00edguez\u00bb, afirm\u00f3 el representante de la familia Ferr\u00f3n.<br \/>\nEl fiscal Bidone cree que Forza (34), Ferr\u00f3n (37) y Bina (35) fueron asesinados a balazos y luego sus cuerpos guardados en alg\u00fan freezer hasta que finalmente los arrojaron en un zanj\u00f3n donde fueron encontrados seis d\u00edas despu\u00e9s, el 13 de agosto, con signos de haber estado maniatados por la espalda con precintos.<br \/>\nLa camioneta de Ferr\u00f3n calcinada fue hallada la misma noche de la desaparici\u00f3n en el barrio porte\u00f1o de Flores, mientras que el auto de Forza apareci\u00f3 estacionado en Plaza Constituci\u00f3n.<\/p>\n<p>&nbsp;<\/p>\n<p>&nbsp;<\/p>\n<p>&nbsp;<\/p>\n<p>&nbsp;<\/p>\n<p>&nbsp;<\/p>\n<p>&nbsp;<\/p>\n<p>&nbsp;<\/p>\n<p>&nbsp;<\/p>\n<p>&nbsp;<\/p>\n<p>&nbsp;<\/p>\n<p>&nbsp;<\/p>\n<p>&nbsp;<\/p>\n<p>&nbsp;<\/p>\n<p>&nbsp;<\/p>\n<p>&nbsp;<\/p>\n<p>&nbsp;<\/p>\n<p>&nbsp;<\/p>\n<p>&nbsp;<\/p>\n<p>&nbsp;<\/p>\n<p>&nbsp;<\/p>\n<p>&nbsp;<\/p>\n<p>&nbsp;<\/p>\n<p>&nbsp;<\/p>\n","protected":false},"excerpt":{"rendered":"<p>La fiscal Marcela Falabella afirm\u00f3 que el triple homicidio de General Rodr\u00edguez, ocurrido en 2008, fue \u00abun crimen premeditado\u00bb por los cuatro imputados y un miembro de una fuerza de seguridad de esa localidad.<\/p>\n","protected":false},"author":11,"featured_media":0,"comment_status":"open","ping_status":"open","sticky":false,"template":"","format":"standard","meta":{"_jetpack_newsletter_access":"","_jetpack_dont_email_post_to_subs":false,"_jetpack_newsletter_tier_id":0,"_jetpack_memberships_contains_paywalled_content":false,"_jetpack_memberships_contains_paid_content":false,"footnotes":""},"categories":[49],"tags":[],"class_list":["post-6409","post","type-post","status-publish","format-standard","hentry","category-policiales"],"jetpack_featured_media_url":"","jetpack_shortlink":"https:\/\/wp.me\/p2JWE0-1Fn","jetpack-related-posts":[{"id":9826,"url":"https:\/\/www.24baires.com\/?p=9826","url_meta":{"origin":6409,"position":0},"title":"Dar\u00e1n a conocer el veredicto por el triple asesinato por la efedrina","author":"AF","date":"20\/12\/2012","format":false,"excerpt":"El veredicto del juicio que se le sigue a cuatro hombres por el crimen de Sebasti\u00e1n Forza, Dami\u00e1n Ferr\u00f3n y Leopoldo Bina, cometido en 2008, se conocer\u00e1 en los Tribunales de Mercedes. El fallo, a cargo de los miembros del Tribunal Oral en lo Criminal (TOC) 2 de Mercedes, Fernando\u2026","rel":"","context":"En \u00abSociedad\u00bb","block_context":{"text":"Sociedad","link":"https:\/\/www.24baires.com\/?cat=1"},"img":{"alt_text":"","src":"","width":0,"height":0},"classes":[]},{"id":9957,"url":"https:\/\/www.24baires.com\/?p=9957","url_meta":{"origin":6409,"position":1},"title":"Mafia de la efedrina: perpetua para cuatro de los involucrados en el triple crimen","author":"Grupo Sierra","date":"20\/12\/2012","format":false,"excerpt":"MERCEDES - Cuatro hombres fueron condenados esta noche a prisi\u00f3n perpetua como autores materiales del triple crimen de Sebasti\u00e1n Forza, Dami\u00e1n Ferr\u00f3n y Leopoldo Bina, cometido en 2008, en la localidad bonaerense de General Rodr\u00edguez. El fallo del Tribunal Oral en lo Criminal (TOC) 2 de Mercedes recay\u00f3 sobre los\u2026","rel":"","context":"En \u00abPoliciales\u00bb","block_context":{"text":"Policiales","link":"https:\/\/www.24baires.com\/?cat=49"},"img":{"alt_text":"","src":"","width":0,"height":0},"classes":[]},{"id":116715,"url":"https:\/\/www.24baires.com\/?p=116715","url_meta":{"origin":6409,"position":2},"title":"Piden la elevaci\u00f3n a juicio de la causa por el crimen de Fernando B\u00e1ez Sosa","author":"GB","date":"17\/11\/2020","format":false,"excerpt":"La fiscal que investiga el crimen de Fernando B\u00e1ez Sosa, el joven asesinado a golpes a la salida de un boliche de la ciudad de Villa Gesell en enero pasado, pidi\u00f3 hoy que sean sometidos a juicio los ocho rugbiers detenidos por el hecho, y que los otros dos imputados\u2026","rel":"","context":"En \u00abSociedad\u00bb","block_context":{"text":"Sociedad","link":"https:\/\/www.24baires.com\/?cat=1"},"img":{"alt_text":"","src":"https:\/\/i0.wp.com\/www.24baires.com\/wp-content\/uploads\/2020\/02\/fernando-justicia.jpg?resize=350%2C200","width":350,"height":200},"classes":[]},{"id":121143,"url":"https:\/\/www.24baires.com\/?p=121143","url_meta":{"origin":6409,"position":3},"title":"Casaci\u00f3n confirm\u00f3 las condenas a los rugbiers que asesinaron a Fernando B\u00e1ez Sosa","author":"GB","date":"22\/03\/2024","format":false,"excerpt":"El Tribunal de Casaci\u00f3n que revis\u00f3 la sentencia en la causa por el crimen de Fernando B\u00e1ez Sosa confirm\u00f3 la sentencia dictada contra los ocho rugbiers El Tribunal de Casaci\u00f3n que revis\u00f3 la sentencia dictada por el Tribunal nro. 1 de Dolores en la causa por el crimen de Fernando\u2026","rel":"","context":"En \u00abJUDICIALES\u00bb","block_context":{"text":"JUDICIALES","link":"https:\/\/www.24baires.com\/?cat=68"},"img":{"alt_text":"","src":"https:\/\/i0.wp.com\/www.24baires.com\/wp-content\/uploads\/2024\/03\/rugbiers.webp?resize=350%2C200","width":350,"height":200,"srcset":"https:\/\/i0.wp.com\/www.24baires.com\/wp-content\/uploads\/2024\/03\/rugbiers.webp?resize=350%2C200 1x, https:\/\/i0.wp.com\/www.24baires.com\/wp-content\/uploads\/2024\/03\/rugbiers.webp?resize=525%2C300 1.5x, https:\/\/i0.wp.com\/www.24baires.com\/wp-content\/uploads\/2024\/03\/rugbiers.webp?resize=700%2C400 2x"},"classes":[]},{"id":119684,"url":"https:\/\/www.24baires.com\/?p=119684","url_meta":{"origin":6409,"position":4},"title":"A dos a\u00f1os del hecho, arranca el juicio por el crimen de Fernando B\u00e1ez Sosa","author":"GB","date":"02\/01\/2023","format":false,"excerpt":"En el Tribunal Oral Criminal N\u00b0 1 de Dolores comienza hoy el juicio por el crimen de Fernando B\u00e1ez Sosa, asesinado el 1\u00b0 de enero de 2020 por ocho rugbiers. proceso se pondr\u00e1 en marcha desde las 9 ante el Tribunal Oral en lo Criminal 1 de Dolores, y a\u2026","rel":"","context":"En \u00abPoliciales\u00bb","block_context":{"text":"Policiales","link":"https:\/\/www.24baires.com\/?cat=49"},"img":{"alt_text":"","src":"https:\/\/i0.wp.com\/www.24baires.com\/wp-content\/uploads\/2020\/02\/mam%C3%A1-fernando.jpg?resize=350%2C200","width":350,"height":200,"srcset":"https:\/\/i0.wp.com\/www.24baires.com\/wp-content\/uploads\/2020\/02\/mam%C3%A1-fernando.jpg?resize=350%2C200 1x, https:\/\/i0.wp.com\/www.24baires.com\/wp-content\/uploads\/2020\/02\/mam%C3%A1-fernando.jpg?resize=525%2C300 1.5x"},"classes":[]},{"id":120834,"url":"https:\/\/www.24baires.com\/?p=120834","url_meta":{"origin":6409,"position":5},"title":"Prisi\u00f3n preventiva para los dos adolescentes detenidos por el crimen de Tom\u00e1s","author":"AF","date":"04\/01\/2024","format":false,"excerpt":"Uno de ellos pidi\u00f3 declarar y, adem\u00e1s de dar una versi\u00f3n exculpatoria, reconoci\u00f3 en las im\u00e1genes del ataque al principal acusado, Dami\u00e1n \"el Kope\" Kopeli\u00e1n, y a su padre. El lunes se realizar\u00e1 una rueda de reconocimiento de presos. La Justicia de Dolores dict\u00f3 la prisi\u00f3n preventiva por 45 d\u00edas\u2026","rel":"","context":"En \u00abJUDICIALES\u00bb","block_context":{"text":"JUDICIALES","link":"https:\/\/www.24baires.com\/?cat=68"},"img":{"alt_text":"","src":"https:\/\/i0.wp.com\/www.24baires.com\/wp-content\/uploads\/2024\/01\/tello.jpg?resize=350%2C200","width":350,"height":200,"srcset":"https:\/\/i0.wp.com\/www.24baires.com\/wp-content\/uploads\/2024\/01\/tello.jpg?resize=350%2C200 1x, https:\/\/i0.wp.com\/www.24baires.com\/wp-content\/uploads\/2024\/01\/tello.jpg?resize=525%2C300 1.5x, https:\/\/i0.wp.com\/www.24baires.com\/wp-content\/uploads\/2024\/01\/tello.jpg?resize=700%2C400 2x"},"classes":[]}],"jetpack_sharing_enabled":true,"jetpack_likes_enabled":true,"_links":{"self":[{"href":"https:\/\/www.24baires.com\/index.php?rest_route=\/wp\/v2\/posts\/6409","targetHints":{"allow":["GET"]}}],"collection":[{"href":"https:\/\/www.24baires.com\/index.php?rest_route=\/wp\/v2\/posts"}],"about":[{"href":"https:\/\/www.24baires.com\/index.php?rest_route=\/wp\/v2\/types\/post"}],"author":[{"embeddable":true,"href":"https:\/\/www.24baires.com\/index.php?rest_route=\/wp\/v2\/users\/11"}],"replies":[{"embeddable":true,"href":"https:\/\/www.24baires.com\/index.php?rest_route=%2Fwp%2Fv2%2Fcomments&post=6409"}],"version-history":[{"count":1,"href":"https:\/\/www.24baires.com\/index.php?rest_route=\/wp\/v2\/posts\/6409\/revisions"}],"predecessor-version":[{"id":6410,"href":"https:\/\/www.24baires.com\/index.php?rest_route=\/wp\/v2\/posts\/6409\/revisions\/6410"}],"wp:attachment":[{"href":"https:\/\/www.24baires.com\/index.php?rest_route=%2Fwp%2Fv2%2Fmedia&parent=6409"}],"wp:term":[{"taxonomy":"category","embeddable":true,"href":"https:\/\/www.24baires.com\/index.php?rest_route=%2Fwp%2Fv2%2Fcategories&post=6409"},{"taxonomy":"post_tag","embeddable":true,"href":"https:\/\/www.24baires.com\/index.php?rest_route=%2Fwp%2Fv2%2Ftags&post=6409"}],"curies":[{"name":"wp","href":"https:\/\/api.w.org\/{rel}","templated":true}]}}