{"id":6392,"date":"2012-11-22T15:59:29","date_gmt":"2012-11-22T18:59:29","guid":{"rendered":"http:\/\/www.24baires.com\/?p=6392"},"modified":"2012-11-22T15:59:29","modified_gmt":"2012-11-22T18:59:29","slug":"la-madre-de-miguel-bru-volvio-a-agradecer-a-leon-gieco-su-aporte-solidario-esta-noche","status":"publish","type":"post","link":"https:\/\/www.24baires.com\/?p=6392","title":{"rendered":"La madre de Miguel Bru volvi\u00f3 a agradecer a Le\u00f3n Gieco su aporte solidario esta noche"},"content":{"rendered":"<p><img data-recalc-dims=\"1\" loading=\"lazy\" decoding=\"async\" class=\"aligncenter size-full wp-image-6393\" title=\"bru -schonfeld-rosa\" src=\"https:\/\/i0.wp.com\/www.24baires.com\/wp-content\/uploads\/2012\/11\/bru-schonfeld-rosa.jpg?resize=560%2C379\" alt=\"\" width=\"560\" height=\"379\" srcset=\"https:\/\/i0.wp.com\/www.24baires.com\/wp-content\/uploads\/2012\/11\/bru-schonfeld-rosa.jpg?w=560&amp;ssl=1 560w, https:\/\/i0.wp.com\/www.24baires.com\/wp-content\/uploads\/2012\/11\/bru-schonfeld-rosa.jpg?resize=300%2C203&amp;ssl=1 300w\" sizes=\"auto, (max-width: 560px) 100vw, 560px\" \/><\/p>\n<p>Rosa Schonfeld, la madre del estudiante de periodismo desaparecido en la Comisar\u00eda 9na de La Plata en 1993, habl\u00f3 antes del recital que brindar\u00e1 Le\u00f3n Gieco esta noche en La Plata a total beneficio de la Asociaci\u00f3n.<!--more--><\/p>\n<p>El cantante Le\u00f3n Gieco encabezar\u00e1 un festival solidario a beneficio de la Asociaci\u00f3n Civil Miguel Bru, el estudiante torturado hasta morir por polic\u00edas de La Plata en 1993, cuyo cuerpo a\u00fan permanece desaparecido.<\/p>\n<p>La actividad, que es coordinada por la Asociaci\u00f3n Bru al conmemorarse el d\u00e9cimo aniversario de su fundaci\u00f3n, se realizar\u00e1 esta noche, desde las 20.30, en el Teatro Coliseo Podest\u00e1, ubicado en calle 10 entre 46 y 47 de La Plata.<\/p>\n<p>\u201cTodo lo que recaudemos en las presentaciones ser\u00e1 para seguir sosteniendo el trabajo de la Asociaci\u00f3n que apadrina Le\u00f3n Gieco desde el 2002, tanto en La Plata como en la Casa de Cultura y Oficios de Parque Patricios -Capital Federal-, donde se est\u00e1n dando talleres de cocina, de computaci\u00f3n, m\u00fasica, serigraf\u00eda, electricidad, periodismo entre otros. Trabajamos con chicos judicializados, donde lo importante es la contenci\u00f3n que reciben\u201d, cont\u00f3 a esta agencia Rosa Schonfeld.<\/p>\n<p>La madre de Miguel Bru subray\u00f3 que \u201ca nosotros nos llena de emoci\u00f3n y agradecimiento haber llegado a una d\u00e9cada de trabajo y con un padrino como Le\u00f3n Gieco, tan comprometido y solidario. No solo con la causa de Miguel, sino con otras. \u00c9l siempre dice que con tres recitales ya le alcanza para vivir y que lo dem\u00e1s lo invierte en actividades solidarias. Y ten\u00e9s que ser muy grande para tener esa actitud\u201d.<\/p>\n<p>\u201cQuienes nos han acompa\u00f1ado en estos a\u00f1os siempre nos dec\u00edan que todo lo que hab\u00edamos aprendido a trav\u00e9s de la lucha ten\u00edamos que organizarlo para otras familias que est\u00e1n solas. Finalmente hacia el 2002 naci\u00f3 la Asociaci\u00f3n, con Le\u00f3n a la cabeza y junto a muchos familiares que han confiado en nosotros\u201d.<\/p>\n<p>Las entradas siguen a la venta y pueden adquirirse en el teatro platense. \u201cEsperamos a todos los que quieran pasar un lindo momento junto a Le\u00f3n Gieco y colaborar con la Asociaci\u00f3n para seguir trabajando y mantener viva la memoria\u00bb, invit\u00f3 Schonfeld.<\/p>\n<p>&nbsp;<\/p>\n<p>&nbsp;<\/p>\n<p>&nbsp;<\/p>\n<p>&nbsp;<\/p>\n<p>&nbsp;<\/p>\n<p>&nbsp;<\/p>\n<p>&nbsp;<\/p>\n<p>&nbsp;<\/p>\n","protected":false},"excerpt":{"rendered":"<p>Rosa Schonfeld, la madre del estudiante de periodismo desaparecido en la Comisar\u00eda 9na de La Plata en 1993, habl\u00f3 antes del recital que brindar\u00e1 Le\u00f3n Gieco esta noche en La Plata a total beneficio de la Asociaci\u00f3n.<\/p>\n","protected":false},"author":11,"featured_media":0,"comment_status":"open","ping_status":"open","sticky":false,"template":"","format":"standard","meta":{"_jetpack_newsletter_access":"","_jetpack_dont_email_post_to_subs":false,"_jetpack_newsletter_tier_id":0,"_jetpack_memberships_contains_paywalled_content":false,"_jetpack_memberships_contains_paid_content":false,"footnotes":""},"categories":[1],"tags":[],"class_list":["post-6392","post","type-post","status-publish","format-standard","hentry","category-sociedad"],"jetpack_featured_media_url":"","jetpack_shortlink":"https:\/\/wp.me\/p2JWE0-1F6","jetpack-related-posts":[{"id":30686,"url":"https:\/\/www.24baires.com\/?p=30686","url_meta":{"origin":6392,"position":0},"title":"Le\u00f3n Gieco fue galardonado con el premio Rodolfo Walsh","author":"GB","date":"23\/08\/2013","format":false,"excerpt":"LA PLATA-La Facultad de Periodismo y Comunicaci\u00f3n Social entreg\u00f3 el premio Rodolfo Walsh a la Comunicaci\u00f3n Popular al destacado canta autor y padrino de la Asociaci\u00f3n Miguel Bru, por su obra art\u00edstica al servicio de una militancia permanente en defensa de los derechos humanos y su compromiso con las causas\u2026","rel":"","context":"En \u00abSociedad\u00bb","block_context":{"text":"Sociedad","link":"https:\/\/www.24baires.com\/?cat=1"},"img":{"alt_text":"Le\u00f3n Gieco-premio Rodolfo Walsh","src":"https:\/\/i0.wp.com\/www.24baires.com\/wp-content\/uploads\/2013\/08\/Le%C3%B3n-Gieco-premio-Rodolfo-Walsh-300x203.jpg?resize=350%2C200","width":350,"height":200},"classes":[]},{"id":68978,"url":"https:\/\/www.24baires.com\/?p=68978","url_meta":{"origin":6392,"position":1},"title":"Pig\u00fc\u00e9: la comunidad determin\u00f3 que una escuela se llamar\u00e1 \u00abMiguel Bru\u00bb","author":"AF","date":"13\/07\/2015","format":false,"excerpt":"Miguel Bru, el estudiante de periodismo asesinado por la Polic\u00eda Bonaerense, naci\u00f3 en Pig\u00fc\u00e9, donde viven familiares de sus padres. Hoy, a partir las 11, se har\u00e1 un acto donde se colocar\u00e1 una placa con su nombre en la Escuela de Educaci\u00f3n Secundaria N\u00b05. En la localidad bonaerense de Pig\u00fc\u00e9,\u2026","rel":"","context":"En \u00abLocales\u00bb","block_context":{"text":"Locales","link":"https:\/\/www.24baires.com\/?cat=38"},"img":{"alt_text":"miguel bru2","src":"https:\/\/i0.wp.com\/www.24baires.com\/wp-content\/uploads\/2013\/08\/miguel-bru2.jpg?resize=350%2C200","width":350,"height":200,"srcset":"https:\/\/i0.wp.com\/www.24baires.com\/wp-content\/uploads\/2013\/08\/miguel-bru2.jpg?resize=350%2C200 1x, https:\/\/i0.wp.com\/www.24baires.com\/wp-content\/uploads\/2013\/08\/miguel-bru2.jpg?resize=525%2C300 1.5x"},"classes":[]},{"id":30276,"url":"https:\/\/www.24baires.com\/?p=30276","url_meta":{"origin":6392,"position":2},"title":"Fito P\u00e1ez encabeza un festival solidario para los damnificados en Rosario","author":"GB","date":"16\/08\/2013","format":false,"excerpt":"Con un recital a las 19 en San Telmo, esta tarde arranca una serie de conciertos organizada por Fito P\u00e1ez y las organizaciones Mundo Invisible y Red Solidaria a beneficio de las familias damnificadas en la tragedia de Rosario. Vicentico, Adri\u00e1n D\u00e1rgelos, Babas\u00f3nicos, Las Pelotas, Chaque\u00f1o Palavecino y Ciro Pertusi\u2026","rel":"","context":"En \u00abEspectaculos\u00bb","block_context":{"text":"Espectaculos","link":"https:\/\/www.24baires.com\/?cat=41"},"img":{"alt_text":"Fito3","src":"https:\/\/i0.wp.com\/www.24baires.com\/wp-content\/uploads\/2013\/08\/Fito3.jpg?resize=350%2C200","width":350,"height":200,"srcset":"https:\/\/i0.wp.com\/www.24baires.com\/wp-content\/uploads\/2013\/08\/Fito3.jpg?resize=350%2C200 1x, https:\/\/i0.wp.com\/www.24baires.com\/wp-content\/uploads\/2013\/08\/Fito3.jpg?resize=525%2C300 1.5x"},"classes":[]},{"id":30593,"url":"https:\/\/www.24baires.com\/?p=30593","url_meta":{"origin":6392,"position":3},"title":"Rosa Bru: \u201cDuhalde avalaba a la polic\u00eda asesina que mat\u00f3 a Miguel y a muchos otros pibes\u201d","author":"AF","date":"22\/08\/2013","format":false,"excerpt":"La madre del estudiante desaparecido en 1993 habl\u00f3 antes de encabezar una jornada en la Facultad de Periodismo de la UNLP junto a la decana Florencia Saintout, el juez espa\u00f1ol Baltasar Garz\u00f3n y otros destacados defensores de los derechos humanos. Con dos d\u00e9cadas de lucha sobre los hombros, Rosa Schonfeld\u2026","rel":"","context":"En \u00abMemoria\u00bb","block_context":{"text":"Memoria","link":"https:\/\/www.24baires.com\/?cat=50"},"img":{"alt_text":"rosa miguel bru","src":"https:\/\/i0.wp.com\/www.24baires.com\/wp-content\/uploads\/2013\/08\/rosa-miguel-bru.jpg?resize=350%2C200","width":350,"height":200,"srcset":"https:\/\/i0.wp.com\/www.24baires.com\/wp-content\/uploads\/2013\/08\/rosa-miguel-bru.jpg?resize=350%2C200 1x, https:\/\/i0.wp.com\/www.24baires.com\/wp-content\/uploads\/2013\/08\/rosa-miguel-bru.jpg?resize=525%2C300 1.5x"},"classes":[]},{"id":30924,"url":"https:\/\/www.24baires.com\/?p=30924","url_meta":{"origin":6392,"position":4},"title":"Homenajear\u00e1n en la ex Esma a Miguel Bru a m\u00e1s de 20 a\u00f1os de su desaparici\u00f3n","author":"AF","date":"28\/08\/2013","format":false,"excerpt":"Este jueves se llevar\u00e1 a cabo una jornada en la memoria del estudiante de periodismo torturado y asesinado por polic\u00edas de la comisar\u00eda novena de La Plata. La actividad es organizada por el Espacio Memoria y Derechos Humanos, Asociaci\u00f3n Miguel Bru y la Facultad de Periodismo y Comunicaci\u00f3n Social de\u2026","rel":"","context":"En \u00abSociedad\u00bb","block_context":{"text":"Sociedad","link":"https:\/\/www.24baires.com\/?cat=1"},"img":{"alt_text":"miguel bru2","src":"https:\/\/i0.wp.com\/www.24baires.com\/wp-content\/uploads\/2013\/08\/miguel-bru2.jpg?resize=350%2C200","width":350,"height":200,"srcset":"https:\/\/i0.wp.com\/www.24baires.com\/wp-content\/uploads\/2013\/08\/miguel-bru2.jpg?resize=350%2C200 1x, https:\/\/i0.wp.com\/www.24baires.com\/wp-content\/uploads\/2013\/08\/miguel-bru2.jpg?resize=525%2C300 1.5x"},"classes":[]},{"id":36136,"url":"https:\/\/www.24baires.com\/?p=36136","url_meta":{"origin":6392,"position":5},"title":"C\u00e1mara Penal rechaza la libertad condicional del ex polic\u00eda detenido en la Causa Bru","author":"Grupo Sierra","date":"02\/12\/2013","format":false,"excerpt":"LA PLATA.- El ex polic\u00eda es el \u00fanico de los cuatro condenados que contin\u00faa detenido por la desaparici\u00f3n en La Plata del joven estudiante de periodismo hace 20 a\u00f1os. \u201cMe da mucha tranquilidad saber que uno de los asesinos de Miguel va a seguir estando detenido\u201d, dijo Rosa Bru, la\u2026","rel":"","context":"En \u00abJUDICIALES\u00bb","block_context":{"text":"JUDICIALES","link":"https:\/\/www.24baires.com\/?cat=68"},"img":{"alt_text":"rosa_bru","src":"https:\/\/i0.wp.com\/www.24baires.com\/wp-content\/uploads\/2013\/12\/rosa_bru-300x199.jpg?resize=350%2C200","width":350,"height":200},"classes":[]}],"jetpack_sharing_enabled":true,"jetpack_likes_enabled":true,"_links":{"self":[{"href":"https:\/\/www.24baires.com\/index.php?rest_route=\/wp\/v2\/posts\/6392","targetHints":{"allow":["GET"]}}],"collection":[{"href":"https:\/\/www.24baires.com\/index.php?rest_route=\/wp\/v2\/posts"}],"about":[{"href":"https:\/\/www.24baires.com\/index.php?rest_route=\/wp\/v2\/types\/post"}],"author":[{"embeddable":true,"href":"https:\/\/www.24baires.com\/index.php?rest_route=\/wp\/v2\/users\/11"}],"replies":[{"embeddable":true,"href":"https:\/\/www.24baires.com\/index.php?rest_route=%2Fwp%2Fv2%2Fcomments&post=6392"}],"version-history":[{"count":4,"href":"https:\/\/www.24baires.com\/index.php?rest_route=\/wp\/v2\/posts\/6392\/revisions"}],"predecessor-version":[{"id":6397,"href":"https:\/\/www.24baires.com\/index.php?rest_route=\/wp\/v2\/posts\/6392\/revisions\/6397"}],"wp:attachment":[{"href":"https:\/\/www.24baires.com\/index.php?rest_route=%2Fwp%2Fv2%2Fmedia&parent=6392"}],"wp:term":[{"taxonomy":"category","embeddable":true,"href":"https:\/\/www.24baires.com\/index.php?rest_route=%2Fwp%2Fv2%2Fcategories&post=6392"},{"taxonomy":"post_tag","embeddable":true,"href":"https:\/\/www.24baires.com\/index.php?rest_route=%2Fwp%2Fv2%2Ftags&post=6392"}],"curies":[{"name":"wp","href":"https:\/\/api.w.org\/{rel}","templated":true}]}}