{"id":6390,"date":"2012-11-22T15:53:15","date_gmt":"2012-11-22T18:53:15","guid":{"rendered":"http:\/\/www.24baires.com\/?p=6390"},"modified":"2012-11-22T15:53:15","modified_gmt":"2012-11-22T18:53:15","slug":"jubilados-y-pensionados-bonaerenses-cobraran-sus-haberes-a-partir-del-jueves-29","status":"publish","type":"post","link":"https:\/\/www.24baires.com\/?p=6390","title":{"rendered":"Jubilados y pensionados bonaerenses cobrar\u00e1n sus haberes a partir del jueves 29"},"content":{"rendered":"<p>Seg\u00fan se inform\u00f3 oficialmente, recibir\u00e1n los haberes del mes de noviembre seg\u00fan la terminaci\u00f3n de sus respectivos documentos.<!--more--><br \/>\nLos jubilados y pensionados de la provincia de Buenos Aires percibir\u00e1n sus haberes de noviembre a partir del jueves 29, inform\u00f3 hoy el Instituto de Previsi\u00f3n Social Bonaerense (IPS).<\/p>\n<p>El presidente de ese organismo, Mariano Cascallares, inform\u00f3 que ese d\u00eda se realizar\u00e1 el pago de las pensiones sociales y de los beneficiarios cuyos documentos finalicen en 0.<\/p>\n<p>El 30 ser\u00e1 el turno de los beneficiarios terminados en 1, 2 y 3; el lunes 3 de diciembre los finalizados en 4, 5 y 6 y el cronograma finalizar\u00e1 el martes 4 con aquellos cuyos DNI terminen en 7, 8 y 9.<\/p>\n<p>El IPS inform\u00f3 adem\u00e1s que aquellos beneficiarios que cobran por cajero autom\u00e1tico, se encuentran incluidos en la fechas de pago seg\u00fan terminaci\u00f3n del n\u00famero de documento.<\/p>\n","protected":false},"excerpt":{"rendered":"<p>Seg\u00fan se inform\u00f3 oficialmente, recibir\u00e1n los haberes del mes de noviembre seg\u00fan la terminaci\u00f3n de sus respectivos documentos.<\/p>\n","protected":false},"author":11,"featured_media":0,"comment_status":"open","ping_status":"open","sticky":false,"template":"","format":"standard","meta":{"_jetpack_newsletter_access":"","_jetpack_dont_email_post_to_subs":false,"_jetpack_newsletter_tier_id":0,"_jetpack_memberships_contains_paywalled_content":false,"_jetpack_memberships_contains_paid_content":false,"footnotes":""},"categories":[1],"tags":[],"class_list":["post-6390","post","type-post","status-publish","format-standard","hentry","category-sociedad"],"jetpack_featured_media_url":"","jetpack_shortlink":"https:\/\/wp.me\/p2JWE0-1F4","jetpack-related-posts":[{"id":2950,"url":"https:\/\/www.24baires.com\/?p=2950","url_meta":{"origin":6390,"position":0},"title":"Jubilados y pensionados bonaerenses cobrar\u00e1n sus haberes a partir del martes 30","author":"Grupo Sierra","date":"22\/10\/2012","format":false,"excerpt":"Seg\u00fan se inform\u00f3 oficialmente, recibir\u00e1n los haberes del mes de octubre seg\u00fan la terminaci\u00f3n de sus respectivos documentos. Los jubilados y pensionados de la provincia de Buenos Aires percibir\u00e1n sus haberes de octubre a partir del martes 30, inform\u00f3 hoy el Instituto de Previsi\u00f3n Social Bonaerense (IPS). El presidente de\u2026","rel":"","context":"En \u00abSociedad\u00bb","block_context":{"text":"Sociedad","link":"https:\/\/www.24baires.com\/?cat=1"},"img":{"alt_text":"","src":"","width":0,"height":0},"classes":[]},{"id":13184,"url":"https:\/\/www.24baires.com\/?p=13184","url_meta":{"origin":6390,"position":1},"title":"Jubilados y pensionados bonaerenses cobran sus haberes a partir del pr\u00f3ximo martes","author":"Grupo Sierra","date":"22\/01\/2013","format":false,"excerpt":"Seg\u00fan inform\u00f3 el Instituto de Previsi\u00f3n Social Bonaerense (IPS), los jubilados y pensionados comenzar\u00e1n a percibir sus haberes correspondientes al mes de enero a partir del pr\u00f3ximo 29. Los jubilados y pensionados bonaerenses comenzar\u00e1n a percibir sus haberes correspondientes al mes de enero a partir del d\u00eda 29, seg\u00fan inform\u00f3\u2026","rel":"","context":"En \u00abSociedad\u00bb","block_context":{"text":"Sociedad","link":"https:\/\/www.24baires.com\/?cat=1"},"img":{"alt_text":"","src":"","width":0,"height":0},"classes":[]},{"id":13829,"url":"https:\/\/www.24baires.com\/?p=13829","url_meta":{"origin":6390,"position":2},"title":"Jubilados y pensionados bonaerenses cobrar\u00e1n sus haberes a partir del martes","author":"AF","date":"28\/01\/2013","format":false,"excerpt":"Seg\u00fan inform\u00f3 el Instituto de Previsi\u00f3n Social (IPS), los jubilados y pensionados bonaerenses comenzar\u00e1n a percibir los haberes correspondientes a enero a partir del 29 del corriente mes. Desde el Instituto de Previsi\u00f3n Social (IPS) de la provincia de Buenos Aires, adelantaron que ma\u00f1ana cobrar\u00e1n los beneficiarios cuyos documentos terminan\u2026","rel":"","context":"En \u00abEconom\u00eda\u00bb","block_context":{"text":"Econom\u00eda","link":"https:\/\/www.24baires.com\/?cat=45"},"img":{"alt_text":"","src":"","width":0,"height":0},"classes":[]},{"id":24008,"url":"https:\/\/www.24baires.com\/?p=24008","url_meta":{"origin":6390,"position":3},"title":"El 30 de mayo arrancan los pagos a jubilados y pensionados bonaerenses","author":"Grupo Sierra","date":"20\/05\/2013","format":false,"excerpt":"El Instituto de Previsi\u00f3n Social inform\u00f3 que ese d\u00eda se iniciar\u00e1 el cronograma con las pensiones sociales y los beneficiarios cuyos documentos terminen en 0. El pago de haberes finalizar\u00e1 el jueves 4 de junio. Los jubilados y pensionados de la provincia de Buenos Aires comenzar\u00e1n a percibir los haberes\u2026","rel":"","context":"En \u00abProvincia\u00bb","block_context":{"text":"Provincia","link":"https:\/\/www.24baires.com\/?cat=40"},"img":{"alt_text":"","src":"","width":0,"height":0},"classes":[]},{"id":30806,"url":"https:\/\/www.24baires.com\/?p=30806","url_meta":{"origin":6390,"position":4},"title":"Jubilados y pensionados de la Provincia cobran a partir del jueves","author":"AF","date":"26\/08\/2013","format":false,"excerpt":"El Instituto de Previsi\u00f3n Social (IPS) inform\u00f3 que los jubilados y pensionados bonaerenses comenzar\u00e1n a percibir los haberes correspondientes al mes de agosto a partir del jueves 29 con aquellos beneficiarios cuyos documentos terminen en 0. Mientras que el viernes cobrar\u00e1n los finalizados en 1, 2 y 3; el lunes\u2026","rel":"","context":"En \u00abSociedad\u00bb","block_context":{"text":"Sociedad","link":"https:\/\/www.24baires.com\/?cat=1"},"img":{"alt_text":"","src":"","width":0,"height":0},"classes":[]},{"id":64940,"url":"https:\/\/www.24baires.com\/?p=64940","url_meta":{"origin":6390,"position":5},"title":"A partir del mi\u00e9rcoles cobrar\u00e1n jubilados y pensionados del IPS","author":"AF","date":"27\/04\/2015","format":false,"excerpt":"El Instituto de Previsi\u00f3n Social (IPS) inform\u00f3 que los jubilados y pensionados de la provincia de Buenos Aires percibir\u00e1n entre el mi\u00e9rcoles 29 y jueves 30 los haberes correspondientes a abril. Seg\u00fan el cronograma de pago, el mi\u00e9rcoles cobrar\u00e1n los beneficiarios cuyos documentos terminen en 0, 1, 2 y 3;\u2026","rel":"","context":"En \u00abSociedad\u00bb","block_context":{"text":"Sociedad","link":"https:\/\/www.24baires.com\/?cat=1"},"img":{"alt_text":"ips","src":"https:\/\/i0.wp.com\/www.24baires.com\/wp-content\/uploads\/2013\/06\/ips.png?resize=350%2C200","width":350,"height":200},"classes":[]}],"jetpack_sharing_enabled":true,"jetpack_likes_enabled":true,"_links":{"self":[{"href":"https:\/\/www.24baires.com\/index.php?rest_route=\/wp\/v2\/posts\/6390","targetHints":{"allow":["GET"]}}],"collection":[{"href":"https:\/\/www.24baires.com\/index.php?rest_route=\/wp\/v2\/posts"}],"about":[{"href":"https:\/\/www.24baires.com\/index.php?rest_route=\/wp\/v2\/types\/post"}],"author":[{"embeddable":true,"href":"https:\/\/www.24baires.com\/index.php?rest_route=\/wp\/v2\/users\/11"}],"replies":[{"embeddable":true,"href":"https:\/\/www.24baires.com\/index.php?rest_route=%2Fwp%2Fv2%2Fcomments&post=6390"}],"version-history":[{"count":1,"href":"https:\/\/www.24baires.com\/index.php?rest_route=\/wp\/v2\/posts\/6390\/revisions"}],"predecessor-version":[{"id":6391,"href":"https:\/\/www.24baires.com\/index.php?rest_route=\/wp\/v2\/posts\/6390\/revisions\/6391"}],"wp:attachment":[{"href":"https:\/\/www.24baires.com\/index.php?rest_route=%2Fwp%2Fv2%2Fmedia&parent=6390"}],"wp:term":[{"taxonomy":"category","embeddable":true,"href":"https:\/\/www.24baires.com\/index.php?rest_route=%2Fwp%2Fv2%2Fcategories&post=6390"},{"taxonomy":"post_tag","embeddable":true,"href":"https:\/\/www.24baires.com\/index.php?rest_route=%2Fwp%2Fv2%2Ftags&post=6390"}],"curies":[{"name":"wp","href":"https:\/\/api.w.org\/{rel}","templated":true}]}}