{"id":6383,"date":"2012-11-22T14:50:54","date_gmt":"2012-11-22T17:50:54","guid":{"rendered":"http:\/\/www.24baires.com\/?p=6383"},"modified":"2012-11-22T14:50:54","modified_gmt":"2012-11-22T17:50:54","slug":"autonomistas-volveran-a-cortar-rutas-durante-el-proximo-fin-de-semana-largo","status":"publish","type":"post","link":"https:\/\/www.24baires.com\/?p=6383","title":{"rendered":"Autonomistas volver\u00e1n a cortar rutas durante el pr\u00f3ximo fin de semana largo"},"content":{"rendered":"<p><img data-recalc-dims=\"1\" loading=\"lazy\" decoding=\"async\" class=\"aligncenter size-full wp-image-6384\" title=\"autonomistas quequ\u00e9n\" src=\"https:\/\/i0.wp.com\/www.24baires.com\/wp-content\/uploads\/2012\/11\/autonomistas-quequ%C3%A9n.jpg?resize=560%2C357\" alt=\"\" width=\"560\" height=\"357\" srcset=\"https:\/\/i0.wp.com\/www.24baires.com\/wp-content\/uploads\/2012\/11\/autonomistas-quequ%C3%A9n.jpg?w=560&amp;ssl=1 560w, https:\/\/i0.wp.com\/www.24baires.com\/wp-content\/uploads\/2012\/11\/autonomistas-quequ%C3%A9n.jpg?resize=300%2C191&amp;ssl=1 300w\" sizes=\"auto, (max-width: 560px) 100vw, 560px\" \/>La Asociaci\u00f3n Nuevos Municipios, resolvi\u00f3 realizar un corte en Ruta N\u00ba 2, el pr\u00f3ximo viernes 23 a partir de las 18, a la altura de Alpargatas. La medida prevista para el fin de semana largo, es en reclamo por el avance de los proyectos para crear nuevas comunas y la sanci\u00f3n de la Ley Marco.<!--more--><\/p>\n<p>De la misma manera, el lunes 26 habr\u00e1 otro corte en la Ruta N\u00ba 2, a la altura de Coronel Vidal -a 60 kil\u00f3metros de Mar del Plata-, que protagonizar\u00e1n los movimientos autonomistas de Quequ\u00e9n de Necochea, y Huanguel\u00e9n de Coronel Su\u00e1rez.<\/p>\n<p>\u201cNos obligan a adoptar estas medidas ante la inacci\u00f3n oficial\u201d, dijeron voceros de la Asociaci\u00f3n, quienes denunciaron la falta de tratamiento de la Legislatura de los proyectos de ley que se han presentado para la formaci\u00f3n de los nuevos distritos.<\/p>\n<p>Asimismo, reclaman ser recibidos el gobernador Daniel Scioli y la ministra de Gobierno, Cristina \u00c1lvarez Rodr\u00edguez, por la sanci\u00f3n de la Ley Marco que \u201cestablece los par\u00e1metros para la procedencia o no de la formaci\u00f3n de los nuevos distritos\u201d, se\u00f1alaron.<\/p>\n<p>Cabe recordar que la conformaci\u00f3n de Lezama fue el punta pie inicial que anim\u00f3 a los autonomistas para dar el siguiente paso en Quequ\u00e9n, que pretende separarse de Necochea, y en Lima, que busca hacer lo propio respecto a Z\u00e1rate.<\/p>\n","protected":false},"excerpt":{"rendered":"<p>La Asociaci\u00f3n Nuevos Municipios, resolvi\u00f3 realizar un corte en Ruta N\u00ba 2, el pr\u00f3ximo viernes 23 a partir de las 18, a la altura de Alpargatas. La medida prevista para el fin de semana largo, es en reclamo por el avance de los proyectos para crear nuevas comunas y la sanci\u00f3n de la Ley Marco.<\/p>\n","protected":false},"author":4,"featured_media":0,"comment_status":"open","ping_status":"open","sticky":false,"template":"","format":"standard","meta":{"_jetpack_newsletter_access":"","_jetpack_dont_email_post_to_subs":false,"_jetpack_newsletter_tier_id":0,"_jetpack_memberships_contains_paywalled_content":false,"_jetpack_memberships_contains_paid_content":false,"footnotes":""},"categories":[1],"tags":[],"class_list":["post-6383","post","type-post","status-publish","format-standard","hentry","category-sociedad"],"jetpack_featured_media_url":"","jetpack_shortlink":"https:\/\/wp.me\/p2JWE0-1EX","jetpack-related-posts":[{"id":6220,"url":"https:\/\/www.24baires.com\/?p=6220","url_meta":{"origin":6383,"position":0},"title":"Autonomistas vuelven a reclamar cortando rutas","author":"AF","date":"21\/11\/2012","format":false,"excerpt":"Un grupo de movimientos autonomistas de la Provincia decidi\u00f3 endurecer sus reclamos y realizar\u00e1 durante el fin de semana largo cortes en la ruta 2 y en distintas lugares del Conurbano. En medio del fuerte movimiento que se aguarda por el fin de semana largo, la Asociaci\u00f3n Nuevos Municipios resolvi\u00f3\u2026","rel":"","context":"En \u00abSociedad\u00bb","block_context":{"text":"Sociedad","link":"https:\/\/www.24baires.com\/?cat=1"},"img":{"alt_text":"","src":"https:\/\/i0.wp.com\/www.24baires.com\/wp-content\/uploads\/2012\/11\/autonomistasquequen1-300x198.jpg?resize=350%2C200","width":350,"height":200},"classes":[]},{"id":53773,"url":"https:\/\/www.24baires.com\/?p=53773","url_meta":{"origin":6383,"position":1},"title":"Piden nuevos municipios mediante cortes de ruta","author":"Grupo Sierra","date":"16\/09\/2014","format":false,"excerpt":"Movimientos autonomistas reclaman la sanci\u00f3n de una ley en la Legislatura. Y advierten que saldr\u00e1n a la Ruta 2 el pr\u00f3ximo fin de semana. Vecinos de distintos puntos de la Provincia enrolados en un movimiento que reclama la autonom\u00eda de sus pueblos anunciaron ayer que saldr\u00e1n a realizar una protesta\u2026","rel":"","context":"En \u00abProvincia\u00bb","block_context":{"text":"Provincia","link":"https:\/\/www.24baires.com\/?cat=40"},"img":{"alt_text":"corte ruta 2","src":"https:\/\/i0.wp.com\/www.24baires.com\/wp-content\/uploads\/2014\/09\/corte-ruta-2-300x168.jpg?resize=350%2C200","width":350,"height":200},"classes":[]},{"id":53792,"url":"https:\/\/www.24baires.com\/?p=53792","url_meta":{"origin":6383,"position":2},"title":"Autonomistas amenazan con cortar la Ruta 2 a la altura de Dolores","author":"AF","date":"17\/09\/2014","format":false,"excerpt":"Vecinos de distintas ciudades de la provincia que integran la Asociaci\u00f3n para el Reconocimiento de Nuevos Municipios amenazaron con cortar el tr\u00e1nsito en la autov\u00eda 2, en jurisdicci\u00f3n de Dolores, si la Legislatura bonaerense no sanciona un proyecto de ley para la creaci\u00f3n de nuevos distritos en territorio bonaerense. La\u2026","rel":"","context":"En \u00abMunicipios\u00bb","block_context":{"text":"Municipios","link":"https:\/\/www.24baires.com\/?cat=44"},"img":{"alt_text":"autonomistas quequ\u00e9n","src":"https:\/\/i0.wp.com\/www.24baires.com\/wp-content\/uploads\/2012\/11\/autonomistas-quequ%C3%A9n.jpg?resize=350%2C200","width":350,"height":200,"srcset":"https:\/\/i0.wp.com\/www.24baires.com\/wp-content\/uploads\/2012\/11\/autonomistas-quequ%C3%A9n.jpg?resize=350%2C200 1x, https:\/\/i0.wp.com\/www.24baires.com\/wp-content\/uploads\/2012\/11\/autonomistas-quequ%C3%A9n.jpg?resize=525%2C300 1.5x"},"classes":[]},{"id":9997,"url":"https:\/\/www.24baires.com\/?p=9997","url_meta":{"origin":6383,"position":3},"title":"Autonomistas vuelven a cortar las rutas para hacer o\u00edr sus reclamos","author":"AF","date":"21\/12\/2012","format":false,"excerpt":"El s\u00e1bado 29 ocupar\u00e1n ruta 2 a la altura de Lezama, en el inicio de la temporada. Seguir\u00e1n todo el verano. Los movimientos autonomistas de la Provincia resolvieron intensificar las protestas y anunciaron que realizar\u00e1n cortes de ruta durante todo el verano. La decisi\u00f3n fue adoptada este jueves luego de\u2026","rel":"","context":"En \u00abSociedad\u00bb","block_context":{"text":"Sociedad","link":"https:\/\/www.24baires.com\/?cat=1"},"img":{"alt_text":"autonomistas quequ\u00e9n","src":"https:\/\/i0.wp.com\/www.24baires.com\/wp-content\/uploads\/2012\/11\/autonomistas-quequ%C3%A9n-300x191.jpg?resize=350%2C200","width":350,"height":200},"classes":[]},{"id":4505,"url":"https:\/\/www.24baires.com\/?p=4505","url_meta":{"origin":6383,"position":4},"title":"El pr\u00f3ximo fin de semana largo los autonomistas volver\u00e1n a las rutas","author":"Grupo Sierra","date":"05\/11\/2012","format":false,"excerpt":"Aseguran que \u201cnadie\u201d los atiende en el Gobierno y que no avanzan los proyectos para crear nuevos distritos. La idea que se maneja por estas horas es producir un corte en la ruta 2 a la altura de Alpargatas, justo cuando se inicie el fin de semana largo de los\u2026","rel":"","context":"En \u00abPol\u00edtica\u00bb","block_context":{"text":"Pol\u00edtica","link":"https:\/\/www.24baires.com\/?cat=51"},"img":{"alt_text":"","src":"https:\/\/i0.wp.com\/www.24baires.com\/wp-content\/uploads\/2012\/11\/quequen-automistas-300x183.jpg?resize=350%2C200","width":350,"height":200},"classes":[]},{"id":1489,"url":"https:\/\/www.24baires.com\/?p=1489","url_meta":{"origin":6383,"position":5},"title":"Autonomistas de Quequ\u00e9n satisfechos por su reclamo en la Autov\u00eda 2","author":"AF","date":"09\/10\/2012","format":false,"excerpt":"Los autonomistas de Quequ\u00e9n volvieron a publicitar su reclamo para la creaci\u00f3n de un nuevo municipio y los principales receptores del pedido fueron todos los turistas que regresaban ayer de la Costa Atl\u00e1ntica, luego de pasar el fin de semana largo correspondiente al 12 de octubre. El grupo de manifestantes\u2026","rel":"","context":"En \u00abMunicipios\u00bb","block_context":{"text":"Municipios","link":"https:\/\/www.24baires.com\/?cat=44"},"img":{"alt_text":"","src":"https:\/\/i0.wp.com\/www.24baires.com\/wp-content\/uploads\/2012\/10\/autonomistasquequen.jpg?resize=350%2C200","width":350,"height":200},"classes":[]}],"jetpack_sharing_enabled":true,"jetpack_likes_enabled":true,"_links":{"self":[{"href":"https:\/\/www.24baires.com\/index.php?rest_route=\/wp\/v2\/posts\/6383","targetHints":{"allow":["GET"]}}],"collection":[{"href":"https:\/\/www.24baires.com\/index.php?rest_route=\/wp\/v2\/posts"}],"about":[{"href":"https:\/\/www.24baires.com\/index.php?rest_route=\/wp\/v2\/types\/post"}],"author":[{"embeddable":true,"href":"https:\/\/www.24baires.com\/index.php?rest_route=\/wp\/v2\/users\/4"}],"replies":[{"embeddable":true,"href":"https:\/\/www.24baires.com\/index.php?rest_route=%2Fwp%2Fv2%2Fcomments&post=6383"}],"version-history":[{"count":3,"href":"https:\/\/www.24baires.com\/index.php?rest_route=\/wp\/v2\/posts\/6383\/revisions"}],"predecessor-version":[{"id":6387,"href":"https:\/\/www.24baires.com\/index.php?rest_route=\/wp\/v2\/posts\/6383\/revisions\/6387"}],"wp:attachment":[{"href":"https:\/\/www.24baires.com\/index.php?rest_route=%2Fwp%2Fv2%2Fmedia&parent=6383"}],"wp:term":[{"taxonomy":"category","embeddable":true,"href":"https:\/\/www.24baires.com\/index.php?rest_route=%2Fwp%2Fv2%2Fcategories&post=6383"},{"taxonomy":"post_tag","embeddable":true,"href":"https:\/\/www.24baires.com\/index.php?rest_route=%2Fwp%2Fv2%2Ftags&post=6383"}],"curies":[{"name":"wp","href":"https:\/\/api.w.org\/{rel}","templated":true}]}}