{"id":63827,"date":"2015-04-02T13:00:18","date_gmt":"2015-04-02T16:00:18","guid":{"rendered":"http:\/\/www.24baires.com\/?p=63827"},"modified":"2015-04-02T11:35:19","modified_gmt":"2015-04-02T14:35:19","slug":"conoce-al-equipo-argentino-que-quiere-ir-al-mundial-de-asado","status":"publish","type":"post","link":"https:\/\/www.24baires.com\/?p=63827","title":{"rendered":"Conoc\u00e9 al equipo argentino que quiere ir al Mundial de Asado"},"content":{"rendered":"<p><img data-recalc-dims=\"1\" loading=\"lazy\" decoding=\"async\" class=\"aligncenter size-full wp-image-7539\" src=\"https:\/\/i0.wp.com\/www.24baires.com\/wp-content\/uploads\/2012\/12\/asado.jpg?resize=560%2C420\" alt=\"asado\" width=\"560\" height=\"420\" srcset=\"https:\/\/i0.wp.com\/www.24baires.com\/wp-content\/uploads\/2012\/12\/asado.jpg?w=560&amp;ssl=1 560w, https:\/\/i0.wp.com\/www.24baires.com\/wp-content\/uploads\/2012\/12\/asado.jpg?resize=300%2C225&amp;ssl=1 300w\" sizes=\"auto, (max-width: 560px) 100vw, 560px\" \/>A\u00fan no tienen el dinero para viajar, pero quieren participar tras el fracaso de los representantes argentinos en 2013. Son 2 hombres y 5 mujeres, una de ellas es vegetariana.<!--more--><\/p>\n<p>Se trata nada m\u00e1s y nada menos que de \u00abFuegos de Oktubre\u00bb (nombre con clara reminiscencia ricotera), un grupo de seis personas que quieren participar este a\u00f1o del Mundial de Asado que organiza la World Barbeque Association (Asociaci\u00f3n Mundial del Asado) el 13 y 14 de junio en Gotenburgo, Suecia.<\/p>\n<p>Son siete personas dispuestas a todo para volver a poner en los primeros planos al nombre del \u00abasado argentino\u00bb tras el fracaso del representativo nacional en el Mundial de 2013 en Marruecos.<br \/>\nEn aquellos d\u00edas, el equipo \u00abLocos x el asado\u00bb hizo un verdadero papel\u00f3n al quedar lejos del podio. Incluso en Inglaterra se rieron de la paup\u00e9rrima actuaci\u00f3n de los nuestros.<\/p>\n<p>Ellos, claro, adujeron fallas de comunicaci\u00f3n. \u00abNos dijeron que era un mundial de asado y fue de barbacoa\u00bb, dijeron como excusa.<\/p>\n<p>Lo cierto es que en este 2015 la oportunidad de vengar esa pobre imagen la tiene \u00abFuegos de Oktubre\u00bb, un equipo conformado por siete personas de las cuales, curiosamente y contra todo tipo de prejuicio, cinco son mujeres. Y como un dato de color m\u00e1s, una de las integrantes es&#8230;\u00a1\u00a1\u00a1VEGETARIANA!!!<\/p>\n<p>\u201cNos gusta comer mucho y siempre decimos que \u2018tenemos el mejor asador del mundo\u2019. Nos enteramos de la mala experiencia que tuvo el equipo argentino en 2013 y nos contactamos con la WBA. Inmediatamente obtuvimos respuesta. Los organizadores nos dijeron que estaban s\u00faper interesados en que participemos\u201d, coment\u00f3 Marcela Garavano, la l\u00edder del equipo.<\/p>\n<p>Sin embargo, no todo es carne a punto en esta historia. A menos de tres meses para la competencia, los chicos de \u00abFuegos de Oktubre\u00bb a\u00fan no saben si podr\u00e1n viajar.<\/p>\n<p>&nbsp;<\/p>\n<p>&nbsp;<\/p>\n<p>&nbsp;<\/p>\n<p>&nbsp;<\/p>\n<p>&nbsp;<\/p>\n<p>&nbsp;<\/p>\n<p>&nbsp;<\/p>\n<p>&nbsp;<\/p>\n<p>&nbsp;<\/p>\n<p>&nbsp;<\/p>\n<p>&nbsp;<\/p>\n<p>&nbsp;<\/p>\n","protected":false},"excerpt":{"rendered":"<p>A\u00fan no tienen el dinero para viajar, pero quieren participar tras el fracaso de los representantes argentinos en 2013. Son 2 hombres y 5 mujeres, una de ellas es vegetariana.<\/p>\n","protected":false},"author":8,"featured_media":0,"comment_status":"open","ping_status":"open","sticky":false,"template":"","format":"standard","meta":{"_jetpack_newsletter_access":"","_jetpack_dont_email_post_to_subs":false,"_jetpack_newsletter_tier_id":0,"_jetpack_memberships_contains_paywalled_content":false,"_jetpack_memberships_contains_paid_content":false,"footnotes":""},"categories":[52],"tags":[],"class_list":["post-63827","post","type-post","status-publish","format-standard","hentry","category-cocina-vinos"],"jetpack_featured_media_url":"","jetpack_shortlink":"https:\/\/wp.me\/p2JWE0-gBt","jetpack-related-posts":[{"id":23660,"url":"https:\/\/www.24baires.com\/?p=23660","url_meta":{"origin":63827,"position":0},"title":"Argentina competir\u00e1 en el Mundial del Asado en Marruecos","author":"AF","date":"16\/05\/2013","format":false,"excerpt":"Organizado por la World Barbecue Association (WBQA) con sede en Suiza, del 24 al 26 de mayo se llevar\u00e1 a cabo en Saidia, Marruecos, el 12\u00ba Campeonato Mundial del Asado (12 Championnats du Monde du Barbecue) en donde la Argentina participa por primera vez con el equipo de asadores \"Locos\u2026","rel":"","context":"En \u00abCocina &amp; Vinos\u00bb","block_context":{"text":"Cocina &amp; Vinos","link":"https:\/\/www.24baires.com\/?cat=52"},"img":{"alt_text":"asado3","src":"https:\/\/i0.wp.com\/www.24baires.com\/wp-content\/uploads\/2013\/05\/asado3.jpg?resize=350%2C200","width":350,"height":200,"srcset":"https:\/\/i0.wp.com\/www.24baires.com\/wp-content\/uploads\/2013\/05\/asado3.jpg?resize=350%2C200 1x, https:\/\/i0.wp.com\/www.24baires.com\/wp-content\/uploads\/2013\/05\/asado3.jpg?resize=525%2C300 1.5x"},"classes":[]},{"id":67643,"url":"https:\/\/www.24baires.com\/?p=67643","url_meta":{"origin":63827,"position":1},"title":"De no creer: Argentina, en el \u00faltimo lugar del Mundial del Asado","author":"GB","date":"16\/06\/2015","format":false,"excerpt":"Argentina volvi\u00f3 a perder un Mundial del Asado y, este a\u00f1o, directamente qued\u00f3 \u00faltima ya que el grupo Fuegos de Oktubre se neg\u00f3 a seguir ciertos requisitos de la competencia. El pa\u00eds qued\u00f3 en el puesto 53 de 53. Sin embargo, los argentinos no cayeron a ese lugar porque no\u2026","rel":"","context":"En \u00abCocina &amp; Vinos\u00bb","block_context":{"text":"Cocina &amp; Vinos","link":"https:\/\/www.24baires.com\/?cat=52"},"img":{"alt_text":"asado","src":"https:\/\/i0.wp.com\/www.24baires.com\/wp-content\/uploads\/2012\/12\/asado.jpg?resize=350%2C200","width":350,"height":200,"srcset":"https:\/\/i0.wp.com\/www.24baires.com\/wp-content\/uploads\/2012\/12\/asado.jpg?resize=350%2C200 1x, https:\/\/i0.wp.com\/www.24baires.com\/wp-content\/uploads\/2012\/12\/asado.jpg?resize=525%2C300 1.5x"},"classes":[]},{"id":116845,"url":"https:\/\/www.24baires.com\/?p=116845","url_meta":{"origin":63827,"position":2},"title":"El gobierno cerr\u00f3 acuerdos con los frigor\u00edficos para bajar el precio de algunos cortes de carne","author":"GB","date":"09\/12\/2020","format":false,"excerpt":"La medida ser\u00e1 anunciada este mi\u00e9rcoles, y busca mitigar el fuerte aumento que sufri\u00f3 la carne en el \u00faltimo a\u00f1o. Todav\u00eda no hubo precisiones sobre los precios a los que se ofrecer\u00e1n el asado, el vac\u00edo y el matambre. Este mi\u00e9rcoles el gobierno nacional anunciar\u00e1 un acuerdo con el Consorcio\u2026","rel":"","context":"En \u00abConsumidores\u00bb","block_context":{"text":"Consumidores","link":"https:\/\/www.24baires.com\/?cat=78"},"img":{"alt_text":"","src":"https:\/\/i0.wp.com\/www.24baires.com\/wp-content\/uploads\/2016\/07\/carne.jpg?resize=350%2C200","width":350,"height":200,"srcset":"https:\/\/i0.wp.com\/www.24baires.com\/wp-content\/uploads\/2016\/07\/carne.jpg?resize=350%2C200 1x, https:\/\/i0.wp.com\/www.24baires.com\/wp-content\/uploads\/2016\/07\/carne.jpg?resize=525%2C300 1.5x"},"classes":[]},{"id":119213,"url":"https:\/\/www.24baires.com\/?p=119213","url_meta":{"origin":63827,"position":3},"title":"Extienden hasta septiembre el programa \u00abCortes Cuidados\u00bb","author":"AF","date":"12\/08\/2022","format":false,"excerpt":"\"Buscamos recuperar el orden en los precios de la mesa de los argentinos. Gracias al compromiso y al trabajo conjunto del Gobierno nacional, la industria y los supermercados alcanzamos este acuerdo\", resalt\u00f3 el secretario de Comercio, Mat\u00edas Tombolini. La Secretar\u00eda de Comercio y las empresas frigor\u00edficas y supermercados acordaron este\u2026","rel":"","context":"En \u00abSociedad\u00bb","block_context":{"text":"Sociedad","link":"https:\/\/www.24baires.com\/?cat=1"},"img":{"alt_text":"","src":"https:\/\/i0.wp.com\/www.24baires.com\/wp-content\/uploads\/2022\/08\/cortes-cuidados.jpeg?resize=350%2C200","width":350,"height":200,"srcset":"https:\/\/i0.wp.com\/www.24baires.com\/wp-content\/uploads\/2022\/08\/cortes-cuidados.jpeg?resize=350%2C200 1x, https:\/\/i0.wp.com\/www.24baires.com\/wp-content\/uploads\/2022\/08\/cortes-cuidados.jpeg?resize=525%2C300 1.5x, https:\/\/i0.wp.com\/www.24baires.com\/wp-content\/uploads\/2022\/08\/cortes-cuidados.jpeg?resize=700%2C400 2x"},"classes":[]},{"id":120421,"url":"https:\/\/www.24baires.com\/?p=120421","url_meta":{"origin":63827,"position":4},"title":"Con aumentos del 30%, renovaron el Precios Justos Carne","author":"GB","date":"30\/08\/2023","format":false,"excerpt":"La Secretar\u00eda de Comercio lleg\u00f3 a un acuerdo con supermercados, carnicer\u00edas y empresas exportadoras para renovar el programa Precios Justos Carne. Secretar\u00eda de Comercio de la Naci\u00f3n cerr\u00f3 un acuerdo sectorial para actualizar el programa Precios Justos de la carne. Los siete cortes incluidos en el esquema lanzado por primera\u2026","rel":"","context":"En \u00abConsumidores\u00bb","block_context":{"text":"Consumidores","link":"https:\/\/www.24baires.com\/?cat=78"},"img":{"alt_text":"","src":"https:\/\/i0.wp.com\/www.24baires.com\/wp-content\/uploads\/2016\/02\/carnicer%C3%ADa.jpg?resize=350%2C200","width":350,"height":200,"srcset":"https:\/\/i0.wp.com\/www.24baires.com\/wp-content\/uploads\/2016\/02\/carnicer%C3%ADa.jpg?resize=350%2C200 1x, https:\/\/i0.wp.com\/www.24baires.com\/wp-content\/uploads\/2016\/02\/carnicer%C3%ADa.jpg?resize=525%2C300 1.5x, https:\/\/i0.wp.com\/www.24baires.com\/wp-content\/uploads\/2016\/02\/carnicer%C3%ADa.jpg?resize=700%2C400 2x"},"classes":[]},{"id":117541,"url":"https:\/\/www.24baires.com\/?p=117541","url_meta":{"origin":63827,"position":5},"title":"El Gobierno anuncia un acuerdo para vender el kilo de asado a $359","author":"AF","date":"07\/05\/2021","format":false,"excerpt":"Va a estar disponible todos los d\u00edas, de lunes a viernes, en supermercacos. Mantiene los precios fijados en enero para la carne y el asado baja de $399 a $359. El ministro de Desarrollo Productivo, Mat\u00edas Kulfas, anunci\u00f3 este viernes que el pr\u00f3ximo martes entrar\u00e1 en vigencia el nuevo acuerdo\u2026","rel":"","context":"En \u00abSociedad\u00bb","block_context":{"text":"Sociedad","link":"https:\/\/www.24baires.com\/?cat=1"},"img":{"alt_text":"","src":"https:\/\/i0.wp.com\/www.24baires.com\/wp-content\/uploads\/2016\/07\/carne.jpg?resize=350%2C200","width":350,"height":200,"srcset":"https:\/\/i0.wp.com\/www.24baires.com\/wp-content\/uploads\/2016\/07\/carne.jpg?resize=350%2C200 1x, https:\/\/i0.wp.com\/www.24baires.com\/wp-content\/uploads\/2016\/07\/carne.jpg?resize=525%2C300 1.5x"},"classes":[]}],"jetpack_sharing_enabled":true,"jetpack_likes_enabled":true,"_links":{"self":[{"href":"https:\/\/www.24baires.com\/index.php?rest_route=\/wp\/v2\/posts\/63827","targetHints":{"allow":["GET"]}}],"collection":[{"href":"https:\/\/www.24baires.com\/index.php?rest_route=\/wp\/v2\/posts"}],"about":[{"href":"https:\/\/www.24baires.com\/index.php?rest_route=\/wp\/v2\/types\/post"}],"author":[{"embeddable":true,"href":"https:\/\/www.24baires.com\/index.php?rest_route=\/wp\/v2\/users\/8"}],"replies":[{"embeddable":true,"href":"https:\/\/www.24baires.com\/index.php?rest_route=%2Fwp%2Fv2%2Fcomments&post=63827"}],"version-history":[{"count":1,"href":"https:\/\/www.24baires.com\/index.php?rest_route=\/wp\/v2\/posts\/63827\/revisions"}],"predecessor-version":[{"id":63828,"href":"https:\/\/www.24baires.com\/index.php?rest_route=\/wp\/v2\/posts\/63827\/revisions\/63828"}],"wp:attachment":[{"href":"https:\/\/www.24baires.com\/index.php?rest_route=%2Fwp%2Fv2%2Fmedia&parent=63827"}],"wp:term":[{"taxonomy":"category","embeddable":true,"href":"https:\/\/www.24baires.com\/index.php?rest_route=%2Fwp%2Fv2%2Fcategories&post=63827"},{"taxonomy":"post_tag","embeddable":true,"href":"https:\/\/www.24baires.com\/index.php?rest_route=%2Fwp%2Fv2%2Ftags&post=63827"}],"curies":[{"name":"wp","href":"https:\/\/api.w.org\/{rel}","templated":true}]}}