{"id":6367,"date":"2012-11-22T13:30:54","date_gmt":"2012-11-22T16:30:54","guid":{"rendered":"http:\/\/www.24baires.com\/?p=6367"},"modified":"2012-11-23T11:21:52","modified_gmt":"2012-11-23T14:21:52","slug":"carlotto-ya-conozco-de-todo-esto-a-mi-me-balearon-con-intencion-de-matarme","status":"publish","type":"post","link":"https:\/\/www.24baires.com\/?p=6367","title":{"rendered":"Carlotto: \u201cYa conozco de todo esto, a m\u00ed me balearon con intenci\u00f3n de matarme\u201d"},"content":{"rendered":"<p><img data-recalc-dims=\"1\" loading=\"lazy\" decoding=\"async\" class=\"alignleft size-medium wp-image-6369\" title=\"carlotto pa\u00f1uelo\" src=\"https:\/\/i0.wp.com\/www.24baires.com\/wp-content\/uploads\/2012\/11\/carlotto-pa%C3%B1uelo.jpg?resize=300%2C206\" alt=\"\" width=\"300\" height=\"206\" srcset=\"https:\/\/i0.wp.com\/www.24baires.com\/wp-content\/uploads\/2012\/11\/carlotto-pa%C3%B1uelo.jpg?resize=300%2C206&amp;ssl=1 300w, https:\/\/i0.wp.com\/www.24baires.com\/wp-content\/uploads\/2012\/11\/carlotto-pa%C3%B1uelo.jpg?w=451&amp;ssl=1 451w\" sizes=\"auto, (max-width: 300px) 100vw, 300px\" \/>La titular de Abuelas de Plaza de Mayo, <strong>Estela de Carlotto<\/strong>, habl\u00f3 luego de que fueran halladas 13 balas en un estudio de TV al que deb\u00eda concurrir para una nota. <strong>\u201cMe toc\u00f3 hace 10 a\u00f1os ver balas en mi casa, el sentido era la muerte; en esto hay muchas interpretaciones\u201d<\/strong>, rese\u00f1\u00f3.<!--more--><\/p>\n<p>\u201cMe parece correcto que den intervenci\u00f3n a la polic\u00eda y que se investigue de donde pueden haber llovido estas balas, porque no hay impactos como para que las hayan disparado\u201d, opin\u00f3 la titular de Abuelas.<\/p>\n<p>Carlotto no descart\u00f3 que el mensaje pueda tener que ver con el paro del martes: \u201ca lo mejor alg\u00fan gracioso quiso hacer algo, dejar un sellito; lo \u00fanico que consigue, si fue as\u00ed, es que se lo repudie\u201d, sentenci\u00f3.<\/p>\n<p>El mi\u00e9rcoles a la ma\u00f1ana, en el canal de televisi\u00f3n on line de UPCN se encontraron cuatro balas y horas m\u00e1s tarde 9 m\u00e1s. Estela de Carlotto, titular de Abuelas de Plaza de Mayo, iba a ser entrevistada por la emisora.<\/p>\n<p>Luego de que, v\u00eda redes sociales, el canal on line de UPCN promocionara la visita de Estela de Carlotto, a primera hora de la ma\u00f1ana, empleados del lugar encontraron tres balas y una percutida en el patio interno del edificio. Ante esto, se llam\u00f3 al 911 y se le comunic\u00f3 a Carlotto para saber si, de todos modos, quer\u00eda realizar la entrevista.<\/p>\n<p>La respuesta afirmativa de la presidenta de Abuelas de Plaza de Mayo hizo que se revisar\u00e1 m\u00e1s minuciosamente lo que deriv\u00f3 en que se encontraron otras nueve balas m\u00e1s, esta vez en un pulm\u00f3n del edificio.<\/p>\n<p>Al llegar al lugar, Carlotto minimiz\u00f3 la intimidaci\u00f3n al alegar que \u201chay un edificio y una obra en construcci\u00f3n ac\u00e1 al lado\u201d; sin embargo, sostuvo que \u201cyo ya conozco de todo esto, a m\u00ed me balearon con intenci\u00f3n de matarme\u201d.<\/p>\n<p>La denuncia est\u00e1 radica en la Comisar\u00eda 1\u00b0 de La Plata.<\/p>\n","protected":false},"excerpt":{"rendered":"<p>La titular de Abuelas de Plaza de Mayo, Estela de Carlotto, habl\u00f3 luego de que fueran halladas 13 balas en un estudio de TV al que deb\u00eda concurrir para una nota. \u201cMe toc\u00f3 hace 10 a\u00f1os ver balas en mi casa, el sentido era la muerte; en esto hay muchas interpretaciones\u201d, rese\u00f1\u00f3.<\/p>\n","protected":false},"author":4,"featured_media":0,"comment_status":"open","ping_status":"open","sticky":false,"template":"","format":"standard","meta":{"_jetpack_newsletter_access":"","_jetpack_dont_email_post_to_subs":false,"_jetpack_newsletter_tier_id":0,"_jetpack_memberships_contains_paywalled_content":false,"_jetpack_memberships_contains_paid_content":false,"footnotes":""},"categories":[1],"tags":[],"class_list":["post-6367","post","type-post","status-publish","format-standard","hentry","category-sociedad"],"jetpack_featured_media_url":"","jetpack_shortlink":"https:\/\/wp.me\/p2JWE0-1EH","jetpack-related-posts":[{"id":6283,"url":"https:\/\/www.24baires.com\/?p=6283","url_meta":{"origin":6367,"position":0},"title":"Amenazan a Estela de Carlotto","author":"Grupo Sierra","date":"21\/11\/2012","format":false,"excerpt":"LA PLATA - Sucedi\u00f3 en el canal de televisi\u00f3n del sindicato de UPCN, en la ciudad de las diagonales. Se encontraron alrededor de 15 casquillos de bala de una pistola 9 mm, en la puerta del edificio y en el ascensor. Cuando personal del canal de televisi\u00f3n encontr\u00f3 los proyectiles,\u2026","rel":"","context":"En \u00abMemoria\u00bb","block_context":{"text":"Memoria","link":"https:\/\/www.24baires.com\/?cat=50"},"img":{"alt_text":"","src":"","width":0,"height":0},"classes":[]},{"id":103510,"url":"https:\/\/www.24baires.com\/?p=103510","url_meta":{"origin":6367,"position":1},"title":"\u201cEsperamos una marcha como la del 2&#215;1 para frenar este atropello a la democracia\u201d","author":"AF","date":"24\/07\/2018","format":false,"excerpt":"La titular de Abuelas de Plaza de Mayo, Estela de Carlotto, convoc\u00f3 a la movilizaci\u00f3n del jueves pr\u00f3ximo al Ministerio de Defensa para \"evitar que las Fuerzas Armadas vuelvan a las calles\" y asegur\u00f3 que \"no esperaba que el Gobierno se animara a tanto\". La titular de Abuelas de Plaza\u2026","rel":"","context":"En \u00abSociedad\u00bb","block_context":{"text":"Sociedad","link":"https:\/\/www.24baires.com\/?cat=1"},"img":{"alt_text":"","src":"https:\/\/i0.wp.com\/www.24baires.com\/wp-content\/uploads\/2017\/10\/carlotto-maldonado.jpg?resize=350%2C200","width":350,"height":200,"srcset":"https:\/\/i0.wp.com\/www.24baires.com\/wp-content\/uploads\/2017\/10\/carlotto-maldonado.jpg?resize=350%2C200 1x, https:\/\/i0.wp.com\/www.24baires.com\/wp-content\/uploads\/2017\/10\/carlotto-maldonado.jpg?resize=525%2C300 1.5x"},"classes":[]},{"id":99741,"url":"https:\/\/www.24baires.com\/?p=99741","url_meta":{"origin":6367,"position":2},"title":"Carlotto advierte que \u00abno hay divisi\u00f3n de poderes\u00bb","author":"AF","date":"02\/01\/2018","format":false,"excerpt":"Ante la postergaci\u00f3n de parte de la Corte Suprema de la prometida revisi\u00f3n del fallo que extendi\u00f3 el beneficio del 2 x 1 a los condenados por delitos de lesa humanidad, la titular de Abuelas de Plaza de Mayo, Estela de Carlotto, en di\u00e1logo con la AM750, repas\u00f3 la agenda\u2026","rel":"","context":"En \u00abPol\u00edtica\u00bb","block_context":{"text":"Pol\u00edtica","link":"https:\/\/www.24baires.com\/?cat=51"},"img":{"alt_text":"","src":"https:\/\/i0.wp.com\/www.24baires.com\/wp-content\/uploads\/2013\/04\/estela-carlotto.jpg?resize=350%2C200","width":350,"height":200,"srcset":"https:\/\/i0.wp.com\/www.24baires.com\/wp-content\/uploads\/2013\/04\/estela-carlotto.jpg?resize=350%2C200 1x, https:\/\/i0.wp.com\/www.24baires.com\/wp-content\/uploads\/2013\/04\/estela-carlotto.jpg?resize=525%2C300 1.5x"},"classes":[]},{"id":101288,"url":"https:\/\/www.24baires.com\/?p=101288","url_meta":{"origin":6367,"position":3},"title":"\u00abA Macri le est\u00e1 saliendo mal tener presos pol\u00edticos; lleg\u00f3 la hora de liberarlos\u00bb","author":"AF","date":"26\/03\/2018","format":false,"excerpt":"As\u00ed lo dijo Estela en una entrevista junto a V\u00edctor Hugo Morales. \u201cCuando alguien no est\u00e1 conforme con la directiva del Gobierno empiezan a combatirlo\", denunci\u00f3. La titular de Abuelas de Plaza de Mayo, Estela de Carlotto, critic\u00f3 al Gobierno nacional por su injerencia en la Justicia y reclam\u00f3 por\u2026","rel":"","context":"En \u00abPol\u00edtica\u00bb","block_context":{"text":"Pol\u00edtica","link":"https:\/\/www.24baires.com\/?cat=51"},"img":{"alt_text":"","src":"https:\/\/i0.wp.com\/www.24baires.com\/wp-content\/uploads\/2017\/10\/carlotto-maldonado.jpg?resize=350%2C200","width":350,"height":200,"srcset":"https:\/\/i0.wp.com\/www.24baires.com\/wp-content\/uploads\/2017\/10\/carlotto-maldonado.jpg?resize=350%2C200 1x, https:\/\/i0.wp.com\/www.24baires.com\/wp-content\/uploads\/2017\/10\/carlotto-maldonado.jpg?resize=525%2C300 1.5x"},"classes":[]},{"id":101194,"url":"https:\/\/www.24baires.com\/?p=101194","url_meta":{"origin":6367,"position":4},"title":"Estela de Carlotto consider\u00f3 una \u00abprovocaci\u00f3n\u00bb la posible prisi\u00f3n domiciliaria para Astiz","author":"AF","date":"21\/03\/2018","format":false,"excerpt":"La titular de Abuelas de Plaza de Mayo puso en duda los motivos del beneficio y advirti\u00f3: \u201cCon esto se levanta la polvareda\u201d. Estela de Carlotto carg\u00f3 contra la posibilidad de que se le otorgue prisi\u00f3n domiciliaria al genocida Alfredo Astiz. Para la titular de Abuelas de Plaza de Mayo\u2026","rel":"","context":"En \u00abSociedad\u00bb","block_context":{"text":"Sociedad","link":"https:\/\/www.24baires.com\/?cat=1"},"img":{"alt_text":"","src":"https:\/\/i0.wp.com\/www.24baires.com\/wp-content\/uploads\/2013\/04\/estela-carlotto.jpg?resize=350%2C200","width":350,"height":200,"srcset":"https:\/\/i0.wp.com\/www.24baires.com\/wp-content\/uploads\/2013\/04\/estela-carlotto.jpg?resize=350%2C200 1x, https:\/\/i0.wp.com\/www.24baires.com\/wp-content\/uploads\/2013\/04\/estela-carlotto.jpg?resize=525%2C300 1.5x"},"classes":[]},{"id":102322,"url":"https:\/\/www.24baires.com\/?p=102322","url_meta":{"origin":6367,"position":5},"title":"La asociaci\u00f3n Abuelas de Plaza de Mayo fue nominada al Premio Nobel de la Paz 2018","author":"AF","date":"23\/05\/2018","format":false,"excerpt":"Ya son varias las ocasiones en que la asociaci\u00f3n que preside Estela de Carlotto recibe la nominaci\u00f3n. El Comit\u00e9 Noruego acept\u00f3 a la asociaci\u00f3n Abuelas de Plaza de Mayo entre los nominados al Premio Nobel de la Paz edici\u00f3n 2018. La presidenta de Abuelas, Estela de Carlotto, har\u00e1 el anuncio\u2026","rel":"","context":"En \u00abSociedad\u00bb","block_context":{"text":"Sociedad","link":"https:\/\/www.24baires.com\/?cat=1"},"img":{"alt_text":"","src":"https:\/\/i0.wp.com\/www.24baires.com\/wp-content\/uploads\/2012\/11\/madres-abuelas-circuito-camps.jpg?resize=350%2C200","width":350,"height":200,"srcset":"https:\/\/i0.wp.com\/www.24baires.com\/wp-content\/uploads\/2012\/11\/madres-abuelas-circuito-camps.jpg?resize=350%2C200 1x, https:\/\/i0.wp.com\/www.24baires.com\/wp-content\/uploads\/2012\/11\/madres-abuelas-circuito-camps.jpg?resize=525%2C300 1.5x"},"classes":[]}],"jetpack_sharing_enabled":true,"jetpack_likes_enabled":true,"_links":{"self":[{"href":"https:\/\/www.24baires.com\/index.php?rest_route=\/wp\/v2\/posts\/6367","targetHints":{"allow":["GET"]}}],"collection":[{"href":"https:\/\/www.24baires.com\/index.php?rest_route=\/wp\/v2\/posts"}],"about":[{"href":"https:\/\/www.24baires.com\/index.php?rest_route=\/wp\/v2\/types\/post"}],"author":[{"embeddable":true,"href":"https:\/\/www.24baires.com\/index.php?rest_route=\/wp\/v2\/users\/4"}],"replies":[{"embeddable":true,"href":"https:\/\/www.24baires.com\/index.php?rest_route=%2Fwp%2Fv2%2Fcomments&post=6367"}],"version-history":[{"count":3,"href":"https:\/\/www.24baires.com\/index.php?rest_route=\/wp\/v2\/posts\/6367\/revisions"}],"predecessor-version":[{"id":6484,"href":"https:\/\/www.24baires.com\/index.php?rest_route=\/wp\/v2\/posts\/6367\/revisions\/6484"}],"wp:attachment":[{"href":"https:\/\/www.24baires.com\/index.php?rest_route=%2Fwp%2Fv2%2Fmedia&parent=6367"}],"wp:term":[{"taxonomy":"category","embeddable":true,"href":"https:\/\/www.24baires.com\/index.php?rest_route=%2Fwp%2Fv2%2Fcategories&post=6367"},{"taxonomy":"post_tag","embeddable":true,"href":"https:\/\/www.24baires.com\/index.php?rest_route=%2Fwp%2Fv2%2Ftags&post=6367"}],"curies":[{"name":"wp","href":"https:\/\/api.w.org\/{rel}","templated":true}]}}