{"id":6362,"date":"2012-11-22T12:56:42","date_gmt":"2012-11-22T15:56:42","guid":{"rendered":"http:\/\/www.24baires.com\/?p=6362"},"modified":"2012-11-23T11:22:04","modified_gmt":"2012-11-23T14:22:04","slug":"gremios-docentes-destacan-una-alta-adhesion-de-lucia-habla-de-paro-turistico","status":"publish","type":"post","link":"https:\/\/www.24baires.com\/?p=6362","title":{"rendered":"Gremios docentes destacan una &#8216;alta adhesi\u00f3n&#8217;. De Luc\u00eda, habla de &#8216;paro tur\u00edstico&#8217;."},"content":{"rendered":"<p>Desde los gremios afirman que la medida es \u201cimportante\u201d. La titular de Educaci\u00f3n, Nora De Luc\u00eda, se quej\u00f3: \u201cLe complican la vida a 4,7 millones de chicos, no estamos dispuestos a estas extorsiones\u201d.<!--more--><\/p>\n<p>De Luc\u00eda sali\u00f3 as\u00ed en el marco de un enfrentamiento que sube de tono con los docentes y afirm\u00f3 que los reclamos por los que se lleva adelante la protesta \u201cson excusas de agenda de todos los noviembre, que obedecen a \u201cla justificaci\u00f3n de una pol\u00edtica gremial y de afiliaci\u00f3n sacrificando a los chicos\u201d.<\/p>\n<p>En declaraciones a El Informador, por La Redonda, la titular de Cultura y Educaci\u00f3n de la Provincia reiter\u00f3 sus dichos de la semana pasada cuando calific\u00f3 al paro de \u201cabsurdo, irracional y vergonzoso\u201d y se quej\u00f3 de que \u201ccinco dirigentes gremiales modifican la normalidad del d\u00eda lectivo de 4.700 mil chicos y le complican la vida a toda la sociedad\u201d.<\/p>\n<p>\u201cMe parece que cuando uno tiene una distinci\u00f3n tan importante como la de representar a tantos afiliados, de una profesi\u00f3n que tiene que ver con la entrega y con la vocaci\u00f3n y que as\u00ed lo demuestran todos los docentes, estos dirigentes gremiales paran todo el sistema educativo porque ellos deciden\u201d, exclam\u00f3.<\/p>\n<p>En el marco de un paro en el que, seg\u00fan los gremios, el acatamiento es superior al 90 por ciento en toda la Provincia, De Luc\u00eda afirm\u00f3 que la medida de fuerza no obedece a reclamos por falta de di\u00e1logo: \u201cEn noviembre es la agenda de paro. Ellos est\u00e1n justificando una pol\u00edtica gremial y de afiliaci\u00f3n sacrificando a los chicos, y nosotros no estamos dispuestos a estas extorsiones porque somos un gobierno justo, que en estos a\u00f1os de gesti\u00f3n le dio a los docentes un 180 por ciento de aumento y trabajamos en mejoras laborales\u201d.<\/p>\n<p>Y agreg\u00f3: \u201cEstamos a favor del docente que tiene vocaci\u00f3n, que se sacrifica. Estamos para contenerlo y que tenga mejoras condiciones de salud\u201d.<\/p>\n<p><strong>DIALOGO Y RESPUESTAS<\/strong><\/p>\n<p>Respecto a la falta de di\u00e1logo y de respuestas de lo que se quejan los docentes, la funcionaria neg\u00f3 que no haya convocatorias por parte de su cartera: \u201cHoy ten\u00edamos comisi\u00f3n t\u00e9cnica de condiciones de salud para salir trabajando, \u00bfc\u00f3mo no se los escucha?\u201d, se pregunt\u00f3.<\/p>\n<p>Y sobre los docentes que a\u00fan no han cobrado sumas o el salario desde marzo, dijo que se establecieron tres fechas: el viernes, el martes pr\u00f3ximo y el 5 de diciembre para normalizar la liquidaci\u00f3n. \u201cTardamos tanto porque no es f\u00e1cil de entender el sistema m\u00e1s grande del pa\u00eds y es dif\u00edcil procesar una liquidaci\u00f3n\u201d, explic\u00f3.<\/p>\n<p>En tanto, sobre las asignaciones familiares, dijo que \u201clos dirigentes quer\u00edan el decreto en la mano y la norma estaba en proceso, y por eso van al paro. Son todas excusas\u201d, se quej\u00f3 y se lament\u00f3: \u201cLe parece que a 15 d\u00edas de terminar el ciclo lectivo de 2012 hacer un paro?\u201d.<\/p>\n<p>Y remat\u00f3: \u201cSomos un gobierno justo. Y eso significa que ponemos el eje en los padres, en los chicos y en los docentes que tienen vocaci\u00f3n y no nos vamos a dejar extorsionar por dirigentes que no tienen como prioridad a los chicos. A los dirigentes les molesta de esta gestion que no vamos a tolerar privilegios y prebendas\u201d.<\/p>\n<p>La protesta que se inici\u00f3 este jueves y continuara hasta el viernes fue decidida por el Frente Gremial Docente (Suteba, FEB, Amet, UDA y Sadop) y tiene repercusi\u00f3n en escuelas p\u00faiblicas y privadas de la Provincia. La medida es en reclamo de la reapertura de la negociaci\u00f3n paritaria este a\u00f1os, el pago de sumas adeudadas y distintas mejoras laborales.<\/p>\n","protected":false},"excerpt":{"rendered":"<p>Desde los gremios afirman que la medida es \u201cimportante\u201d. La titular de Educaci\u00f3n, Nora De Luc\u00eda, se quej\u00f3: \u201cLe complican la vida a 4,7 millones de chicos, no estamos dispuestos a estas extorsiones\u201d.<\/p>\n","protected":false},"author":4,"featured_media":0,"comment_status":"open","ping_status":"open","sticky":false,"template":"","format":"standard","meta":{"_jetpack_newsletter_access":"","_jetpack_dont_email_post_to_subs":false,"_jetpack_newsletter_tier_id":0,"_jetpack_memberships_contains_paywalled_content":false,"_jetpack_memberships_contains_paid_content":false,"footnotes":""},"categories":[1],"tags":[],"class_list":["post-6362","post","type-post","status-publish","format-standard","hentry","category-sociedad"],"jetpack_featured_media_url":"","jetpack_shortlink":"https:\/\/wp.me\/p2JWE0-1EC","jetpack-related-posts":[{"id":5558,"url":"https:\/\/www.24baires.com\/?p=5558","url_meta":{"origin":6362,"position":0},"title":"De Luc\u00eda: \u00abEl gobierno de Scioli da respuestas y los gremios arman un fin de semana largo\u00bb","author":"AF","date":"15\/11\/2012","format":false,"excerpt":"La titular de Educaci\u00f3n dijo que \u201cel gobierno de Scioli da respuestas\u201d y que la respuesta de los gremios \u201ces un fin de semana largo\u201d. La directora general de Cultura y Educaci\u00f3n de la provincia, Nora de Luc\u00eda, calific\u00f3 de \u201cabsurdo y vergonzoso\u201d el paro docente convocado para el jueves\u2026","rel":"","context":"En \u00abSociedad\u00bb","block_context":{"text":"Sociedad","link":"https:\/\/www.24baires.com\/?cat=1"},"img":{"alt_text":"","src":"","width":0,"height":0},"classes":[]},{"id":42857,"url":"https:\/\/www.24baires.com\/?p=42857","url_meta":{"origin":6362,"position":1},"title":"Conflicto docente: chau De Luc\u00eda, hola P\u00e9rez","author":"Grupo Sierra","date":"27\/03\/2014","format":false,"excerpt":"El jefe de Gabinete bonaerense asegur\u00f3 que el propio Scioli lo envi\u00f3 a ser el intermediario para seguir las negociaciones con los gremios docentes. El jefe de Gabinete del gobierno bonaerense, Alberto P\u00e9rez, nuevo negociador del sciolismo ante los gremios docentes, asever\u00f3 hoy que no comprende \"esta intransigencia\" demostrada por\u2026","rel":"","context":"En \u00abPol\u00edtica\u00bb","block_context":{"text":"Pol\u00edtica","link":"https:\/\/www.24baires.com\/?cat=51"},"img":{"alt_text":"Nora de luc\u00eda alberto p\u00e9rez","src":"https:\/\/i0.wp.com\/www.24baires.com\/wp-content\/uploads\/2014\/03\/Nora-de-luc%C3%ADa-alberto-p%C3%A9rez-300x169.jpg?resize=350%2C200","width":350,"height":200},"classes":[]},{"id":62604,"url":"https:\/\/www.24baires.com\/?p=62604","url_meta":{"origin":6362,"position":2},"title":"De Luc\u00eda advirti\u00f3 que sancionar\u00e1n a docentes que adhirieron al paro","author":"AF","date":"04\/03\/2015","format":false,"excerpt":"La Provincia advirti\u00f3 que iniciar\u00e1 sumarios y aplicar\u00e1 descuentos a los docentes que hayan adherido a la medida de fuerza , mientras que los gremios denunciaron \u201cintimidaciones\u201d contra los maestros. La directora general de Cultura y Educaci\u00f3n bonaerense, Nora De Luc\u00eda, anticip\u00f3 que el gobierno bonaerense iniciar\u00e1 sumarios contra los\u2026","rel":"","context":"En \u00abSociedad\u00bb","block_context":{"text":"Sociedad","link":"https:\/\/www.24baires.com\/?cat=1"},"img":{"alt_text":"de lucia","src":"https:\/\/i0.wp.com\/www.24baires.com\/wp-content\/uploads\/2014\/03\/de-lucia.jpg?resize=350%2C200","width":350,"height":200,"srcset":"https:\/\/i0.wp.com\/www.24baires.com\/wp-content\/uploads\/2014\/03\/de-lucia.jpg?resize=350%2C200 1x, https:\/\/i0.wp.com\/www.24baires.com\/wp-content\/uploads\/2014\/03\/de-lucia.jpg?resize=525%2C300 1.5x"},"classes":[]},{"id":932,"url":"https:\/\/www.24baires.com\/?p=932","url_meta":{"origin":6362,"position":3},"title":"Los docentes ya analizan un paro de 48 horas contra los ajustes de De Luc\u00eda","author":"AF","date":"03\/10\/2012","format":false,"excerpt":"Luego de la marcha a la Casa de la Provincia en Capital Federal, Roberto Baradel advirti\u00f3 sobre posibles medidas de fuerza del Frente Gremial Docente y la CTA. \"Para salir de este conflicto hay un solo camino, no descontarle un solo peso a ning\u00fan trabajador y convocar a discutir las\u2026","rel":"","context":"En \u00abSociedad\u00bb","block_context":{"text":"Sociedad","link":"https:\/\/www.24baires.com\/?cat=1"},"img":{"alt_text":"","src":"","width":0,"height":0},"classes":[]},{"id":5693,"url":"https:\/\/www.24baires.com\/?p=5693","url_meta":{"origin":6362,"position":4},"title":"Docentes y gobierno provincial se siguen tirando con munici\u00f3n gruesa","author":"Grupo Sierra","date":"16\/11\/2012","format":false,"excerpt":"Desde Suteba reiteraron que unos mil maestros a\u00fan no cobraron salarios adeudados desde abril y criticaron la gesti\u00f3n provincial. De Luc\u00eda insisti\u00f3 en que el paro es \"vergonzoso\". \u201cAl ministro le faltan argumentos para defender la gesti\u00f3n y por eso recurre a chicanas para desviar la atenci\u00f3n de lo que\u2026","rel":"","context":"En \u00abProvincia\u00bb","block_context":{"text":"Provincia","link":"https:\/\/www.24baires.com\/?cat=40"},"img":{"alt_text":"","src":"","width":0,"height":0},"classes":[]},{"id":2977,"url":"https:\/\/www.24baires.com\/?p=2977","url_meta":{"origin":6362,"position":5},"title":"De Luc\u00eda, firme ante el paro Docente de hoy y ma\u00f1ana: \u00abNo hay posibilidades de abrir paritarias\u00bb","author":"AF","date":"23\/10\/2012","format":false,"excerpt":"La directora de Cultura y Educaci\u00f3n de la provincia de Buenos Aires, Nora de Luc\u00eda, cuestion\u00f3 con fiereza la decisi\u00f3n de los gremios bonaerenses de llevar adelante un paro por 48 horas: \"No hay posibilidades de abrir paritarias\u201d, enfatiz\u00f3. En tanto, Roberto Baradel de Suteba, adelant\u00f3 que marchar\u00e1n a la\u2026","rel":"","context":"En \u00abPol\u00edtica\u00bb","block_context":{"text":"Pol\u00edtica","link":"https:\/\/www.24baires.com\/?cat=51"},"img":{"alt_text":"","src":"https:\/\/i0.wp.com\/www.24baires.com\/wp-content\/uploads\/2012\/10\/de-luc%C3%ADa-mesa-300x198.jpg?resize=350%2C200","width":350,"height":200},"classes":[]}],"jetpack_sharing_enabled":true,"jetpack_likes_enabled":true,"_links":{"self":[{"href":"https:\/\/www.24baires.com\/index.php?rest_route=\/wp\/v2\/posts\/6362","targetHints":{"allow":["GET"]}}],"collection":[{"href":"https:\/\/www.24baires.com\/index.php?rest_route=\/wp\/v2\/posts"}],"about":[{"href":"https:\/\/www.24baires.com\/index.php?rest_route=\/wp\/v2\/types\/post"}],"author":[{"embeddable":true,"href":"https:\/\/www.24baires.com\/index.php?rest_route=\/wp\/v2\/users\/4"}],"replies":[{"embeddable":true,"href":"https:\/\/www.24baires.com\/index.php?rest_route=%2Fwp%2Fv2%2Fcomments&post=6362"}],"version-history":[{"count":3,"href":"https:\/\/www.24baires.com\/index.php?rest_route=\/wp\/v2\/posts\/6362\/revisions"}],"predecessor-version":[{"id":6485,"href":"https:\/\/www.24baires.com\/index.php?rest_route=\/wp\/v2\/posts\/6362\/revisions\/6485"}],"wp:attachment":[{"href":"https:\/\/www.24baires.com\/index.php?rest_route=%2Fwp%2Fv2%2Fmedia&parent=6362"}],"wp:term":[{"taxonomy":"category","embeddable":true,"href":"https:\/\/www.24baires.com\/index.php?rest_route=%2Fwp%2Fv2%2Fcategories&post=6362"},{"taxonomy":"post_tag","embeddable":true,"href":"https:\/\/www.24baires.com\/index.php?rest_route=%2Fwp%2Fv2%2Ftags&post=6362"}],"curies":[{"name":"wp","href":"https:\/\/api.w.org\/{rel}","templated":true}]}}