{"id":6341,"date":"2012-11-22T09:40:08","date_gmt":"2012-11-22T12:40:08","guid":{"rendered":"http:\/\/www.24baires.com\/?p=6341"},"modified":"2012-11-22T18:59:40","modified_gmt":"2012-11-22T21:59:40","slug":"bellocq-se-prepara-para-los-festejos-de-su-100o-aniversario","status":"publish","type":"post","link":"https:\/\/www.24baires.com\/?p=6341","title":{"rendered":"Bellocq se prepara para los festejos de su 100\u00ba aniversario"},"content":{"rendered":"<p><img data-recalc-dims=\"1\" loading=\"lazy\" decoding=\"async\" class=\"alignleft  wp-image-6415\" title=\"bellocq iglesia\" src=\"https:\/\/i0.wp.com\/www.24baires.com\/wp-content\/uploads\/2012\/11\/bellocq-iglesia.jpg?resize=270%2C197\" alt=\"\" width=\"270\" height=\"197\" srcset=\"https:\/\/i0.wp.com\/www.24baires.com\/wp-content\/uploads\/2012\/11\/bellocq-iglesia.jpg?resize=300%2C219&amp;ssl=1 300w, https:\/\/i0.wp.com\/www.24baires.com\/wp-content\/uploads\/2012\/11\/bellocq-iglesia.jpg?w=560&amp;ssl=1 560w\" sizes=\"auto, (max-width: 270px) 100vw, 270px\" \/>La Comisi\u00f3n de Fomento de Bellocq, en conjunto con otras instituciones de la localidad, est\u00e1n abocadas a los \u00faltimos detalles de la fiesta del centenario del pueblo, que tendr\u00e1 lugar los d\u00edas 7 y 8 de diciembre. Para conmemorar el siglo de vida de la localidad se han previsto una serie de acontecimientos, los que dar\u00e1n inicio el d\u00eda 7, y culminar\u00e1n en la noche de la jornada siguiente. Presencia de autoridades, m\u00fasicos, artesanos y diversos espect\u00e1culos son parte de los preparativos.\u00a0<!--more--><\/p>\n<p>El delegado municipal de Bellocq, Norberto Pagella, y la presidente de la Comisi\u00f3n de Fomento, Yesica Petrucci, dieron detalles de los preparativos y los n\u00fameros que tendr\u00e1n lugar. Entre algunos de los \u00edtems que se conocieron, se pudo saber que como n\u00famero central estar\u00e1 la presencia de Carlos Ram\u00f3n Fern\u00e1ndez, \u00abEl Chacarero Cantor\u00bb, adem\u00e1s de una cena y otros espect\u00e1culos musicales. Entre las autoridades que asistir\u00e1n estar\u00e1 el intendente de Carlos Casares, Walter Torchio, distrito al que pertenece Bellocq, y adem\u00e1s se invitar\u00e1 al ejecutivo pehuajense, Pablo Zurro, y a los intendentes de Bol\u00edvar y Henderson.<\/p>\n","protected":false},"excerpt":{"rendered":"<p>La Comisi\u00f3n de Fomento de Bellocq, en conjunto con otras instituciones de la localidad, est\u00e1n abocadas a los \u00faltimos detalles de la fiesta del centenario del pueblo, que tendr\u00e1 lugar los d\u00edas 7 y 8 de diciembre. Para conmemorar el siglo de vida de la localidad se han previsto una serie de acontecimientos, los que dar\u00e1n inicio el d\u00eda 7, [&#8230;]<\/p>\n","protected":false},"author":4,"featured_media":0,"comment_status":"open","ping_status":"open","sticky":false,"template":"","format":"standard","meta":{"_jetpack_newsletter_access":"","_jetpack_dont_email_post_to_subs":false,"_jetpack_newsletter_tier_id":0,"_jetpack_memberships_contains_paywalled_content":false,"_jetpack_memberships_contains_paid_content":false,"footnotes":""},"categories":[38],"tags":[],"class_list":["post-6341","post","type-post","status-publish","format-standard","hentry","category-locales"],"jetpack_featured_media_url":"","jetpack_shortlink":"https:\/\/wp.me\/p2JWE0-1Eh","jetpack-related-posts":[{"id":64812,"url":"https:\/\/www.24baires.com\/?p=64812","url_meta":{"origin":6341,"position":0},"title":"Arl\u00eda y Torchio recorrieron obras en Carlos Casares","author":"AF","date":"24\/04\/2015","format":false,"excerpt":"El jefe comunal de Carlos Casares, Walter Torchio y el ministro de Infraestructura provincial, Alejandro Arl\u00eda inspeccionaron los avances en las obras que llevan adelante en el distrito. Ambos funcionarios recorrieron las distintas obras de infraestructura que se est\u00e1n realizando en nuestra ciudad que cuentan con financiamiento de la provincia\u2026","rel":"","context":"En \u00abLocales\u00bb","block_context":{"text":"Locales","link":"https:\/\/www.24baires.com\/?cat=38"},"img":{"alt_text":"","src":"","width":0,"height":0},"classes":[]},{"id":54943,"url":"https:\/\/www.24baires.com\/?p=54943","url_meta":{"origin":6341,"position":1},"title":"Vicente L\u00f3pez se suma a la Polic\u00eda Local","author":"AF","date":"07\/10\/2014","format":false,"excerpt":"El gobernador Daniel Scioli firmar\u00e1 hoy el convenio de adhesi\u00f3n a la polic\u00eda local de Vicente L\u00f3pez junto al intendente Jorge Macri; con quien recorrer\u00e1 tambi\u00e9n la UDI Casa del Ni\u00f1o y una sede del programa Envi\u00f3n. Las actividades comenzar\u00e1n a las 11 en la UDI de Warnes 3346, donde\u2026","rel":"","context":"En \u00abLocales\u00bb","block_context":{"text":"Locales","link":"https:\/\/www.24baires.com\/?cat=38"},"img":{"alt_text":"polic\u00eda municipal","src":"https:\/\/i0.wp.com\/www.24baires.com\/wp-content\/uploads\/2014\/07\/polic%C3%ADa-municipal.jpg?resize=350%2C200","width":350,"height":200,"srcset":"https:\/\/i0.wp.com\/www.24baires.com\/wp-content\/uploads\/2014\/07\/polic%C3%ADa-municipal.jpg?resize=350%2C200 1x, https:\/\/i0.wp.com\/www.24baires.com\/wp-content\/uploads\/2014\/07\/polic%C3%ADa-municipal.jpg?resize=525%2C300 1.5x"},"classes":[]},{"id":54675,"url":"https:\/\/www.24baires.com\/?p=54675","url_meta":{"origin":6341,"position":2},"title":"Tres Arroyos sigue apostando al tratamiento de basura","author":"GB","date":"02\/10\/2014","format":false,"excerpt":"El titular de la cartera ambiental y el jefe comunal local tambi\u00e9n firmaron diferentes convenios con el objetivo de brindar planes de formaci\u00f3n y educaci\u00f3n, destinados a alumnos y docentes, para la Gesti\u00f3n Integral de Residuos, buenas pr\u00e1cticas ambientales y la reducci\u00f3n en la generaci\u00f3n de desechos domiciliarios en esa\u2026","rel":"","context":"En \u00abLocales\u00bb","block_context":{"text":"Locales","link":"https:\/\/www.24baires.com\/?cat=38"},"img":{"alt_text":"tres arroyos","src":"https:\/\/i0.wp.com\/www.24baires.com\/wp-content\/uploads\/2014\/10\/tres-arroyos.jpg?resize=350%2C200","width":350,"height":200,"srcset":"https:\/\/i0.wp.com\/www.24baires.com\/wp-content\/uploads\/2014\/10\/tres-arroyos.jpg?resize=350%2C200 1x, https:\/\/i0.wp.com\/www.24baires.com\/wp-content\/uploads\/2014\/10\/tres-arroyos.jpg?resize=525%2C300 1.5x"},"classes":[]},{"id":53853,"url":"https:\/\/www.24baires.com\/?p=53853","url_meta":{"origin":6341,"position":3},"title":"Tres Arroyos: comienza a descender el agua en campos y caminos rurales","author":"AF","date":"18\/09\/2014","format":false,"excerpt":"El agua comienza a descender en el distrito de Tres Arroyos, uno de los municipios m\u00e1s afectados por el temporal ocurrido hace 20 d\u00edas que dej\u00f3 miles de hect\u00e1reas bajo el agua y caminos rurales anegados. En este sentido, el director de Vialidad Rural de esa comuna, H\u00e9ctor Poggi, sostuvo:\u2026","rel":"","context":"En \u00abLocales\u00bb","block_context":{"text":"Locales","link":"https:\/\/www.24baires.com\/?cat=38"},"img":{"alt_text":"rio inundado","src":"https:\/\/i0.wp.com\/www.24baires.com\/wp-content\/uploads\/2014\/08\/rio-inundado.jpg?resize=350%2C200","width":350,"height":200,"srcset":"https:\/\/i0.wp.com\/www.24baires.com\/wp-content\/uploads\/2014\/08\/rio-inundado.jpg?resize=350%2C200 1x, https:\/\/i0.wp.com\/www.24baires.com\/wp-content\/uploads\/2014\/08\/rio-inundado.jpg?resize=525%2C300 1.5x"},"classes":[]},{"id":119303,"url":"https:\/\/www.24baires.com\/?p=119303","url_meta":{"origin":6341,"position":4},"title":"Buscan crear un r\u00e9gimen de Pymes y reducirles las tasas en un 50%","author":"GB","date":"07\/09\/2022","format":false,"excerpt":"MAR DEL PLATA - Se comienza a debatir este mi\u00e9rcoles en las comisiones internas del Concejo Deliberante. El proyecta busca quitas en las Tasa de inspecci\u00f3n, de habilitaci\u00f3n y eliminaci\u00f3n de tasas de publicidad Los concejales que integran la comisi\u00f3n de Industria, Comercio, Pesca, Innovaci\u00f3n y Trabajo del Concejo Deliberante\u2026","rel":"","context":"En \u00abEconom\u00eda\u00bb","block_context":{"text":"Econom\u00eda","link":"https:\/\/www.24baires.com\/?cat=45"},"img":{"alt_text":"","src":"https:\/\/i0.wp.com\/www.24baires.com\/wp-content\/uploads\/2017\/10\/pyme.jpg?resize=350%2C200","width":350,"height":200,"srcset":"https:\/\/i0.wp.com\/www.24baires.com\/wp-content\/uploads\/2017\/10\/pyme.jpg?resize=350%2C200 1x, https:\/\/i0.wp.com\/www.24baires.com\/wp-content\/uploads\/2017\/10\/pyme.jpg?resize=525%2C300 1.5x, https:\/\/i0.wp.com\/www.24baires.com\/wp-content\/uploads\/2017\/10\/pyme.jpg?resize=700%2C400 2x"},"classes":[]},{"id":121490,"url":"https:\/\/www.24baires.com\/?p=121490","url_meta":{"origin":6341,"position":5},"title":"Pol\u00e9mica por la posible instalaci\u00f3n de un bar de gin en un ex centro clandestino de detenci\u00f3n en Mar del Plata","author":"GB","date":"31\/07\/2024","format":false,"excerpt":"El municipio de Mar del Plata propone ceder un terreno lindero al Faro de la Memoria a una sociedad de fomento. Est\u00e1 podr\u00eda cederlo para que se abra un bar. Un proyecto de ordenanza del Concejo Deliberante para autorizar la cesi\u00f3n a una sociedad de fomento del predio hoy lindero\u2026","rel":"","context":"En \u00abMunicipios\u00bb","block_context":{"text":"Municipios","link":"https:\/\/www.24baires.com\/?cat=44"},"img":{"alt_text":"","src":"https:\/\/i0.wp.com\/www.24baires.com\/wp-content\/uploads\/2024\/07\/faro-memoria.webp?resize=350%2C200","width":350,"height":200,"srcset":"https:\/\/i0.wp.com\/www.24baires.com\/wp-content\/uploads\/2024\/07\/faro-memoria.webp?resize=350%2C200 1x, https:\/\/i0.wp.com\/www.24baires.com\/wp-content\/uploads\/2024\/07\/faro-memoria.webp?resize=525%2C300 1.5x, https:\/\/i0.wp.com\/www.24baires.com\/wp-content\/uploads\/2024\/07\/faro-memoria.webp?resize=700%2C400 2x"},"classes":[]}],"jetpack_sharing_enabled":true,"jetpack_likes_enabled":true,"_links":{"self":[{"href":"https:\/\/www.24baires.com\/index.php?rest_route=\/wp\/v2\/posts\/6341","targetHints":{"allow":["GET"]}}],"collection":[{"href":"https:\/\/www.24baires.com\/index.php?rest_route=\/wp\/v2\/posts"}],"about":[{"href":"https:\/\/www.24baires.com\/index.php?rest_route=\/wp\/v2\/types\/post"}],"author":[{"embeddable":true,"href":"https:\/\/www.24baires.com\/index.php?rest_route=\/wp\/v2\/users\/4"}],"replies":[{"embeddable":true,"href":"https:\/\/www.24baires.com\/index.php?rest_route=%2Fwp%2Fv2%2Fcomments&post=6341"}],"version-history":[{"count":3,"href":"https:\/\/www.24baires.com\/index.php?rest_route=\/wp\/v2\/posts\/6341\/revisions"}],"predecessor-version":[{"id":6418,"href":"https:\/\/www.24baires.com\/index.php?rest_route=\/wp\/v2\/posts\/6341\/revisions\/6418"}],"wp:attachment":[{"href":"https:\/\/www.24baires.com\/index.php?rest_route=%2Fwp%2Fv2%2Fmedia&parent=6341"}],"wp:term":[{"taxonomy":"category","embeddable":true,"href":"https:\/\/www.24baires.com\/index.php?rest_route=%2Fwp%2Fv2%2Fcategories&post=6341"},{"taxonomy":"post_tag","embeddable":true,"href":"https:\/\/www.24baires.com\/index.php?rest_route=%2Fwp%2Fv2%2Ftags&post=6341"}],"curies":[{"name":"wp","href":"https:\/\/api.w.org\/{rel}","templated":true}]}}