{"id":6338,"date":"2012-11-22T09:50:53","date_gmt":"2012-11-22T12:50:53","guid":{"rendered":"http:\/\/www.24baires.com\/?p=6338"},"modified":"2012-11-22T11:21:55","modified_gmt":"2012-11-22T14:21:55","slug":"osvaldo-bayer-y-el-nombre-de-rauch","status":"publish","type":"post","link":"https:\/\/www.24baires.com\/?p=6338","title":{"rendered":"Osvaldo Bayer y el nombre de Rauch"},"content":{"rendered":"<p>La c\u00e1lida tarde del mi\u00e9rcoles no fue impedimento para que una gran y variada audiencia se diera cita a las 14 en el SUM del Club Botafogo de Rauch para presenciar el lanzamiento nacional de la Campa\u00f1a \u00abNi Genocidas, ni explotadores, ni represores\u00bb de CTA.<!--more--><br \/>\nY cuando nos referimos a la variada presencia no es un dato menor, porque entre la audiencia conflu\u00edan j\u00f3venes estudiantes que hab\u00edan llegado junto a sus escuelas, viejos militantes de los Derechos Humanos de Rauch, Azul, Olavarr\u00eda, Tandil, Ayacucho y Las Flores, aquellos que han comprometido su vida buscando a v\u00edctimas de la genocida dictadura de 1976-1983 como la madre y abuela de Plaza de Mayo Ang\u00e9lica Bauer, y otros que han defendido a capa y espada lo ocurrido durante esos a\u00f1os como el concejal Luis Horacio Donad\u00edo, quien hace poco tiempo hab\u00eda sido repudiado en su defensa a la reivindicaci\u00f3n del Intendente Jorge Ugarte de las figuras de Jorge Rafael Videla e Ib\u00e9rico Manuel Saint Jean.<br \/>\nNo fue caprichosa la elecci\u00f3n de Rauch como sede para el lanzamiento de esta campa\u00f1a, ya que a esta ciudad la liga un episodio muy significativo de la historia que tiene como protagonista al historiador Osvaldo Bayer.<br \/>\nEs que, en 1963, el autor de \u00abLa Patagonia Rebelde\u00bb lleg\u00f3 a dar una conferencia a la Biblioteca Popular de esta ciudad y expuso all\u00ed su descripci\u00f3n de la figura del Coronel Federico Rauch, el militar prusiano contratado para combatir a los pueblos originarios, que justo en esta regi\u00f3n aniquil\u00f3 a 40 abor\u00edgenes para consignar en su informe que hab\u00eda \u00abmatado a 40 ranqueles\u00bb que en realidad eran ancianos, mujeres y ni\u00f1os que comerciaban pac\u00edficamente en lo que se conoc\u00eda como la \u00abFeria del Chapaleof\u00fa\u00bb.<br \/>\nQuiso la casualidad que entre la audiencia se hallara presente un amigo del bisnieto de Rauch que ocupaba el cargo de Ministro de Agricultura en el gobierno de facto nacional de aquel entonces, quien tras escuchar el relato enviara a encarcelar a Bayer en el Penal de Mujeres de Ezeiza.<br \/>\nVolvi\u00f3 en el a\u00f1o 2003 el historiador a nuestra ciudad, junto al grupo musical \u00abArbolito\u00bb, para hablar con la poblaci\u00f3n en el Anfiteatro Municipal y reiterar lo que asegur\u00f3 convencido en 1961 \u00abEs necesario cambiar el nombre de este pueblo por el de \u00abArbolito\u00bb que es el de quien ocupaba estos lugares y es el verdadero h\u00e9roe\u00bb.<br \/>\nEse reclamo se reiter\u00f3 en otra visita en el 2010 y Osvaldo Bayer no neg\u00f3 en ning\u00fan momento su disposici\u00f3n a una visita a esta ciudad que lo maldijo, lo encarcel\u00f3 pero tambi\u00e9n lo distingui\u00f3 por ser quien encendi\u00f3 la pol\u00e9mica pidiendo el cambio de nombre.<br \/>\nJunto a \u00e9l lleg\u00f3 Marcelo Valko, el autor de \u00abPedagog\u00eda de la desmemoria\u00bb, y quien aparece tomando la posta del luchador anarquista, ratificando y profundizando sus convicciones.<br \/>\nAl lado de \u00e9ste, estaba sentado Benito Esp\u00edndola, delegado en CTA de los pueblos originarios, quien reclam\u00f3 porque \u00abSe ponga en debate el papel y el lugar que tienen los pueblos originarios en nuestro pa\u00eds. Hemos sido perseguidos, marginados y aniquilados. Queremos que nos respeten nuestra cultura y nuestras costumbres\u00bb<br \/>\nSilvia Almaz\u00e1n, la Secretaria de Cultura de la CTA fue quien present\u00f3 a los oradores principales, en tanto que Roxana Merlos, de SUTEBA, di\u00f3 la bienvenida a los presentes.<br \/>\nLa ovaci\u00f3n, m\u00e1s efusiva de los chicos, pero no menos en los grandes s\u00f3lo por motivos cronol\u00f3gicos, fue para el inicio de la charla de Don Osvaldo Bayer, quien record\u00f3 todos sus pasos por Rauch, la lucha por el cambio de nombres como Roca, Rivadavia, Rauch y Mart\u00ednez de Hoz, entre otros.<br \/>\nUna jornada que dur\u00f3 poco m\u00e1s de tres horas y queda abierto, en su variable audiencia, un debate que puede llevar mucho tiempo pero que puede arrojar el fruct\u00edfero resultado de la concordancia y la justicia moral.<\/p>\n","protected":false},"excerpt":{"rendered":"<p>La c\u00e1lida tarde del mi\u00e9rcoles no fue impedimento para que una gran y variada audiencia se diera cita a las 14 en el SUM del Club Botafogo de Rauch para presenciar el lanzamiento nacional de la Campa\u00f1a \u00abNi Genocidas, ni explotadores, ni represores\u00bb de CTA.<\/p>\n","protected":false},"author":4,"featured_media":0,"comment_status":"open","ping_status":"open","sticky":false,"template":"","format":"standard","meta":{"_jetpack_newsletter_access":"","_jetpack_dont_email_post_to_subs":false,"_jetpack_newsletter_tier_id":0,"_jetpack_memberships_contains_paywalled_content":false,"_jetpack_memberships_contains_paid_content":false,"footnotes":""},"categories":[38],"tags":[],"class_list":["post-6338","post","type-post","status-publish","format-standard","hentry","category-locales"],"jetpack_featured_media_url":"","jetpack_shortlink":"https:\/\/wp.me\/p2JWE0-1Ee","jetpack-related-posts":[{"id":44297,"url":"https:\/\/www.24baires.com\/?p=44297","url_meta":{"origin":6338,"position":0},"title":"Rauch celebra su 142\u00b0  aniversario","author":"GB","date":"20\/04\/2014","format":false,"excerpt":"El acto central ser\u00e1 este domingo a las 16.00 y estar\u00e1 encabezado por el Intendente Jorge Mario Ugarte. Habr\u00e1 un homenaje al exintendente Pedro Horacio Petreigne y una ofrenda floral al pie del busto del Coronel Federico Rauch. A las 17.00, Antonio Tarrago Ros se presentar\u00e1 en el Anfiteatro Municipal.\u2026","rel":"","context":"En \u00abMunicipios\u00bb","block_context":{"text":"Municipios","link":"https:\/\/www.24baires.com\/?cat=44"},"img":{"alt_text":"rauch","src":"https:\/\/i0.wp.com\/www.24baires.com\/wp-content\/uploads\/2014\/04\/rauch.jpg?resize=350%2C200","width":350,"height":200},"classes":[]},{"id":6131,"url":"https:\/\/www.24baires.com\/?p=6131","url_meta":{"origin":6338,"position":1},"title":"Vecino distra\u00eddo: quiso sacar un \u00e1rbol y dej\u00f3 a casi toda Rauch sin agua","author":"AF","date":"20\/11\/2012","format":false,"excerpt":"La maniobra imprudente de un vecino que intentaba sacar un \u00e1rbol habr\u00eda sido el motivo por el cual se rompi\u00f3 un ca\u00f1o maestro que dej\u00f3 a todo el pueblo sin agua por casi 11 horas. Personal de Obras P\u00fablicas estuvo trabajando intensamente toda la noche para resolver el problema. El\u2026","rel":"","context":"En \u00abLocales\u00bb","block_context":{"text":"Locales","link":"https:\/\/www.24baires.com\/?cat=38"},"img":{"alt_text":"","src":"","width":0,"height":0},"classes":[]},{"id":1435,"url":"https:\/\/www.24baires.com\/?p=1435","url_meta":{"origin":6338,"position":2},"title":"Rauch marcha reclamando Justicia para casos de abuso sexual a menores","author":"AF","date":"08\/10\/2012","format":false,"excerpt":"En la noche de ayer domingo, desde las 20, aproximadamente 200 personas se reunieron para marchar en reclamo de Justicia para casos de abuso y acoso sexual a menores. El aplauso r\u00edtmico y la reiteraci\u00f3n de la palabra \"Justicia\" fue el sonido que acompa\u00f1\u00f3 la marcha por la Avenida San\u2026","rel":"","context":"En \u00abSociedad\u00bb","block_context":{"text":"Sociedad","link":"https:\/\/www.24baires.com\/?cat=1"},"img":{"alt_text":"","src":"https:\/\/i0.wp.com\/www.24baires.com\/wp-content\/uploads\/2012\/10\/seguridadrauch-300x224.jpg?resize=350%2C200","width":350,"height":200},"classes":[]},{"id":13618,"url":"https:\/\/www.24baires.com\/?p=13618","url_meta":{"origin":6338,"position":3},"title":"Rauch: le tiraron 5 mil d\u00f3lares a la basura, los busc\u00f3 durante dos d\u00edas y los encontr\u00f3","author":"AF","date":"26\/01\/2013","format":false,"excerpt":"Un hecho ins\u00f3lito ocurri\u00f3 en Rauch a principios de esta semana, que tuvo momentos de mucha angustia para una familia de vecinos y afortunadamente finaliz\u00f3 con resultado favorable. El mismo ocurri\u00f3 en la tarde del domingo, cuando una vecina estaba realizando una limpieza en su domicilio y decidi\u00f3 tirar una\u2026","rel":"","context":"En \u00abLocales\u00bb","block_context":{"text":"Locales","link":"https:\/\/www.24baires.com\/?cat=38"},"img":{"alt_text":"dolares tacho","src":"https:\/\/i0.wp.com\/www.24baires.com\/wp-content\/uploads\/2013\/01\/dolares-tacho-300x266.jpg?resize=350%2C200","width":350,"height":200},"classes":[]},{"id":61962,"url":"https:\/\/www.24baires.com\/?p=61962","url_meta":{"origin":6338,"position":4},"title":"Entregaron patrulleros para la Polic\u00eda de Rauch","author":"AF","date":"19\/02\/2015","format":false,"excerpt":"El gobernador Daniel Scioli hizo entrega de 200 patrulleros destinados a los Comandos de Prevenci\u00f3n Rural, de los cuales dos de ellos fueron destinados para la Patrulla local de Rauch. En representaci\u00f3n del intendente local Jorge Ugarte asisti\u00f3 al encuentro en la ciudad balnearia de Mar del Plata, el secretario\u2026","rel":"","context":"En \u00abLocales\u00bb","block_context":{"text":"Locales","link":"https:\/\/www.24baires.com\/?cat=38"},"img":{"alt_text":"patrullero","src":"https:\/\/i0.wp.com\/www.24baires.com\/wp-content\/uploads\/2012\/12\/patrullero.jpg?resize=350%2C200","width":350,"height":200},"classes":[]},{"id":14013,"url":"https:\/\/www.24baires.com\/?p=14013","url_meta":{"origin":6338,"position":5},"title":"Detienen al delincuente que habr\u00eda disparado dos tiros en la cabeza al hombre de Rauch","author":"AF","date":"30\/01\/2013","format":false,"excerpt":"Se trata de un joven de 25 a\u00f1os. El allanamiento fue realizado en un domicilio de Amparo Castro al 3800. El procedimiento fue ordenado por el fiscal Mart\u00edn Pizzolo y concretado por personal de Polic\u00eda Distrital. Tambi\u00e9n se secuestraron elementos de inter\u00e9s para la investigaci\u00f3n. Este mi\u00e9rcoles por la ma\u00f1ana\u2026","rel":"","context":"En \u00abLocales\u00bb","block_context":{"text":"Locales","link":"https:\/\/www.24baires.com\/?cat=38"},"img":{"alt_text":"agresor rauch","src":"https:\/\/i0.wp.com\/www.24baires.com\/wp-content\/uploads\/2013\/01\/agresor-rauch-300x199.jpg?resize=350%2C200","width":350,"height":200},"classes":[]}],"jetpack_sharing_enabled":true,"jetpack_likes_enabled":true,"_links":{"self":[{"href":"https:\/\/www.24baires.com\/index.php?rest_route=\/wp\/v2\/posts\/6338","targetHints":{"allow":["GET"]}}],"collection":[{"href":"https:\/\/www.24baires.com\/index.php?rest_route=\/wp\/v2\/posts"}],"about":[{"href":"https:\/\/www.24baires.com\/index.php?rest_route=\/wp\/v2\/types\/post"}],"author":[{"embeddable":true,"href":"https:\/\/www.24baires.com\/index.php?rest_route=\/wp\/v2\/users\/4"}],"replies":[{"embeddable":true,"href":"https:\/\/www.24baires.com\/index.php?rest_route=%2Fwp%2Fv2%2Fcomments&post=6338"}],"version-history":[{"count":2,"href":"https:\/\/www.24baires.com\/index.php?rest_route=\/wp\/v2\/posts\/6338\/revisions"}],"predecessor-version":[{"id":6340,"href":"https:\/\/www.24baires.com\/index.php?rest_route=\/wp\/v2\/posts\/6338\/revisions\/6340"}],"wp:attachment":[{"href":"https:\/\/www.24baires.com\/index.php?rest_route=%2Fwp%2Fv2%2Fmedia&parent=6338"}],"wp:term":[{"taxonomy":"category","embeddable":true,"href":"https:\/\/www.24baires.com\/index.php?rest_route=%2Fwp%2Fv2%2Fcategories&post=6338"},{"taxonomy":"post_tag","embeddable":true,"href":"https:\/\/www.24baires.com\/index.php?rest_route=%2Fwp%2Fv2%2Ftags&post=6338"}],"curies":[{"name":"wp","href":"https:\/\/api.w.org\/{rel}","templated":true}]}}