{"id":6335,"date":"2012-11-22T09:30:39","date_gmt":"2012-11-22T12:30:39","guid":{"rendered":"http:\/\/www.24baires.com\/?p=6335"},"modified":"2012-11-22T11:08:37","modified_gmt":"2012-11-22T14:08:37","slug":"encuentran-larvas-del-mosquito-transmisor-del-dengue-en-olavarria","status":"publish","type":"post","link":"https:\/\/www.24baires.com\/?p=6335","title":{"rendered":"Encuentran larvas del mosquito transmisor del dengue en Olavarr\u00eda"},"content":{"rendered":"<p>Uno de los controles se llev\u00f3 a cabo en una vivienda particular, ubicada en la calle Laprida al 3300, donde se encontr\u00f3 \u201cuna larva\u201d del mosquito potencialmente portador del virus del dengue. Tambi\u00e9n se detectaron otras en un domicilio de Necochea al 3700 y en V\u00e9lez Sarsfield al 3900, en Olavarr\u00eda.<!--more--><\/p>\n<p>La direcci\u00f3n de Inspecci\u00f3n Sanitaria y Bromatolog\u00eda encontr\u00f3 larvas del mosquito Aedes (potencialmente portador del virus del dengue) en tres viviendas de la ciudad.<\/p>\n<p>Uno de los controles se llev\u00f3 a cabo en un domicilio particular, ubicado en la calle Laprida al 3300 donde se hall\u00f3 \u201cuna larva\u201d que estaba \u201calojada en cubiertas en desuso abandonadas en el patio de la vivienda\u201d indicaron.<\/p>\n<p>Como medida preventiva, se procedi\u00f3 a la visita y fumigaci\u00f3n en domicilios particulares y terrenos vecinos a la propiedad en un radio de 300 metros a la redonda, realizando dicho muestreo casa por casa, se inform\u00f3.<\/p>\n<p>Tambi\u00e9n se detectaron larvas en otros dos domicilios; uno ubicado en Necochea al 3700 y el otro en V\u00e9lez Sarsfield al 3900.<\/p>\n","protected":false},"excerpt":{"rendered":"<p>Uno de los controles se llev\u00f3 a cabo en una vivienda particular, ubicada en la calle Laprida al 3300, donde se encontr\u00f3 \u201cuna larva\u201d del mosquito potencialmente portador del virus del dengue. Tambi\u00e9n se detectaron otras en un domicilio de Necochea al 3700 y en V\u00e9lez Sarsfield al 3900, en Olavarr\u00eda.<\/p>\n","protected":false},"author":4,"featured_media":0,"comment_status":"open","ping_status":"open","sticky":false,"template":"","format":"standard","meta":{"_jetpack_newsletter_access":"","_jetpack_dont_email_post_to_subs":false,"_jetpack_newsletter_tier_id":0,"_jetpack_memberships_contains_paywalled_content":false,"_jetpack_memberships_contains_paid_content":false,"footnotes":""},"categories":[38],"tags":[],"class_list":["post-6335","post","type-post","status-publish","format-standard","hentry","category-locales"],"jetpack_featured_media_url":"","jetpack_shortlink":"https:\/\/wp.me\/p2JWE0-1Eb","jetpack-related-posts":[{"id":13047,"url":"https:\/\/www.24baires.com\/?p=13047","url_meta":{"origin":6335,"position":0},"title":"Advierten sobre los riesgos del dengue e informan c\u00f3mo evitarlo","author":"AF","date":"21\/01\/2013","format":false,"excerpt":"El ministerio de Salud de la Provincia inform\u00f3, adem\u00e1s, que cada 3 \u00f3 5 a\u00f1os surgen brotes. El \u00faltimo fue en 2009. Por eso, piden eliminar todo recipiente que pueda servir como criadero del mosquito que transmite el virus. Con m\u00e1s 750 mil casos de dengue y 317 muertes en\u2026","rel":"","context":"En \u00abSociedad\u00bb","block_context":{"text":"Sociedad","link":"https:\/\/www.24baires.com\/?cat=1"},"img":{"alt_text":"","src":"","width":0,"height":0},"classes":[]},{"id":80180,"url":"https:\/\/www.24baires.com\/?p=80180","url_meta":{"origin":6335,"position":1},"title":"El Parlasur aprob\u00f3 el Protocolo contra el Dengue","author":"GB","date":"15\/03\/2016","format":false,"excerpt":"Se trata de acciones comunes frente a la proliferaci\u00f3n del mosquito Aedes Aegypti que transmite las enfermedades del dengue, zika y chikungunya. La parlamentaria Fernanda Gil Lozano anticip\u00f3 a Info Regi\u00f3n que en octubre habr\u00e1 una reuni\u00f3n en Washington y esperan participar. Los parlamentarios de Argentina, Paraguay, Brasil, Uruguay y\u2026","rel":"","context":"En \u00abSalud\u00bb","block_context":{"text":"Salud","link":"https:\/\/www.24baires.com\/?cat=76"},"img":{"alt_text":"parlasur","src":"https:\/\/i0.wp.com\/www.24baires.com\/wp-content\/uploads\/2016\/03\/parlasur.jpg?resize=350%2C200","width":350,"height":200,"srcset":"https:\/\/i0.wp.com\/www.24baires.com\/wp-content\/uploads\/2016\/03\/parlasur.jpg?resize=350%2C200 1x, https:\/\/i0.wp.com\/www.24baires.com\/wp-content\/uploads\/2016\/03\/parlasur.jpg?resize=525%2C300 1.5x"},"classes":[]},{"id":119322,"url":"https:\/\/www.24baires.com\/?p=119322","url_meta":{"origin":6335,"position":2},"title":"Provincia comienza con la prevenci\u00f3n del Dengue","author":"GB","date":"12\/09\/2022","format":false,"excerpt":"Con tareas de prevenci\u00f3n y descacharrado en 29 municipios, la Provincia act\u00faa para evitar la reproducci\u00f3n del mosquito Aedes aegypti, trasmisor del dengue, antes de la temporada de calor. El Ministerio de Salud de la Provincia llevar\u00e1 a cabo la segunda edici\u00f3n de la Estrategia Provincial de Descacharrado de Invierno\u2026","rel":"","context":"En \u00abProvincia\u00bb","block_context":{"text":"Provincia","link":"https:\/\/www.24baires.com\/?cat=40"},"img":{"alt_text":"","src":"https:\/\/i0.wp.com\/www.24baires.com\/wp-content\/uploads\/2022\/09\/b_0.jpg?resize=350%2C200","width":350,"height":200,"srcset":"https:\/\/i0.wp.com\/www.24baires.com\/wp-content\/uploads\/2022\/09\/b_0.jpg?resize=350%2C200 1x, https:\/\/i0.wp.com\/www.24baires.com\/wp-content\/uploads\/2022\/09\/b_0.jpg?resize=525%2C300 1.5x, https:\/\/i0.wp.com\/www.24baires.com\/wp-content\/uploads\/2022\/09\/b_0.jpg?resize=700%2C400 2x"},"classes":[]},{"id":115117,"url":"https:\/\/www.24baires.com\/?p=115117","url_meta":{"origin":6335,"position":3},"title":"En la \u00faltima semana se detectaron casi 6.000 casos de dengue","author":"AF","date":"23\/05\/2020","format":false,"excerpt":"En total ya los casos totales ascienden a 38.181. En Argentina circulan tres serotipos del virus. Un total de 38.181 casos de dengue se registraron desde fines de julio de 2019 y hasta el 9 de mayo pasado en la Argentina, donde circulan tres serotipos del virus, lo que implica\u2026","rel":"","context":"En \u00abSociedad\u00bb","block_context":{"text":"Sociedad","link":"https:\/\/www.24baires.com\/?cat=1"},"img":{"alt_text":"","src":"https:\/\/i0.wp.com\/www.24baires.com\/wp-content\/uploads\/2015\/05\/dengue.jpg?resize=350%2C200","width":350,"height":200,"srcset":"https:\/\/i0.wp.com\/www.24baires.com\/wp-content\/uploads\/2015\/05\/dengue.jpg?resize=350%2C200 1x, https:\/\/i0.wp.com\/www.24baires.com\/wp-content\/uploads\/2015\/05\/dengue.jpg?resize=525%2C300 1.5x"},"classes":[]},{"id":77601,"url":"https:\/\/www.24baires.com\/?p=77601","url_meta":{"origin":6335,"position":4},"title":"Ortiz advierte que la Provincia est\u00e1 en \u00abalerta naranja\u00bb por el dengue","author":"AF","date":"14\/01\/2016","format":false,"excerpt":"La ministra de Salud bonaerense, Zulma Ortiz, afirm\u00f3 este jueves que la provincia se encuentra en \"alerta naranja\" respecto de la circulaci\u00f3n del virus del dengue, y recalc\u00f3 que \"son las conductas humanas las que pueden eliminar el riesgo de la enfermedad\", en relaci\u00f3n con las medidas de higiene y\u2026","rel":"","context":"En \u00abProvincia\u00bb","block_context":{"text":"Provincia","link":"https:\/\/www.24baires.com\/?cat=40"},"img":{"alt_text":"mosquito del dengue","src":"https:\/\/i0.wp.com\/www.24baires.com\/wp-content\/uploads\/2014\/08\/mosquito-del-dengue.jpg?resize=350%2C200","width":350,"height":200,"srcset":"https:\/\/i0.wp.com\/www.24baires.com\/wp-content\/uploads\/2014\/08\/mosquito-del-dengue.jpg?resize=350%2C200 1x, https:\/\/i0.wp.com\/www.24baires.com\/wp-content\/uploads\/2014\/08\/mosquito-del-dengue.jpg?resize=525%2C300 1.5x"},"classes":[]},{"id":78302,"url":"https:\/\/www.24baires.com\/?p=78302","url_meta":{"origin":6335,"position":5},"title":"Confirman 54 casos de dengue en la Provincia","author":"AF","date":"29\/01\/2016","format":false,"excerpt":"La ministra de Salud bonaerense, Zulma Ortiz, confirm\u00f3 este viernes que son 54 los casos de dengue detectados en la provincia de Buenos Aires y afirm\u00f3 que se comprobaron 44 casos sospechosos de chikungunya, otro de los virus que transmite el mosquito Aedes aegypti. Ortiz confirm\u00f3 los datos en el\u2026","rel":"","context":"En \u00abProvincia\u00bb","block_context":{"text":"Provincia","link":"https:\/\/www.24baires.com\/?cat=40"},"img":{"alt_text":"mosquito del dengue","src":"https:\/\/i0.wp.com\/www.24baires.com\/wp-content\/uploads\/2014\/08\/mosquito-del-dengue.jpg?resize=350%2C200","width":350,"height":200,"srcset":"https:\/\/i0.wp.com\/www.24baires.com\/wp-content\/uploads\/2014\/08\/mosquito-del-dengue.jpg?resize=350%2C200 1x, https:\/\/i0.wp.com\/www.24baires.com\/wp-content\/uploads\/2014\/08\/mosquito-del-dengue.jpg?resize=525%2C300 1.5x"},"classes":[]}],"jetpack_sharing_enabled":true,"jetpack_likes_enabled":true,"_links":{"self":[{"href":"https:\/\/www.24baires.com\/index.php?rest_route=\/wp\/v2\/posts\/6335","targetHints":{"allow":["GET"]}}],"collection":[{"href":"https:\/\/www.24baires.com\/index.php?rest_route=\/wp\/v2\/posts"}],"about":[{"href":"https:\/\/www.24baires.com\/index.php?rest_route=\/wp\/v2\/types\/post"}],"author":[{"embeddable":true,"href":"https:\/\/www.24baires.com\/index.php?rest_route=\/wp\/v2\/users\/4"}],"replies":[{"embeddable":true,"href":"https:\/\/www.24baires.com\/index.php?rest_route=%2Fwp%2Fv2%2Fcomments&post=6335"}],"version-history":[{"count":2,"href":"https:\/\/www.24baires.com\/index.php?rest_route=\/wp\/v2\/posts\/6335\/revisions"}],"predecessor-version":[{"id":6337,"href":"https:\/\/www.24baires.com\/index.php?rest_route=\/wp\/v2\/posts\/6335\/revisions\/6337"}],"wp:attachment":[{"href":"https:\/\/www.24baires.com\/index.php?rest_route=%2Fwp%2Fv2%2Fmedia&parent=6335"}],"wp:term":[{"taxonomy":"category","embeddable":true,"href":"https:\/\/www.24baires.com\/index.php?rest_route=%2Fwp%2Fv2%2Fcategories&post=6335"},{"taxonomy":"post_tag","embeddable":true,"href":"https:\/\/www.24baires.com\/index.php?rest_route=%2Fwp%2Fv2%2Ftags&post=6335"}],"curies":[{"name":"wp","href":"https:\/\/api.w.org\/{rel}","templated":true}]}}