{"id":6330,"date":"2012-11-22T10:00:06","date_gmt":"2012-11-22T13:00:06","guid":{"rendered":"http:\/\/www.24baires.com\/?p=6330"},"modified":"2012-11-22T11:01:13","modified_gmt":"2012-11-22T14:01:13","slug":"alicia-kirchner-inauguro-un-nuevo-acceso-a-magdalena","status":"publish","type":"post","link":"https:\/\/www.24baires.com\/?p=6330","title":{"rendered":"Alicia Kirchner inaugur\u00f3 un nuevo acceso a Magdalena"},"content":{"rendered":"<p><img data-recalc-dims=\"1\" loading=\"lazy\" decoding=\"async\" class=\"alignleft size-full wp-image-6331\" title=\"kirchner alicia\" src=\"https:\/\/i0.wp.com\/www.24baires.com\/wp-content\/uploads\/2012\/11\/kirchner-alicia.jpeg?resize=151%2C138\" alt=\"\" width=\"151\" height=\"138\" srcset=\"https:\/\/i0.wp.com\/www.24baires.com\/wp-content\/uploads\/2012\/11\/kirchner-alicia.jpeg?w=151&amp;ssl=1 151w, https:\/\/i0.wp.com\/www.24baires.com\/wp-content\/uploads\/2012\/11\/kirchner-alicia.jpeg?resize=150%2C138&amp;ssl=1 150w\" sizes=\"auto, (max-width: 151px) 100vw, 151px\" \/>El intendente Fernando Carballo, junto a la ministra de Desarrollo Social de la naci\u00f3n Alicia Kirchner, inauguraron el nuevo acceso al municipio de Magdalena denominado \u00abPresidente N\u00e9stor Kirchner\u00bb.<!--more--><br \/>\nEn el marco del 236\u00b0 aniversario del distrito de Magdalena, la ministra de Desarrollo Social de la naci\u00f3n Alicia Kirchner, visit\u00f3 el municipio y junto al intendente Fernando Carballo, encabez\u00f3 el acto de inauguraci\u00f3n de un nuevo acceso a la ciudad denominado \u201cPresidente N\u00e9stor Kirchner\u201d.<br \/>\n\u201cEstamos en cada punto del pa\u00eds, porque tenemos un enorme compromiso con todos los argentinos\u201d, se\u00f1al\u00f3 la ministra quien visit\u00f3 Magdalena acompa\u00f1ada por el director nacional de Vialidad Nelson Periotti y la referente regional de Kolina Ana Herr\u00e1n de Casta\u00f1eto.<br \/>\nTras el acto, Alicia Kirchner, habl\u00f3 con la prensa y se\u00f1al\u00f3 que \u201cYo creo que con N\u00e9stor y ahora con Cristina (Fern\u00e1ndez de Kirchner) estamos en cada punto del pa\u00eds, porque tenemos un enorme compromiso con todos los argentinos. Todo el pueblo est\u00e1 celebrando un aniversario y yo le agradezco que este acceso ha sido bautizado con el nombre de N\u00e9stor Kirchner. N\u00e9stor fue un hombre que se jug\u00f3 en toda la Argentina y en cada pueblo\u201d.<\/p>\n<p>\u201cPrimero hay que tener ideales, no es tiempo de tibios, sino de gente que se juega trabajando, que se juega luchando por esos ideales, que todos los d\u00edas transforma la realidad\u201d, concluy\u00f3 la titular de la cartera de Desarrollo Social.<\/p>\n","protected":false},"excerpt":{"rendered":"<p>El intendente Fernando Carballo, junto a la ministra de Desarrollo Social de la naci\u00f3n Alicia Kirchner, inauguraron el nuevo acceso al municipio de Magdalena denominado \u00abPresidente N\u00e9stor Kirchner\u00bb.<\/p>\n","protected":false},"author":4,"featured_media":0,"comment_status":"open","ping_status":"open","sticky":false,"template":"","format":"standard","meta":{"_jetpack_newsletter_access":"","_jetpack_dont_email_post_to_subs":false,"_jetpack_newsletter_tier_id":0,"_jetpack_memberships_contains_paywalled_content":false,"_jetpack_memberships_contains_paid_content":false,"footnotes":""},"categories":[38],"tags":[],"class_list":["post-6330","post","type-post","status-publish","format-standard","hentry","category-locales"],"jetpack_featured_media_url":"","jetpack_shortlink":"https:\/\/wp.me\/p2JWE0-1E6","jetpack-related-posts":[{"id":56027,"url":"https:\/\/www.24baires.com\/?p=56027","url_meta":{"origin":6330,"position":0},"title":"Alicia Kirchner: \u201cN\u00e9stor vive en los derechos que consagr\u00f3\u00bb","author":"AF","date":"26\/10\/2014","format":false,"excerpt":"La ministra de Desarrollo Social de la Naci\u00f3n, Alicia Kirchner, record\u00f3 a su hermano, el ex presidente N\u00e9stor Kirchner, en v\u00edsperas del cuarto aniversario de su muerte, y se\u00f1al\u00f3 que \u201cN\u00e9stor vive en los derechos que consagr\u00f3, en el rescate de la verdadera historia de nuestro pueblo\u201d y eligi\u00f3 recordarlo\u2026","rel":"","context":"En \u00abPol\u00edtica\u00bb","block_context":{"text":"Pol\u00edtica","link":"https:\/\/www.24baires.com\/?cat=51"},"img":{"alt_text":"kirchner alicia","src":"https:\/\/i0.wp.com\/www.24baires.com\/wp-content\/uploads\/2012\/10\/kirchner-alicia.jpg?resize=350%2C200","width":350,"height":200,"srcset":"https:\/\/i0.wp.com\/www.24baires.com\/wp-content\/uploads\/2012\/10\/kirchner-alicia.jpg?resize=350%2C200 1x, https:\/\/i0.wp.com\/www.24baires.com\/wp-content\/uploads\/2012\/10\/kirchner-alicia.jpg?resize=525%2C300 1.5x"},"classes":[]},{"id":31690,"url":"https:\/\/www.24baires.com\/?p=31690","url_meta":{"origin":6330,"position":1},"title":"\u201cEl empleo y la educaci\u00f3n son los motores para que el pa\u00eds crezca\u201d dijo Alicia Kirchner","author":"GB","date":"11\/09\/2013","format":false,"excerpt":"La ministra de Desarrollo Social de la Naci\u00f3n habl\u00f3 tras inaugurar obras p\u00fablicas y recorrer el polo productivo local donde realizan tareas los cooperativistas del programa \u201cArgentina Trabaja\u201d. En el Hospital Municipal Ram\u00f3n Carrillo, la ministra, acompa\u00f1ada por el intendente Daniel Di Sabatino, inaugur\u00f3 las obras de refuncionalizaci\u00f3n y ampliaci\u00f3n\u2026","rel":"","context":"En \u00abPol\u00edtica\u00bb","block_context":{"text":"Pol\u00edtica","link":"https:\/\/www.24baires.com\/?cat=51"},"img":{"alt_text":"ALicia k","src":"https:\/\/i0.wp.com\/www.24baires.com\/wp-content\/uploads\/2013\/09\/ALicia-k.jpg?resize=350%2C200","width":350,"height":200,"srcset":"https:\/\/i0.wp.com\/www.24baires.com\/wp-content\/uploads\/2013\/09\/ALicia-k.jpg?resize=350%2C200 1x, https:\/\/i0.wp.com\/www.24baires.com\/wp-content\/uploads\/2013\/09\/ALicia-k.jpg?resize=525%2C300 1.5x"},"classes":[]},{"id":120266,"url":"https:\/\/www.24baires.com\/?p=120266","url_meta":{"origin":6330,"position":2},"title":"El Gasoducto N\u00e9stor Kirchner es la mayor obra energ\u00e9tica en 30 a\u00f1os","author":"GB","date":"10\/07\/2023","format":false,"excerpt":"Con la esperada foto de unidad, Cristina, Massa, Alberto y Rossi inauguraron la obra energ\u00e9tica m\u00e1s imponente e importante de las \u00faltimas d\u00e9cadas: el gasoducto presidente N\u00e9stor Kirchner. El presidente Alberto Fern\u00e1ndez, la vicepresidenta Cristina Fern\u00e1ndez de Kirchner y el ministro de Econom\u00eda y precandidato presidencial de Uni\u00f3n por la\u2026","rel":"","context":"En \u00abPol\u00edtica\u00bb","block_context":{"text":"Pol\u00edtica","link":"https:\/\/www.24baires.com\/?cat=51"},"img":{"alt_text":"","src":"https:\/\/i0.wp.com\/www.24baires.com\/wp-content\/uploads\/2023\/07\/gasoducto.jpeg?resize=350%2C200","width":350,"height":200,"srcset":"https:\/\/i0.wp.com\/www.24baires.com\/wp-content\/uploads\/2023\/07\/gasoducto.jpeg?resize=350%2C200 1x, https:\/\/i0.wp.com\/www.24baires.com\/wp-content\/uploads\/2023\/07\/gasoducto.jpeg?resize=525%2C300 1.5x, https:\/\/i0.wp.com\/www.24baires.com\/wp-content\/uploads\/2023\/07\/gasoducto.jpeg?resize=700%2C400 2x"},"classes":[]},{"id":64732,"url":"https:\/\/www.24baires.com\/?p=64732","url_meta":{"origin":6330,"position":3},"title":"\u00abEntregamos m\u00e1s de 6 millones de guardapolvos con mano de obra argentina\u201d","author":"AF","date":"22\/04\/2015","format":false,"excerpt":"La ministra de Desarrollo, Alicia Kirchner, entreg\u00f3 s\u00e1banas fabricadas por cooperativas textiles de veinte municipios de la provincia de Buenos Aires para que sean destinadas a hospitales, hogares de adultos mayores y distintas instituciones. La ministra de Desarrollo Social, Alicia Kirchner, entreg\u00f3 s\u00e1banas fabricadas por cooperativas textiles a veinte municipios\u2026","rel":"","context":"En \u00abSociedad\u00bb","block_context":{"text":"Sociedad","link":"https:\/\/www.24baires.com\/?cat=1"},"img":{"alt_text":"intendentes alicia","src":"https:\/\/i0.wp.com\/www.24baires.com\/wp-content\/uploads\/2015\/04\/intendentes-alicia-300x116.jpg?resize=350%2C200","width":350,"height":200},"classes":[]},{"id":120542,"url":"https:\/\/www.24baires.com\/?p=120542","url_meta":{"origin":6330,"position":4},"title":"\u00abQu\u00e9dense tranquilos, tengo en claro que la deuda es con las y los trabajadores\u00bb","author":"GB","date":"09\/10\/2023","format":false,"excerpt":"\"Voy a ser el presidente de las y los trabajadores, porque creemos en una clase de personas: los que trabajan\", asegur\u00f3 el candidato presidencial de Uni\u00f3n por la Patria en el cierre de la caravana peronista en La Matanza. El ministro de Econom\u00eda y candidato presidencial de Uni\u00f3n por la\u2026","rel":"","context":"En \u00abElecciones\u00bb","block_context":{"text":"Elecciones","link":"https:\/\/www.24baires.com\/?cat=316"},"img":{"alt_text":"","src":"https:\/\/i0.wp.com\/www.24baires.com\/wp-content\/uploads\/2023\/10\/campana.jpg?resize=350%2C200","width":350,"height":200,"srcset":"https:\/\/i0.wp.com\/www.24baires.com\/wp-content\/uploads\/2023\/10\/campana.jpg?resize=350%2C200 1x, https:\/\/i0.wp.com\/www.24baires.com\/wp-content\/uploads\/2023\/10\/campana.jpg?resize=525%2C300 1.5x, https:\/\/i0.wp.com\/www.24baires.com\/wp-content\/uploads\/2023\/10\/campana.jpg?resize=700%2C400 2x"},"classes":[]},{"id":13770,"url":"https:\/\/www.24baires.com\/?p=13770","url_meta":{"origin":6330,"position":5},"title":"\u00abAc\u00e1 no hay espacio para los mediocres\u00bb lanz\u00f3 Alicia Kirchner","author":"Grupo Sierra","date":"27\/01\/2013","format":false,"excerpt":"MAR DEL PLATA.- La ministra de Desarrollo Social Alicia Kirchner encabez\u00f3 anoche en el balneario 12 del complejo Punta Mogotes, un encuentro con m\u00e1s de 500 intendentes de distintas ciudades y pueblos del pa\u00eds. La funcionaria nacional explic\u00f3 que \u201cla idea de este encuentro es compartir esta la fortaleza de\u2026","rel":"","context":"En \u00abPol\u00edtica\u00bb","block_context":{"text":"Pol\u00edtica","link":"https:\/\/www.24baires.com\/?cat=51"},"img":{"alt_text":"alicia_kirchner_jornadas","src":"https:\/\/i0.wp.com\/www.24baires.com\/wp-content\/uploads\/2013\/01\/alicia_kirchner_jornadas.jpg?resize=350%2C200","width":350,"height":200,"srcset":"https:\/\/i0.wp.com\/www.24baires.com\/wp-content\/uploads\/2013\/01\/alicia_kirchner_jornadas.jpg?resize=350%2C200 1x, https:\/\/i0.wp.com\/www.24baires.com\/wp-content\/uploads\/2013\/01\/alicia_kirchner_jornadas.jpg?resize=525%2C300 1.5x"},"classes":[]}],"jetpack_sharing_enabled":true,"jetpack_likes_enabled":true,"_links":{"self":[{"href":"https:\/\/www.24baires.com\/index.php?rest_route=\/wp\/v2\/posts\/6330","targetHints":{"allow":["GET"]}}],"collection":[{"href":"https:\/\/www.24baires.com\/index.php?rest_route=\/wp\/v2\/posts"}],"about":[{"href":"https:\/\/www.24baires.com\/index.php?rest_route=\/wp\/v2\/types\/post"}],"author":[{"embeddable":true,"href":"https:\/\/www.24baires.com\/index.php?rest_route=\/wp\/v2\/users\/4"}],"replies":[{"embeddable":true,"href":"https:\/\/www.24baires.com\/index.php?rest_route=%2Fwp%2Fv2%2Fcomments&post=6330"}],"version-history":[{"count":3,"href":"https:\/\/www.24baires.com\/index.php?rest_route=\/wp\/v2\/posts\/6330\/revisions"}],"predecessor-version":[{"id":6333,"href":"https:\/\/www.24baires.com\/index.php?rest_route=\/wp\/v2\/posts\/6330\/revisions\/6333"}],"wp:attachment":[{"href":"https:\/\/www.24baires.com\/index.php?rest_route=%2Fwp%2Fv2%2Fmedia&parent=6330"}],"wp:term":[{"taxonomy":"category","embeddable":true,"href":"https:\/\/www.24baires.com\/index.php?rest_route=%2Fwp%2Fv2%2Fcategories&post=6330"},{"taxonomy":"post_tag","embeddable":true,"href":"https:\/\/www.24baires.com\/index.php?rest_route=%2Fwp%2Fv2%2Ftags&post=6330"}],"curies":[{"name":"wp","href":"https:\/\/api.w.org\/{rel}","templated":true}]}}