{"id":63218,"date":"2015-03-16T18:00:23","date_gmt":"2015-03-16T21:00:23","guid":{"rendered":"http:\/\/www.24baires.com\/?p=63218"},"modified":"2015-03-16T17:46:03","modified_gmt":"2015-03-16T20:46:03","slug":"la-vuelta-del-helicoptero","status":"publish","type":"post","link":"https:\/\/www.24baires.com\/?p=63218","title":{"rendered":"La vuelta del helic\u00f3ptero"},"content":{"rendered":"<p><img data-recalc-dims=\"1\" loading=\"lazy\" decoding=\"async\" class=\"aligncenter size-full wp-image-45729\" src=\"https:\/\/i0.wp.com\/www.24baires.com\/wp-content\/uploads\/2014\/05\/cobos-sanz-ucr.jpg?resize=560%2C476\" alt=\"cobos sanz ucr\" width=\"560\" height=\"476\" srcset=\"https:\/\/i0.wp.com\/www.24baires.com\/wp-content\/uploads\/2014\/05\/cobos-sanz-ucr.jpg?w=560&amp;ssl=1 560w, https:\/\/i0.wp.com\/www.24baires.com\/wp-content\/uploads\/2014\/05\/cobos-sanz-ucr.jpg?resize=300%2C255&amp;ssl=1 300w\" sizes=\"auto, (max-width: 560px) 100vw, 560px\" \/>Todos hoy hablan del acuerdo de la Uni\u00f3n C\u00edvica Radical con el partido de Mauricio Macri. Muchos protestan por una supuesta traici\u00f3n del partido centenario a sus ideales b\u00e1sicos, de que Ra\u00fal Alfons\u00edn se estar\u00eda revolviendo en su tumba y cosas as\u00ed. Hablemos, entonces, de la UCR, un partido que se ufana de ocupar el campo popular, de encarnar un cierto progresismo que bajaba de los barcos hace cien a\u00f1os y la representaci\u00f3n de los trabajadores de aquella \u00e9poca, pero que sin embargo llev\u00f3 en sus listas a un se\u00f1or de apellido Alvear de origen aristocr\u00e1tico y representante de esa Argentina criadora de vacas, que se la pasaba en Par\u00eds tirando manteca al techo.<!--more--><\/p>\n<p>Con el tiempo, el radicalismo termin\u00f3 encarnando a esa clase media porte\u00f1a que se reconoce como hija de inmigrantes \u201cque se sacrificaron mucho para tener lo que ten\u00edan\u201d, como si sobrevivir a la dificultad fuera un m\u00e9rito sobre los que no lo lograron, ca\u00eddos del sistema, apartados y desprotegidos, tildados de vagos inservibles con marcado desprecio. Lo cierto es que el radicalismo nunca tuvo m\u00e1s ideolog\u00eda que una cierta decencia evocada en d\u00e9cadas inciertas de la que supo sacar una buena tajada. Sabemos tambi\u00e9n que para la tercera edad, todo tiempo pasado fue mejor. Qu\u00e9 mejor entonces que prometer los valores de aquellos tiempos con un esp\u00edritu liberador.<br \/>\nPero durante la primera mitad del siglo XX, a\u00fan con el derrocamiento de Yrigoyen, la UCR form\u00f3 parte del sistema pol\u00edtico que alternaba Constituci\u00f3n con dictaduras y \u201cfraude patri\u00f3tico\u201d como parte del juego, y sin quejarse demasiado. La propia UCR no surge de los estrados de la democracia ateniense, sino de un golpe de estado. Ante las p\u00e9simas condiciones de trabajo imperantes en aquellos tiempos, no interpuso demasiados proyectos de protecci\u00f3n del trabajador, y fueron los socialistas quienes lo hicieron, por cierto, con m\u00e1s apasionamiento que eficacia. Por entonces, ante el golpe del \u201930, el partido prefiri\u00f3 publicitar la condici\u00f3n de \u201caustero\u201d del l\u00edder, ya que cuando una turba saque\u00f3 la casa de Yrigoyen, s\u00f3lo hall\u00f3 all\u00ed unos pocos muebles. Era imposible no encontra otra cosa que austeridad, ya que Yrigoyen tal vez no viv\u00eda en ese lugar.<br \/>\nNo repararon en la rumbosa vida del soltero caudillo radical, padre de 8 hijos, casi todos no reconocidos a trav\u00e9s de mantener hogares con \u201cmancebas\u201d, en la que se incluye una turbia historia.<br \/>\nRufina Cambaceres, muere la noche en que cumpl\u00eda sus 19 a\u00f1os, mientras se preparaba para una velada en el Col\u00f3n. Nunca estuvo muy clara su relaci\u00f3n con Yrigoyen, que ya contaba unos 45 a\u00f1os y la habr\u00eda conocido unos a\u00f1os antes. Lo cierto es que el caudillo manten\u00eda una relaci\u00f3n con su madre, y que la competencia por la posesi\u00f3n de Yrigoyen determin\u00f3 su muerte. La madre de Rufina, Luisa Baccichi, le habr\u00eda estado suministrando a su hija ciertas sustancias para que \u00e9sta entrara en un profundo sue\u00f1o, mientras la se\u00f1ora pasaba sus noches en el lecho de Don Hip\u00f3lito, con quien finalmente tuvo un hijo. Aquella noche la dosis habr\u00eda sido un poco alta. Rufina se desplom\u00f3 sobre el piso de su palacete de Barracas y todos la dieron por muerta. Velatorio, dolor, entierro en Recoleta, y el hallazgo, d\u00edas despu\u00e9s, en la b\u00f3veda familiar, del ata\u00fad movido y Rufina ensangrentada en su interior. La chica habr\u00eda despertado y, tras intentar salir del f\u00e9retro, muri\u00f3, esta vez definitivamente.<br \/>\nAlgo molesto le sucedi\u00f3 a la UCR, que alternaba con las dictaduras el rol de \u201cizquierda democr\u00e1tica\u201d, de partido institucional y serio con el trabajo sucio de los militares: la aparici\u00f3n del peronismo le rob\u00f3 las banderas detentadas. Un s\u00f3rdido coronel sac\u00f3 los pies del plato y gan\u00f3 las elecciones, hizo a los trabajadores objeto de derecho y les dio una entidad. La frase \u201cdonde hay una necesidad, hay un derecho\u201d, les debe haber sonado sumamente promiscua en un escenario donde la Constituci\u00f3n liberal maniataba a los menos favorecidos. Desde entonces, pareciera haber jurado venganza eterna, aunque debieran aliarse a quienes siempre fueron sus enemigos nominales.<br \/>\nEllos, y no ese partido nuevo, grasoso, impertinente y de negros descamisados, que parec\u00edan ejercer el poder como quien lo usurpa, eran la verdadera representaci\u00f3n de los trabajadores.<br \/>\nEn 1949 se sancion\u00f3 una nueva Constituci\u00f3n. La nueva norma cambiaba las reglas de juego, las relaciones entre fuerzas pol\u00edticas, el esquema jur\u00eddico. Fue imperdonable. Muchos se quedar\u00edan sin su seguro empleo.<br \/>\nA\u00f1os despu\u00e9s, tras el salvaje bombardeo a la Plaza de Mayo en el que murieron unas cuatrocientas personas, y mientras la Marina, a quien pertenec\u00edan los Gloster Meteor con que se consum\u00f3 la masacre, era se\u00f1alada por el peronismo, el radicalismo organiz\u00f3 una marcha de apoyo. Vemos en una foto pat\u00e9tica a militantes radicales llevando carteles con la leyenda \u201cU.C.R. Viva la Marina\u201d. \u00bfse puede volver de algo as\u00ed?<br \/>\nTal vez, no. Pero se puede hacer algo peor. Derrocado el peronismo, la revoluci\u00f3n fusiladora llev\u00f3 a cabo, primero, su rol vengador y sangriento, y reci\u00e9n dos a\u00f1os despu\u00e9s, depuesto el dictador Leonardi, y ya en funciones el dictador Aramburu, se dispuso a ir por la Constituci\u00f3n de la Naci\u00f3n.<br \/>\nEn un hecho in\u00e9dito, una dictadura llam\u00f3 a elecciones a fin de reformar la constituci\u00f3n que no se cumpl\u00eda y pisoteaban d\u00eda tras d\u00eda. Una convenci\u00f3n constituyente citada por un r\u00e9gimen antidemocr\u00e1tico. Sin que un Congreso en funciones declare la necesidad de la misma reforma, sin seguir ninguna pauta ni reglamento conocido. Por supuesto, el peronismo estaba proscripto, y no pod\u00eda participar. El socialismo y otros partidos menores, que se dicen defensores del pueblo, tal cual ocurre hoy en d\u00eda, se anotaron para la ocasi\u00f3n, porque cuando \u201ctirano es todo lo que no es uno\u201d, lo mismo da. Pero si el radicalismo se hubiera negado a participar, la empresa hubiera sido imposible.<br \/>\n\u00bfY qu\u00e9 sucedi\u00f3? El radicalismo, el partido que hoy habla de Rep\u00fablica y que se vanagloria de su pasado al servicio de las instituciones, accedi\u00f3 a participar. Gustoso, adhiri\u00f3 al tr\u00e1mite que fue la derogaci\u00f3n de la Constituci\u00f3n leg\u00edtima, dejando algunas pinceladas en la norma actual que hubieran rechazado si proven\u00edan del propio peronismo.<br \/>\nSe dijo entonces que la Constituci\u00f3n se derogaba porque permit\u00eda la reelecci\u00f3n indefinida del presidente. Casi cuarenta a\u00f1os despu\u00e9s, la reelecci\u00f3n de Menem fue clave de la reforma constitucional cedida por el hoy inmaculado Alfons\u00edn y que s\u00f3lo explic\u00f3 vagamente.<br \/>\nSi alguna vez la Justicia argentina no estuviera atravesada por el autoritarismo ni los servicios, si asumiera un rol a favor de la democracia, tal vez la Corte Suprema declarar\u00eda ileg\u00edtimo ese acto, y restaurar\u00eda la norma que nos debiera regir, nos guste o no.<br \/>\nLa recompensa no tard\u00f3 en llegar. Cuando se retir\u00f3 la dictadura, lleg\u00f3 un presidente radical. Pero si desde las c\u00fapulas militares entend\u00edan que alguna parte del pacto no se estaba cumpliendo, y se lo hac\u00edan saber, se hablaba de \u201cplanteos\u201d, pero el radicalismo no hab\u00eda alcanzado ese lugar sin firmar compromisos previos. El poder leg\u00edtimo no circulaba por all\u00ed y de alguna manera hab\u00eda que intentar mantener la farsa. As\u00ed vino el nuevo golpe y otro presidente radical en el \u201963, y otro golpe en el \u201966. Casualidades: todos los presidentes radicales eran \u201chonestos, profesionales, austeros, peinaditos y limpitos\u201d, pero sin vocaci\u00f3n de poder y posibilidad de mantenerlo.<br \/>\nLlama la atenci\u00f3n la obsesi\u00f3n radical por la \u201chonestidad\u201d en un sentido contrapuesto a la posibilidad de ejercer el poder y como \u00fanica virtud del gobernante. Tal vez la idea haya surgido para justificar la ineficacia.<br \/>\nSurfearon todas las dictaduras casi sin mojarse. Balb\u00edn, Frondizi, sus m\u00e1ximos y venerados jerarcas cuyas edades hac\u00edan que el partido por momentos se pareciera a las c\u00fapulas sovi\u00e9ticas, mantuvieron relaciones aceitadas con los militares.<br \/>\nAlfons\u00edn, que pudo haber logrado que el partido se pareciera un poco a aquello que dec\u00edan, lo hab\u00eda fundado, pareci\u00f3 acelerar en un momento, para luego frenar bruscamente: punto final, obediencia debida y nuevamente la legitimidad discutida que lo llev\u00f3 a entregarle la banda a Menem antes de tiempo. Tal vez los \u201cpaladares negros\u201d del partido no hayan querido parecerse a aquello contra lo que lucharon siempre.<br \/>\nPor eso no hay que sorprenderse de este acuerdo de la UCR con el PRO. No hacen m\u00e1s que legitimar un acuerdo de clases previo al mismo y muy propio de los porte\u00f1os que creen que son Roma, y el peronismo, las hordas b\u00e1rbaras que acechan el imperio. La UCR ya hab\u00eda perdido los trabajadores, y el discurso seg\u00fan el cual los representaban. Ya no hay espacio para perder a la clase media retr\u00f3grada, conservadora y de esp\u00edritu fascista, negadora de los derechos de los que menos tienen. Durante el menemato, no intentaron resistirse demasiado hasta que otras fuerzas progresistas empezaron a surgir. Entonces buscaron fagocitarse al promisorio Frente Pa\u00eds Solidario con la famosa Alianza, cuyo verdadero nombre era \u201cAlianza por el Trabajo, la Justicia y la Educaci\u00f3n\u201d, exactamente lo que devastaron. Hoy en d\u00eda, el radicalismo tiene una mayor identificaci\u00f3n ideol\u00f3gica con el PRO que entonces con la agrupaci\u00f3n de Chacho Alvarez y Fern\u00e1ndez Meijide. Despu\u00e9s de la crisis de 2001 y la vergonzosa hu\u00edda de la Casa Rosada, la supervivencia del partido dependi\u00f3 de lograr acuerdos, de alquilar el aparato que permita que algunos de sus miembros logren algunos cargos electivos para poder ganar tiempo hasta que el partido encuentre alguna forma de resurgimiento.<br \/>\nDurante estos \u00faltimos tiempos se han embanderado con la abstacta idea de Rep\u00fablica como concepto fundador de la democracia, y a\u00fan prevalente a la misma, y no como una consecuencia de procesos que otorgan derechos a los ciudadanos. Es que sin contenido, no hay rep\u00fablica. Pero ponen un nombre como elemento convocante para esas clases que, lejos de ser instru\u00eddas, creen serlo. Y en contrapartida de otro concepto que han denominado \u201cpopulismo\u201d. Confunden el empoderamiento a favor del pueblo, el ceder privilegios, el que compartamos las penas y las vaquitas con esta vaga idea de populismo, y refritan la idea de \u201cCivilizaci\u00f3n o barbarie\u201d, precisamente quienes buscan superar \u201cla grieta\u201d en funci\u00f3n de una supuesta uni\u00f3n nacional en la que siempre la mayor\u00eda queda debajo.<br \/>\nMuchos a\u00f1os lleva podrido el radicalismo. M\u00e1s que centenario, deber\u00eda festejar sus a\u00f1os de zombie.<br \/>\nLa buena noticia es que los triunfos de estas ideas son como los festejos de las clases poderosas y duran lo que la pirotecnia en el cielo estrellado. Nadie podr\u00e1 tildar de antidemocr\u00e1tica a la fuerza pol\u00edtica que desde el 10 de diciembre de este a\u00f1o luche para que estos intolerantes \u2013si ganaran las elecciones- dejen el poder lo antes posible. Podr\u00edamos citar miles de frases, hechos, conjuras de estos sujetos proferidas desde 2003 y que habilitar\u00edan este accionar sin derecho a la queja. La frase de Sanz sobre el uso que se le dar\u00eda a la Asignaci\u00f3n por Hijo es un ejemplo sutil de aquello.<br \/>\nLa mala noticia es que estos proyectos se suelen ir dejando veinte muertos en la Plaza, y la exclusi\u00f3n resultante.<\/p>\n<p>&nbsp;<\/p>\n<p>&nbsp;<\/p>\n<p>&nbsp;<\/p>\n<p>&nbsp;<\/p>\n<p>&nbsp;<\/p>\n<p>&nbsp;<\/p>\n<p>&nbsp;<\/p>\n<p>&nbsp;<\/p>\n<p>&nbsp;<\/p>\n<p>&nbsp;<\/p>\n<p>&nbsp;<\/p>\n","protected":false},"excerpt":{"rendered":"<p>Todos hoy hablan del acuerdo de la Uni\u00f3n C\u00edvica Radical con el partido de Mauricio Macri. Muchos protestan por una supuesta traici\u00f3n del partido centenario a sus ideales b\u00e1sicos, de que Ra\u00fal Alfons\u00edn se estar\u00eda revolviendo en su tumba y cosas as\u00ed. Hablemos, entonces, de la UCR, un partido que se ufana de ocupar el campo popular, de encarnar un [&#8230;]<\/p>\n","protected":false},"author":8,"featured_media":0,"comment_status":"open","ping_status":"open","sticky":false,"template":"","format":"standard","meta":{"_jetpack_newsletter_access":"","_jetpack_dont_email_post_to_subs":false,"_jetpack_newsletter_tier_id":0,"_jetpack_memberships_contains_paywalled_content":false,"_jetpack_memberships_contains_paid_content":false,"footnotes":""},"categories":[64],"tags":[],"class_list":["post-63218","post","type-post","status-publish","format-standard","hentry","category-opinion"],"jetpack_featured_media_url":"","jetpack_shortlink":"https:\/\/wp.me\/p2JWE0-grE","jetpack-related-posts":[{"id":55715,"url":"https:\/\/www.24baires.com\/?p=55715","url_meta":{"origin":63218,"position":0},"title":"Gil Lavedra se anota en una uni\u00f3n UCR-Frente Renovador","author":"Grupo Sierra","date":"20\/10\/2014","format":false,"excerpt":"Ricardo Gil Lavedra ante el supuesto deseo de Massa de llevar a un radical como Vicepresidente, expres\u00f3: \u201cSupondr\u00eda un cambio de estrategia nacional, significar\u00eda una suerte de coalici\u00f3n con Massa, pero todav\u00eda est\u00e1 muy verde y tendr\u00eda que ser decidido por el partido. No hay diferencias muy sustanciales en lo\u2026","rel":"","context":"En \u00abElecciones 2015\u00bb","block_context":{"text":"Elecciones 2015","link":"https:\/\/www.24baires.com\/?cat=74"},"img":{"alt_text":"gil-lavedra-telam-615x368","src":"https:\/\/i0.wp.com\/www.24baires.com\/wp-content\/uploads\/2014\/10\/gil-lavedra-telam-615x368.jpg?resize=350%2C200","width":350,"height":200,"srcset":"https:\/\/i0.wp.com\/www.24baires.com\/wp-content\/uploads\/2014\/10\/gil-lavedra-telam-615x368.jpg?resize=350%2C200 1x, https:\/\/i0.wp.com\/www.24baires.com\/wp-content\/uploads\/2014\/10\/gil-lavedra-telam-615x368.jpg?resize=525%2C300 1.5x"},"classes":[]},{"id":26143,"url":"https:\/\/www.24baires.com\/?p=26143","url_meta":{"origin":63218,"position":1},"title":"Tras el acuerdo Alfons\u00edn-Stolbizer se fractur\u00f3 el radicalismo bonaerense","author":"Grupo Sierra","date":"16\/06\/2013","format":false,"excerpt":"El radicalismo bonaerense se presentar\u00e1 con dos opciones electorales en las Primarias Abiertas Simult\u00e1neas y Obligatorias (PASO), del 11 agosto, tras la fractura interna que sufri\u00f3 a ra\u00edz del acuerdo sellado con un sector del Frente Amplio Progresista (FAP). Nuevos Aires, espacio interno de la UCR que encabezan Leopoldo Moreau\u2026","rel":"","context":"En \u00abPol\u00edtica\u00bb","block_context":{"text":"Pol\u00edtica","link":"https:\/\/www.24baires.com\/?cat=51"},"img":{"alt_text":"","src":"","width":0,"height":0},"classes":[]},{"id":12856,"url":"https:\/\/www.24baires.com\/?p=12856","url_meta":{"origin":63218,"position":2},"title":"Ricardo Alfons\u00edn: \u00abEstamos acercando posiciones con el FAP\u00bb","author":"Grupo Sierra","date":"19\/01\/2013","format":false,"excerpt":"El diputado de la UCR Ricardo Alfons\u00edn destac\u00f3 el \u00e9xito de las \"conversaciones preliminares con ese frente para conformar una alianza de cara a las presidenciales de 2015. El diputado radical Ricardo Alfons\u00edn se mostr\u00f3 confiado en el \u00e9xito de las \"conversaciones preliminares\" que mantiene con referentes del Frente Amplio\u2026","rel":"","context":"En \u00abPol\u00edtica\u00bb","block_context":{"text":"Pol\u00edtica","link":"https:\/\/www.24baires.com\/?cat=51"},"img":{"alt_text":"","src":"","width":0,"height":0},"classes":[]},{"id":51552,"url":"https:\/\/www.24baires.com\/?p=51552","url_meta":{"origin":63218,"position":3},"title":"Para Sanz, \u00abel problema de la UCR es la mediocridad\u00bb","author":"Grupo Sierra","date":"10\/08\/2014","format":false,"excerpt":"As\u00ed lo sentenci\u00f3 el senador al referirse a la utilizaci\u00f3n de las internas dentro del centenario partido. \"Hablo seguido y tengo muy buen trato con todos los intendentes radicales de la Provincia, con algunos m\u00e1s que con otros. Los respeto mucho, son un activo muy importante del radicalismo bonaerense. Estuve\u2026","rel":"","context":"En \u00abPol\u00edtica\u00bb","block_context":{"text":"Pol\u00edtica","link":"https:\/\/www.24baires.com\/?cat=51"},"img":{"alt_text":"cobos sanz ucr","src":"https:\/\/i0.wp.com\/www.24baires.com\/wp-content\/uploads\/2014\/05\/cobos-sanz-ucr.jpg?resize=350%2C200","width":350,"height":200,"srcset":"https:\/\/i0.wp.com\/www.24baires.com\/wp-content\/uploads\/2014\/05\/cobos-sanz-ucr.jpg?resize=350%2C200 1x, https:\/\/i0.wp.com\/www.24baires.com\/wp-content\/uploads\/2014\/05\/cobos-sanz-ucr.jpg?resize=525%2C300 1.5x"},"classes":[]},{"id":108296,"url":"https:\/\/www.24baires.com\/?p=108296","url_meta":{"origin":63218,"position":4},"title":"El radicalismo bonaerense ratific\u00f3 su pertenencia a Cambiemos","author":"GB","date":"21\/05\/2019","format":false,"excerpt":"En la Convenci\u00f3n de Brandsen, Daniel Salvador critic\u00f3 a los \"radicales sueltos\" que cuestionan al PRO. Afirm\u00f3 que junto al macrismo \"vamos a derrotar para siempre al populismo que tanto da\u00f1o nos hizo\". El radicalismo bonaerense ratific\u00f3 este fin de semana su pertenencia a Cambiemos. En la Convenci\u00f3n partidaria que\u2026","rel":"","context":"En \u00abProvincia\u00bb","block_context":{"text":"Provincia","link":"https:\/\/www.24baires.com\/?cat=40"},"img":{"alt_text":"","src":"https:\/\/i0.wp.com\/www.24baires.com\/wp-content\/uploads\/2019\/05\/radicalismo-baires.jpg?resize=350%2C200","width":350,"height":200,"srcset":"https:\/\/i0.wp.com\/www.24baires.com\/wp-content\/uploads\/2019\/05\/radicalismo-baires.jpg?resize=350%2C200 1x, https:\/\/i0.wp.com\/www.24baires.com\/wp-content\/uploads\/2019\/05\/radicalismo-baires.jpg?resize=525%2C300 1.5x"},"classes":[]},{"id":21439,"url":"https:\/\/www.24baires.com\/?p=21439","url_meta":{"origin":63218,"position":5},"title":"La otra parte de la sociedad: la descontenta y sin representaci\u00f3n","author":"AF","date":"19\/04\/2013","format":false,"excerpt":"Hay un sector de la sociedad que est\u00e1 descontento, frustrado, indignado, pong\u00e1mosle el nombre que gusten. Es gente que no se siente representada en la clase pol\u00edtica que ellos mismos eligieron. Es una parte de la sociedad que est\u00e1 desilusionada, porque ha cifrado sus expectativas -en el m\u00e1s variopinto abanico-\u2026","rel":"","context":"En \u00abOpini\u00f3n\u00bb","block_context":{"text":"Opini\u00f3n","link":"https:\/\/www.24baires.com\/?cat=64"},"img":{"alt_text":"cacerolazo_tucuman1_46565","src":"https:\/\/i0.wp.com\/www.24baires.com\/wp-content\/uploads\/2013\/04\/cacerolazo_tucuman1_46565.jpg?resize=350%2C200","width":350,"height":200,"srcset":"https:\/\/i0.wp.com\/www.24baires.com\/wp-content\/uploads\/2013\/04\/cacerolazo_tucuman1_46565.jpg?resize=350%2C200 1x, https:\/\/i0.wp.com\/www.24baires.com\/wp-content\/uploads\/2013\/04\/cacerolazo_tucuman1_46565.jpg?resize=525%2C300 1.5x"},"classes":[]}],"jetpack_sharing_enabled":true,"jetpack_likes_enabled":true,"_links":{"self":[{"href":"https:\/\/www.24baires.com\/index.php?rest_route=\/wp\/v2\/posts\/63218","targetHints":{"allow":["GET"]}}],"collection":[{"href":"https:\/\/www.24baires.com\/index.php?rest_route=\/wp\/v2\/posts"}],"about":[{"href":"https:\/\/www.24baires.com\/index.php?rest_route=\/wp\/v2\/types\/post"}],"author":[{"embeddable":true,"href":"https:\/\/www.24baires.com\/index.php?rest_route=\/wp\/v2\/users\/8"}],"replies":[{"embeddable":true,"href":"https:\/\/www.24baires.com\/index.php?rest_route=%2Fwp%2Fv2%2Fcomments&post=63218"}],"version-history":[{"count":1,"href":"https:\/\/www.24baires.com\/index.php?rest_route=\/wp\/v2\/posts\/63218\/revisions"}],"predecessor-version":[{"id":63219,"href":"https:\/\/www.24baires.com\/index.php?rest_route=\/wp\/v2\/posts\/63218\/revisions\/63219"}],"wp:attachment":[{"href":"https:\/\/www.24baires.com\/index.php?rest_route=%2Fwp%2Fv2%2Fmedia&parent=63218"}],"wp:term":[{"taxonomy":"category","embeddable":true,"href":"https:\/\/www.24baires.com\/index.php?rest_route=%2Fwp%2Fv2%2Fcategories&post=63218"},{"taxonomy":"post_tag","embeddable":true,"href":"https:\/\/www.24baires.com\/index.php?rest_route=%2Fwp%2Fv2%2Ftags&post=63218"}],"curies":[{"name":"wp","href":"https:\/\/api.w.org\/{rel}","templated":true}]}}