{"id":6315,"date":"2012-11-21T22:45:11","date_gmt":"2012-11-22T01:45:11","guid":{"rendered":"http:\/\/www.24baires.com\/?p=6315"},"modified":"2012-11-21T22:45:11","modified_gmt":"2012-11-22T01:45:11","slug":"foro-de-medios-en-mar-del-plata-dentro-del-marco-del-festival-de-cine","status":"publish","type":"post","link":"https:\/\/www.24baires.com\/?p=6315","title":{"rendered":"Foro de Medios en Mar del Plata dentro del marco del Festival de Cine"},"content":{"rendered":"<p>Este jueves 22 se realizar\u00e1 en Mar del Plata un Foro Popular y Abierto por la plena aplicaci\u00f3n de la Ley de Medios, bajo el lema \u00abEl 7D todos dentro de la Ley\u00bb.\u00a0<!--more--><\/p>\n<p>Organizado por ARBIA, IMFC, Red PAR, AraMdP y FecoopTV, el foro se desarrollar\u00e1 en las instalaciones del Hotel Ostende de Hip\u00f3lito Yrigoyen 1737, Mar del Plata, a partir de las 17. Con entrada libre y gratuita, se debatir\u00e1 acerca de la aplicaci\u00f3n plena de la Ley de Servicios de Comunicaci\u00f3n Audiovisual.<\/p>\n<p>Mar del Plata recibe este foro en el contexto del\u00a02\u00ba Encuentro de Comunicaci\u00f3n Audiovisual (ECA) que se desarrolla el 23 y 24 de noviembre en el marco del 27\u00ba Festival Internacional de Cine.<\/p>\n","protected":false},"excerpt":{"rendered":"<p>Este jueves 22 se realizar\u00e1 en Mar del Plata un Foro Popular y Abierto por la plena aplicaci\u00f3n de la Ley de Medios, bajo el lema \u00abEl 7D todos dentro de la Ley\u00bb.\u00a0<\/p>\n","protected":false},"author":4,"featured_media":0,"comment_status":"open","ping_status":"open","sticky":false,"template":"","format":"standard","meta":{"_jetpack_newsletter_access":"","_jetpack_dont_email_post_to_subs":false,"_jetpack_newsletter_tier_id":0,"_jetpack_memberships_contains_paywalled_content":false,"_jetpack_memberships_contains_paid_content":false,"footnotes":""},"categories":[54],"tags":[],"class_list":["post-6315","post","type-post","status-publish","format-standard","hentry","category-medios"],"jetpack_featured_media_url":"","jetpack_shortlink":"https:\/\/wp.me\/p2JWE0-1DR","jetpack-related-posts":[{"id":7208,"url":"https:\/\/www.24baires.com\/?p=7208","url_meta":{"origin":6315,"position":0},"title":"Foro de Medios en Azul","author":"AF","date":"29\/11\/2012","format":false,"excerpt":"Este viernes 30 se realizar\u00e1 en Azul un Foro Popular y Abierto por la plena aplicaci\u00f3n de la Ley de Medios, bajo el lema \u201cEl 7D todos dentro de la Ley\u201d. Organizado por ARBIA, IMFC, Red PAR, AraMdP y FecoopTV, el foro se desarrollar\u00e1 en el recinto del Honorable Concejo\u2026","rel":"","context":"En \u00abMedios\u00bb","block_context":{"text":"Medios","link":"https:\/\/www.24baires.com\/?cat=54"},"img":{"alt_text":"","src":"","width":0,"height":0},"classes":[]},{"id":5340,"url":"https:\/\/www.24baires.com\/?p=5340","url_meta":{"origin":6315,"position":1},"title":"Foro Popular sobre la Ley de Medios en Mar del Plata","author":"Grupo Sierra","date":"13\/11\/2012","format":false,"excerpt":"Tal como se vienen realizando en todos los rincones del pa\u00eds, este mi\u00e9rcoles en la ciudad balnearia se realizar\u00e1 otro Foro de cara al denominado 7D. \u00a0 El Foro Popular sobre la Ley de Medios en Mar del Plata por la aplicaci\u00f3n de la ley se realizar\u00e1 este Mi\u00e9rcoles 14,\u2026","rel":"","context":"En \u00abMedios\u00bb","block_context":{"text":"Medios","link":"https:\/\/www.24baires.com\/?cat=54"},"img":{"alt_text":"","src":"","width":0,"height":0},"classes":[]},{"id":7026,"url":"https:\/\/www.24baires.com\/?p=7026","url_meta":{"origin":6315,"position":2},"title":"Acuerdan garantizar todas las fuentes laborales con la aplicaci\u00f3n plena de la Ley de Medios","author":"Grupo Sierra","date":"27\/11\/2012","format":false,"excerpt":"Por un acuerdo firmado hoy entre el Ministerio de Trabajo y la Afsca, con la participaci\u00f3n del secretario de Comunicaci\u00f3n P\u00fablica, Alfredo Scoccimarro, se establecieron las acciones para la preservaci\u00f3n y seguimiento de la evoluci\u00f3n de la Ley de Medios, en \u00e1mbitos de aplicaci\u00f3n de la Ley. \u00a0 El ministro\u2026","rel":"","context":"En \u00abMedios\u00bb","block_context":{"text":"Medios","link":"https:\/\/www.24baires.com\/?cat=54"},"img":{"alt_text":"","src":"","width":0,"height":0},"classes":[]},{"id":6449,"url":"https:\/\/www.24baires.com\/?p=6449","url_meta":{"origin":6315,"position":3},"title":"Cristina encabeza la apertura del II Encuentro de Comunicaci\u00f3n Audiovisual","author":"Grupo Sierra","date":"22\/11\/2012","format":false,"excerpt":"MAR DEL PLATA - La presidenta Cristina Fern\u00e1ndez de Kirchner encabezar\u00e1 la apertura del Segundo Encuentro de Comunicaci\u00f3n Audiovisual este viernes a las 12 en un acto en el Sal\u00f3n de las Am\u00e9ricas del Hotel Provincial de Mar del Plata. La actividad ser\u00e1 el inicio de dos d\u00edas de debate\u2026","rel":"","context":"En \u00abMedios\u00bb","block_context":{"text":"Medios","link":"https:\/\/www.24baires.com\/?cat=54"},"img":{"alt_text":"","src":"https:\/\/i0.wp.com\/www.24baires.com\/wp-content\/uploads\/2012\/11\/cristina-eca.png?resize=350%2C200","width":350,"height":200,"srcset":"https:\/\/i0.wp.com\/www.24baires.com\/wp-content\/uploads\/2012\/11\/cristina-eca.png?resize=350%2C200 1x, https:\/\/i0.wp.com\/www.24baires.com\/wp-content\/uploads\/2012\/11\/cristina-eca.png?resize=525%2C300 1.5x"},"classes":[]},{"id":35656,"url":"https:\/\/www.24baires.com\/?p=35656","url_meta":{"origin":6315,"position":4},"title":"Sin nombrarlo, Sabbatella &#8216;le peg\u00f3&#8217; a Magnetto","author":"Grupo Sierra","date":"23\/11\/2013","format":false,"excerpt":"El titular de la Autoridad Federal de Servicios de Comunicaci\u00f3n Audiovisual (Afsca), Mart\u00edn Sabbatella, destac\u00f3 en Mar del Plata que \"quienes dec\u00edan que ser presidente (por H\u00e9ctor Magnetto) era una `cargo menor\u00b4 tuvieron que presentar su plan de adecuaci\u00f3n\" a la Ley de Medios. El presidente de la Afsca encabez\u00f3\u2026","rel":"","context":"En \u00abMedios\u00bb","block_context":{"text":"Medios","link":"https:\/\/www.24baires.com\/?cat=54"},"img":{"alt_text":"","src":"","width":0,"height":0},"classes":[]},{"id":76991,"url":"https:\/\/www.24baires.com\/?p=76991","url_meta":{"origin":6315,"position":5},"title":"Amparos y cautelares en todo el pa\u00eds contra la intervenci\u00f3n de la AFSCA","author":"GB","date":"29\/12\/2015","format":false,"excerpt":"Funcionarios de todo el pa\u00eds vinculados a los medios y la comunicaci\u00f3n presentaron ante la Justicia recursos de amparo y cautelares contra la intervenci\u00f3n de la AFSCA. La Senadora Nacional del Frente para la Victoria, Liliana Fellner, arremeti\u00f3 contra Macri y asegur\u00f3 que \u201cel presidente se llev\u00f3 puesto a los\u2026","rel":"","context":"En \u00abMedios\u00bb","block_context":{"text":"Medios","link":"https:\/\/www.24baires.com\/?cat=54"},"img":{"alt_text":"AFSCA","src":"https:\/\/i0.wp.com\/www.24baires.com\/wp-content\/uploads\/2015\/12\/AFSCA.jpg?resize=350%2C200","width":350,"height":200,"srcset":"https:\/\/i0.wp.com\/www.24baires.com\/wp-content\/uploads\/2015\/12\/AFSCA.jpg?resize=350%2C200 1x, https:\/\/i0.wp.com\/www.24baires.com\/wp-content\/uploads\/2015\/12\/AFSCA.jpg?resize=525%2C300 1.5x"},"classes":[]}],"jetpack_sharing_enabled":true,"jetpack_likes_enabled":true,"_links":{"self":[{"href":"https:\/\/www.24baires.com\/index.php?rest_route=\/wp\/v2\/posts\/6315","targetHints":{"allow":["GET"]}}],"collection":[{"href":"https:\/\/www.24baires.com\/index.php?rest_route=\/wp\/v2\/posts"}],"about":[{"href":"https:\/\/www.24baires.com\/index.php?rest_route=\/wp\/v2\/types\/post"}],"author":[{"embeddable":true,"href":"https:\/\/www.24baires.com\/index.php?rest_route=\/wp\/v2\/users\/4"}],"replies":[{"embeddable":true,"href":"https:\/\/www.24baires.com\/index.php?rest_route=%2Fwp%2Fv2%2Fcomments&post=6315"}],"version-history":[{"count":2,"href":"https:\/\/www.24baires.com\/index.php?rest_route=\/wp\/v2\/posts\/6315\/revisions"}],"predecessor-version":[{"id":6317,"href":"https:\/\/www.24baires.com\/index.php?rest_route=\/wp\/v2\/posts\/6315\/revisions\/6317"}],"wp:attachment":[{"href":"https:\/\/www.24baires.com\/index.php?rest_route=%2Fwp%2Fv2%2Fmedia&parent=6315"}],"wp:term":[{"taxonomy":"category","embeddable":true,"href":"https:\/\/www.24baires.com\/index.php?rest_route=%2Fwp%2Fv2%2Fcategories&post=6315"},{"taxonomy":"post_tag","embeddable":true,"href":"https:\/\/www.24baires.com\/index.php?rest_route=%2Fwp%2Fv2%2Ftags&post=6315"}],"curies":[{"name":"wp","href":"https:\/\/api.w.org\/{rel}","templated":true}]}}