{"id":6311,"date":"2012-11-21T22:50:37","date_gmt":"2012-11-22T01:50:37","guid":{"rendered":"http:\/\/www.24baires.com\/?p=6311"},"modified":"2012-11-22T13:35:28","modified_gmt":"2012-11-22T16:35:28","slug":"clarin-pide-extender-su-cautelar-por-medio-de-un-per-saltum-privado","status":"publish","type":"post","link":"https:\/\/www.24baires.com\/?p=6311","title":{"rendered":"Clar\u00edn pide extender su cautelar por medio de un \u00abper saltum privado\u00bb"},"content":{"rendered":"<p>El Grupo recurri\u00f3 al Alto Tribunal para posponer lo que debe ocurrir el 7 de diciembre. Sin embargo, el pedido es innecesario porque en la C\u00e1mara que debe decidir la cuesti\u00f3n ya qued\u00f3 conformada.<!--more--><br \/>\nEl Grupo Clar\u00edn pidi\u00f3 este mi\u00e9rcoles a la Corte Suprema de Justicia de la Naci\u00f3n una extensi\u00f3n de la medida cautelar que tiene vigencia hasta el 7 de diciembre en funci\u00f3n de que considera que se encuentra en estado de \u00abindefensi\u00f3n y privaci\u00f3n de justicia\u00bb debido a la falta de un tribunal que se expida a tiempo en la causa por el art\u00edculo de la Ley de Medios que se refiere a la desinversi\u00f3n.<\/p>\n<p>La presentaci\u00f3n del Grupo Clar\u00edn en forma directa a la Corte, en una suerte de \u00abper saltum\u00bb, es injustificada debido a que la Sala I de la C\u00e1mara Civil y Comercial decidi\u00f3 este mi\u00e9rcoles su integraci\u00f3n con dos camaristas del fuero contencioso administrativos, por lo que ese tribunal queda conformado y podr\u00e1 expedirse en la causa en la que reclama Clar\u00edn.<\/p>\n<p>Ahora, el multimedios le solicita a la Corte que \u00abdisponga preventivamente la pr\u00f3rroga de la medida cautelar a\u00fan vigente, hasta que la Sala I, integrada materialmente por los jueces en lo Civil y Comercial Federal de esta Capital, se pronuncie sobre la apelaci\u00f3n pendiente, ya sea confirmando o revocando la denegatoria de la extensi\u00f3n\u00bb.<br \/>\nEn su fallo del 22 de mayo pasado, que estableci\u00f3 el 7 de diciembre como tope para la medida cautelar que suspende la aplicaci\u00f3n del art\u00edculo 161 de la Ley de Medios, la Corte se\u00f1al\u00f3: \u00abLo aqu\u00ed decidido en cuanto al plazo de vigencia de la medida cautelar podr\u00e1 ser revisado, en caso de que se verificasen conductas procesales orientadas a obstaculizar el normal avance del pleito\u00bb.<\/p>\n<p>En su nueva presentaci\u00f3n, firmada por el abogado Alejandro Carri\u00f3 y hermano del secretario de la Sala que debe tratar la causa, Diego Marcelo Carri\u00f3, el Grupo Clar\u00edn tambi\u00e9n pidi\u00f3 que se \u00abremuevan los obst\u00e1culos que impiden la regular conformaci\u00f3n de la Sala I con los jueces naturales del fuero Civil y Comercial Federal, ordenando su inmediata intervenci\u00f3n en la causa, encomend\u00e1ndole a la mencionada Sala la adopci\u00f3n de las medidas necesarias para la resoluci\u00f3n de las cuestiones pendientes a la mayor brevedad posible\u00bb. Sin embargo, esta sala qued\u00f3 conformada hoy mismo.<\/p>\n<p>&nbsp;<\/p>\n<p>&nbsp;<\/p>\n<p>&nbsp;<\/p>\n<p>&nbsp;<\/p>\n<p>&nbsp;<\/p>\n<p>&nbsp;<\/p>\n<p>&nbsp;<\/p>\n<p>&nbsp;<\/p>\n<p>&nbsp;<\/p>\n<p>&nbsp;<\/p>\n<p>&nbsp;<\/p>\n","protected":false},"excerpt":{"rendered":"<p>El Grupo recurri\u00f3 al Alto Tribunal para posponer lo que debe ocurrir el 7 de diciembre. Sin embargo, el pedido es innecesario porque en la C\u00e1mara que debe decidir la cuesti\u00f3n ya qued\u00f3 conformada.<\/p>\n","protected":false},"author":11,"featured_media":0,"comment_status":"open","ping_status":"open","sticky":false,"template":"","format":"standard","meta":{"_jetpack_newsletter_access":"","_jetpack_dont_email_post_to_subs":false,"_jetpack_newsletter_tier_id":0,"_jetpack_memberships_contains_paywalled_content":false,"_jetpack_memberships_contains_paid_content":false,"footnotes":""},"categories":[54],"tags":[],"class_list":["post-6311","post","type-post","status-publish","format-standard","hentry","category-medios"],"jetpack_featured_media_url":"","jetpack_shortlink":"https:\/\/wp.me\/p2JWE0-1DN","jetpack-related-posts":[{"id":8627,"url":"https:\/\/www.24baires.com\/?p=8627","url_meta":{"origin":6311,"position":0},"title":"La Corte Suprema rechaz\u00f3 el per saltum","author":"Grupo Sierra","date":"10\/12\/2012","format":false,"excerpt":"El m\u00e1ximo tribunal resolvi\u00f3 no hacer uso de ese recurso, solicitado por el Gobierno para revisar el fallo de la C\u00e1mara que hab\u00eda extendido la cautelar del Grupo Clar\u00edn en contra de la aplicaci\u00f3n de la Ley de Medios. Se deber\u00e1 esperar el fallo del Juez Alfonso. AMPLIAREMOS La Corte\u2026","rel":"","context":"En \u00abMedios\u00bb","block_context":{"text":"Medios","link":"https:\/\/www.24baires.com\/?cat=54"},"img":{"alt_text":"","src":"","width":0,"height":0},"classes":[]},{"id":10904,"url":"https:\/\/www.24baires.com\/?p=10904","url_meta":{"origin":6311,"position":1},"title":"El Gobierno solicitar\u00e1 la habilitaci\u00f3n de la feria judicial para tratar la Ley de Medios","author":"AF","date":"01\/01\/2013","format":false,"excerpt":"El gobierno pedir\u00e1 este mi\u00e9rcoles, en el primer d\u00eda h\u00e1bil del a\u00f1o, que la C\u00e1mara Federal Civil y Comercial Federal habilite la feria judicial de enero para resolver con \u201cceleridad\u201d la causa planteada por el grupo Clar\u00edn contra la Ley de Medios. La presentaci\u00f3n la har\u00e1 a primera hora la\u2026","rel":"","context":"En \u00abMedios\u00bb","block_context":{"text":"Medios","link":"https:\/\/www.24baires.com\/?cat=54"},"img":{"alt_text":"","src":"","width":0,"height":0},"classes":[]},{"id":10973,"url":"https:\/\/www.24baires.com\/?p=10973","url_meta":{"origin":6311,"position":2},"title":"Madres marchan a Tribunales para que se trate la Ley de Medios a pesar de la feria","author":"AF","date":"02\/01\/2013","format":false,"excerpt":"En el marco de la presentaci\u00f3n de la jefatura de Gabinete y el Afsca para que se habilite la feria judicial para tratar la Ley de Medios, luego de que la Corte Suprema de Justicia de la Naci\u00f3n rechazara el per saltum y confirmara la extensi\u00f3n de la medida cautelar\u2026","rel":"","context":"En \u00abMedios\u00bb","block_context":{"text":"Medios","link":"https:\/\/www.24baires.com\/?cat=54"},"img":{"alt_text":"MADRES PLAZA DE MAYO","src":"https:\/\/i0.wp.com\/www.24baires.com\/wp-content\/uploads\/2013\/01\/MADRES-PLAZA-DE-MAYO.jpg?resize=350%2C200","width":350,"height":200,"srcset":"https:\/\/i0.wp.com\/www.24baires.com\/wp-content\/uploads\/2013\/01\/MADRES-PLAZA-DE-MAYO.jpg?resize=350%2C200 1x, https:\/\/i0.wp.com\/www.24baires.com\/wp-content\/uploads\/2013\/01\/MADRES-PLAZA-DE-MAYO.jpg?resize=525%2C300 1.5x"},"classes":[]},{"id":9790,"url":"https:\/\/www.24baires.com\/?p=9790","url_meta":{"origin":6311,"position":3},"title":"La Corte Suprema ya tiene en sus manos el pedido de &#8216;per saltum&#8217; y debe resolver tratarlo","author":"Grupo Sierra","date":"19\/12\/2012","format":false,"excerpt":"La Corte Suprema de Justicia recibi\u00f3 el pedido del Gobierno de avocarse a la causa sobre la constitucionalidad de la ley de medios, sancionada hace tres a\u00f1os y bloqueada desde entonces por una medida cautelar. Ahora deber\u00e1 resolver si lo acepta. La presentaci\u00f3n ante el m\u00e1ximo tribunal se realiz\u00f3 este\u2026","rel":"","context":"En \u00abMedios\u00bb","block_context":{"text":"Medios","link":"https:\/\/www.24baires.com\/?cat=54"},"img":{"alt_text":"corte suprema","src":"https:\/\/i0.wp.com\/www.24baires.com\/wp-content\/uploads\/2012\/12\/corte-suprema.jpg?resize=350%2C200","width":350,"height":200,"srcset":"https:\/\/i0.wp.com\/www.24baires.com\/wp-content\/uploads\/2012\/12\/corte-suprema.jpg?resize=350%2C200 1x, https:\/\/i0.wp.com\/www.24baires.com\/wp-content\/uploads\/2012\/12\/corte-suprema.jpg?resize=525%2C300 1.5x"},"classes":[]},{"id":59349,"url":"https:\/\/www.24baires.com\/?p=59349","url_meta":{"origin":6311,"position":4},"title":"La Justicia rechaz\u00f3 el per saltum de la AFSCA para que Clar\u00edn se adec\u00fae","author":"GB","date":"30\/12\/2014","format":false,"excerpt":"El M\u00e1ximo Tribunal declar\u00f3 inadmisible el pedido presentado por la AFSCA en la causa por la adecuaci\u00f3n de oficio del Grupo Clar\u00edn, tal como lo inform\u00f3 la vocera de la Corte. La Corte Suprema rechaz\u00f3 este martes el pedido de per saltum formulado por la Administraci\u00f3n Federal de Servicios de\u2026","rel":"","context":"En \u00abMedios\u00bb","block_context":{"text":"Medios","link":"https:\/\/www.24baires.com\/?cat=54"},"img":{"alt_text":"corte","src":"https:\/\/i0.wp.com\/www.24baires.com\/wp-content\/uploads\/2014\/12\/corte.jpg?resize=350%2C200","width":350,"height":200,"srcset":"https:\/\/i0.wp.com\/www.24baires.com\/wp-content\/uploads\/2014\/12\/corte.jpg?resize=350%2C200 1x, https:\/\/i0.wp.com\/www.24baires.com\/wp-content\/uploads\/2014\/12\/corte.jpg?resize=525%2C300 1.5x"},"classes":[]},{"id":59781,"url":"https:\/\/www.24baires.com\/?p=59781","url_meta":{"origin":6311,"position":5},"title":"Por la adecuaci\u00f3n de Clar\u00edn habilitan la feria judicial","author":"Grupo Sierra","date":"08\/01\/2015","format":false,"excerpt":"La Justicia hizo lugar a un planteo del AFSCA para que la justicia contin\u00fae adelante con el expediente durante el receso de verano. La medida la adopt\u00f3 el conjuez de primera instancia en lo Civil y Comercial Federal, Antonio Rojas Salinas, al hacer lugar a un reclamo de la Autoridad\u2026","rel":"","context":"En \u00abMedios\u00bb","block_context":{"text":"Medios","link":"https:\/\/www.24baires.com\/?cat=54"},"img":{"alt_text":"clar\u00edn mitre","src":"https:\/\/i0.wp.com\/www.24baires.com\/wp-content\/uploads\/2014\/11\/clar%C3%ADn-mitre.jpg?resize=350%2C200","width":350,"height":200,"srcset":"https:\/\/i0.wp.com\/www.24baires.com\/wp-content\/uploads\/2014\/11\/clar%C3%ADn-mitre.jpg?resize=350%2C200 1x, https:\/\/i0.wp.com\/www.24baires.com\/wp-content\/uploads\/2014\/11\/clar%C3%ADn-mitre.jpg?resize=525%2C300 1.5x"},"classes":[]}],"jetpack_sharing_enabled":true,"jetpack_likes_enabled":true,"_links":{"self":[{"href":"https:\/\/www.24baires.com\/index.php?rest_route=\/wp\/v2\/posts\/6311","targetHints":{"allow":["GET"]}}],"collection":[{"href":"https:\/\/www.24baires.com\/index.php?rest_route=\/wp\/v2\/posts"}],"about":[{"href":"https:\/\/www.24baires.com\/index.php?rest_route=\/wp\/v2\/types\/post"}],"author":[{"embeddable":true,"href":"https:\/\/www.24baires.com\/index.php?rest_route=\/wp\/v2\/users\/11"}],"replies":[{"embeddable":true,"href":"https:\/\/www.24baires.com\/index.php?rest_route=%2Fwp%2Fv2%2Fcomments&post=6311"}],"version-history":[{"count":3,"href":"https:\/\/www.24baires.com\/index.php?rest_route=\/wp\/v2\/posts\/6311\/revisions"}],"predecessor-version":[{"id":6319,"href":"https:\/\/www.24baires.com\/index.php?rest_route=\/wp\/v2\/posts\/6311\/revisions\/6319"}],"wp:attachment":[{"href":"https:\/\/www.24baires.com\/index.php?rest_route=%2Fwp%2Fv2%2Fmedia&parent=6311"}],"wp:term":[{"taxonomy":"category","embeddable":true,"href":"https:\/\/www.24baires.com\/index.php?rest_route=%2Fwp%2Fv2%2Fcategories&post=6311"},{"taxonomy":"post_tag","embeddable":true,"href":"https:\/\/www.24baires.com\/index.php?rest_route=%2Fwp%2Fv2%2Ftags&post=6311"}],"curies":[{"name":"wp","href":"https:\/\/api.w.org\/{rel}","templated":true}]}}