{"id":6302,"date":"2012-11-21T22:16:18","date_gmt":"2012-11-22T01:16:18","guid":{"rendered":"http:\/\/www.24baires.com\/?p=6302"},"modified":"2012-11-21T22:25:34","modified_gmt":"2012-11-22T01:25:34","slug":"baradel-me-llama-la-atencion-que-perez-use-los-mismos-argumentos-que-clarin","status":"publish","type":"post","link":"https:\/\/www.24baires.com\/?p=6302","title":{"rendered":"Baradel: \u00abMe llama la atenci\u00f3n que Alberto P\u00e9rez use los mismos argumentos que Clar\u00edn\u00bb"},"content":{"rendered":"<p><img data-recalc-dims=\"1\" loading=\"lazy\" decoding=\"async\" class=\"alignleft size-full wp-image-5084\" title=\"baradel\" src=\"https:\/\/i0.wp.com\/www.24baires.com\/wp-content\/uploads\/2012\/11\/baradel.jpg?resize=200%2C150\" alt=\"\" width=\"200\" height=\"150\" \/>El Secretario General de SUTEBA, Roberto Baradel, volvi\u00f3 a manifestar sus fuertes diferencias con el Jefe de Gabinete provincial, Alberto P\u00e9rez, y expres\u00f3 que su forma de ver la pol\u00edtica \u201cpuede estar m\u00e1s relacionada con quienes hacen negocios\u201d.<!--more--><\/p>\n<p>El dirigente gremial, cruz\u00f3 una vez m\u00e1s al Jefe de Gabinete provincial, se\u00f1alando que \u201chay quienes creen que la pol\u00edtica sirve para hacer negocios. Quiz\u00e1s sea por eso que P\u00e9rez est\u00e1 tan circunstanciado, con esa manera de ver la pol\u00edtica, y ha intentado descalificar desde ese lugar. No es mi caso, \u00e9l est\u00e1 m\u00e1s preocupado por las internas pol\u00edticas que por gestionar\u201d.<\/p>\n<p>\u201cEl ministro ayer tuvo la oportunidad para debatir conmigo en Am\u00e9rica, se hab\u00eda comprometido y no fue, porque no puede dar la cara. Cuando uno no tiene argumentos s\u00f3lidos, cre\u00edbles, fiables para defender la gesti\u00f3n, utiliza la descalificaci\u00f3n para intentar desviar el debatir\u201d, acus\u00f3 Baradel.<\/p>\n<p>En esa l\u00ednea, sostuvo: \u201cMe gustar\u00eda que le dijera a los docentes que fueron ayer, conmigo, por qu\u00e9 no pueden cobrar su salario desde el mes de abril y por qu\u00e9 tiene al d\u00eda, por ejemplo, pagos a empresas como la de Paolo Roca en la provincia, o por qu\u00e9 no arregla las escuelas, o se ocupan de resolver los hechos de corrupci\u00f3n\u201d.<\/p>\n<p>Por otro lado, en cuanto a las palabras espec\u00edficas del funcionario sciolista, sobre que los paros y movilizaciones docentes ten\u00edan que ver con una intenci\u00f3n de demostrar poder, el representante de SUTEBA, coment\u00f3: \u201cEn primer lugar le pregunto a usted o alg\u00fan ciudadano de la provincia de Buenos Aires, si cree realmente que yo tengo la necesidad de demostrar que puedo convocar a un paro. La segunda cuesti\u00f3n, es que el tema de la pol\u00edtica a m\u00ed no me descalifica, creo que la pol\u00edtica sirve para transformar la realidad y mejorar la calidad de vida de la gente\u201d.<\/p>\n<p>Profundizando su disgusto con la pol\u00edtica provincial, retruc\u00f3 e ironiz\u00f3 las declaraciones de Nora de Luc\u00eda, afirmando que \u201cvergonzoso es que no le paguen a los docentes, que no arreglen las escuelas y que los chicos no puedan ir. Es vergonzoso llegar a un paro de 48 horas a fin del ciclo lectivo porque el gobierno no cumple con lo b\u00e1sico, es lamentable\u201d.<\/p>\n<p>\u201cNo pueden sostener una argumentaci\u00f3n. No pudo contestar por qu\u00e9 no pagan a los docentes\u201d, indic\u00f3 y volvi\u00f3 a disparar contra el Jefe de Gabinete: \u201cMe llama la atenci\u00f3n los argumentos que utiliz\u00f3 Alberto P\u00e9rez, porque son los mismos argumentos que tuvo Ricardo Roa, editor de Clar\u00edn, hace una semana, diciendo que soy parte del partido de Sabbatella, sin ning\u00fan tipo de reparos\u201d.<\/p>\n<p>Siguiendo con las respuestas, expuso que \u201cme quieren involucrar en un tema complejo, en un momento en el que se est\u00e1 debatiendo la ley de medios en la Argentina. No lo escuch\u00e9 a Alberto P\u00e9rez en ning\u00fan momento hacer una defensa del cumplimiento de una ley en la Argentina, s\u00ed lo escuch\u00e9 descalificar a los docentes y eso deja mucho que pensar\u201d.<\/p>\n<p>Por \u00faltimo, culmin\u00f3 que \u201cel 7 de diciembre es muy importante en tanto y en cuanto la justicia estableci\u00f3 el cumplimiento de la ley de medios\u201d.<\/p>\n","protected":false},"excerpt":{"rendered":"<p>El Secretario General de SUTEBA, Roberto Baradel, volvi\u00f3 a manifestar sus fuertes diferencias con el Jefe de Gabinete provincial, Alberto P\u00e9rez, y expres\u00f3 que su forma de ver la pol\u00edtica \u201cpuede estar m\u00e1s relacionada con quienes hacen negocios\u201d.<\/p>\n","protected":false},"author":4,"featured_media":0,"comment_status":"open","ping_status":"open","sticky":false,"template":"","format":"standard","meta":{"_jetpack_newsletter_access":"","_jetpack_dont_email_post_to_subs":false,"_jetpack_newsletter_tier_id":0,"_jetpack_memberships_contains_paywalled_content":false,"_jetpack_memberships_contains_paid_content":false,"footnotes":""},"categories":[1],"tags":[],"class_list":["post-6302","post","type-post","status-publish","format-standard","hentry","category-sociedad"],"jetpack_featured_media_url":"","jetpack_shortlink":"https:\/\/wp.me\/p2JWE0-1DE","jetpack-related-posts":[{"id":19343,"url":"https:\/\/www.24baires.com\/?p=19343","url_meta":{"origin":6302,"position":0},"title":"P\u00e9rez sobre los docentes: \u00abest\u00e1n m\u00e1s cerca de un acto destituyente que de un reclamo salarial\u00bb","author":"AF","date":"25\/03\/2013","format":false,"excerpt":"El jefe de Gabinete bonaerense sali\u00f3 hoy a ponerle nafta a la disputa salarial con el Frente Gremial Docente, que anunci\u00f3 un paro de 72 horas para el 8, 9 y 10 de abril si la Provincia no reabre la paritaria. Acus\u00f3 a los dirigentes de tener \"un posicionamiento pol\u00edtico\"\u2026","rel":"","context":"En \u00abSociedad\u00bb","block_context":{"text":"Sociedad","link":"https:\/\/www.24baires.com\/?cat=1"},"img":{"alt_text":"p\u00e9rez alberto","src":"https:\/\/i0.wp.com\/www.24baires.com\/wp-content\/uploads\/2013\/03\/p%C3%A9rez-alberto.jpg?resize=350%2C200","width":350,"height":200,"srcset":"https:\/\/i0.wp.com\/www.24baires.com\/wp-content\/uploads\/2013\/03\/p%C3%A9rez-alberto.jpg?resize=350%2C200 1x, https:\/\/i0.wp.com\/www.24baires.com\/wp-content\/uploads\/2013\/03\/p%C3%A9rez-alberto.jpg?resize=525%2C300 1.5x"},"classes":[]},{"id":59075,"url":"https:\/\/www.24baires.com\/?p=59075","url_meta":{"origin":6302,"position":1},"title":"P\u00e9rez y Baradel se reunieron con la CTA provincial","author":"GB","date":"23\/12\/2014","format":false,"excerpt":"El jefe de Gabinete, Alberto P\u00e9rez, encabez\u00f3 una reuni\u00f3n de trabajo en la que junto al Ministro de Salud, Alejandro Collia; la Directora General de Cultura y Educaci\u00f3n, Nora De Luc\u00eda; la ministra de Econom\u00eda, Silvina Batakis; el titular de la cartera de Trabajo, Oscar Cuartango y el secretario de\u2026","rel":"","context":"En \u00abPol\u00edtica\u00bb","block_context":{"text":"Pol\u00edtica","link":"https:\/\/www.24baires.com\/?cat=51"},"img":{"alt_text":"","src":"","width":0,"height":0},"classes":[]},{"id":19352,"url":"https:\/\/www.24baires.com\/?p=19352","url_meta":{"origin":6302,"position":2},"title":"Baradel acusa a Alberto P\u00e9rez de estar \u201cdesequilibrado y fuera de control\u201d","author":"AF","date":"26\/03\/2013","format":false,"excerpt":"Luego de que el jefe de gabinete bonaerense calificara la\u00a0\u201cactitud de los docentes como destituyente\u201d contra el gobernador Scioli, el titular de SUTEBA recogi\u00f3 el guante y peg\u00f3 duro contra el funcionario provincial. En declaraciones period\u00edsticas al programa Plan M, que se emite por Canal 26, Baradel dispar\u00f3 contra el\u2026","rel":"","context":"En \u00abSociedad\u00bb","block_context":{"text":"Sociedad","link":"https:\/\/www.24baires.com\/?cat=1"},"img":{"alt_text":"","src":"","width":0,"height":0},"classes":[]},{"id":5693,"url":"https:\/\/www.24baires.com\/?p=5693","url_meta":{"origin":6302,"position":3},"title":"Docentes y gobierno provincial se siguen tirando con munici\u00f3n gruesa","author":"Grupo Sierra","date":"16\/11\/2012","format":false,"excerpt":"Desde Suteba reiteraron que unos mil maestros a\u00fan no cobraron salarios adeudados desde abril y criticaron la gesti\u00f3n provincial. De Luc\u00eda insisti\u00f3 en que el paro es \"vergonzoso\". \u201cAl ministro le faltan argumentos para defender la gesti\u00f3n y por eso recurre a chicanas para desviar la atenci\u00f3n de lo que\u2026","rel":"","context":"En \u00abProvincia\u00bb","block_context":{"text":"Provincia","link":"https:\/\/www.24baires.com\/?cat=40"},"img":{"alt_text":"","src":"","width":0,"height":0},"classes":[]},{"id":24909,"url":"https:\/\/www.24baires.com\/?p=24909","url_meta":{"origin":6302,"position":4},"title":"Alberto P\u00e9rez anunci\u00f3 que frenaron la denuncia penal contra Baradel y Petrocini","author":"AF","date":"02\/06\/2013","format":false,"excerpt":"El gobierno de la provincia de Buenos Aires dio marcha atr\u00e1s en su decisi\u00f3n de realizar una denuncia penal contra los referentes del Frente Gremial Docente, Roberto Baradel(Suteba) y Mirta Petrocini(Feb). As\u00ed lo comunic\u00f3 el jefe de Gabinete, Albero P\u00e9rez, a trav\u00e9s de su cuenta de twitter. El funcionario public\u00f3:\u2026","rel":"","context":"En \u00abSociedad\u00bb","block_context":{"text":"Sociedad","link":"https:\/\/www.24baires.com\/?cat=1"},"img":{"alt_text":"baradel petrocini","src":"https:\/\/i0.wp.com\/www.24baires.com\/wp-content\/uploads\/2013\/01\/baradel-petrocini.png?resize=350%2C200","width":350,"height":200},"classes":[]},{"id":42068,"url":"https:\/\/www.24baires.com\/?p=42068","url_meta":{"origin":6302,"position":5},"title":"Los docentes no vuelven \u00abhasta que la oferta no mejore\u00bb","author":"Grupo Sierra","date":"13\/03\/2014","format":false,"excerpt":"Los maestros nucleados en la Federaci\u00f3n de Educadores Bonaerenses (FEB) confirmaron la continuidad del paro. El paro de los docentes se mantendr\u00e1 vigente seg\u00fan lo aprob\u00f3 esta tarde la Federaci\u00f3n de Trabajadores Bonaerenses (FEB). No volver\u00e1n a las aulas a dar clases hasta que la oferta del gobierno provincial no\u2026","rel":"","context":"En \u00abPol\u00edtica\u00bb","block_context":{"text":"Pol\u00edtica","link":"https:\/\/www.24baires.com\/?cat=51"},"img":{"alt_text":"docentes bonaerenses","src":"https:\/\/i0.wp.com\/www.24baires.com\/wp-content\/uploads\/2014\/02\/docentes-bonaerenses.jpg?resize=350%2C200","width":350,"height":200,"srcset":"https:\/\/i0.wp.com\/www.24baires.com\/wp-content\/uploads\/2014\/02\/docentes-bonaerenses.jpg?resize=350%2C200 1x, https:\/\/i0.wp.com\/www.24baires.com\/wp-content\/uploads\/2014\/02\/docentes-bonaerenses.jpg?resize=525%2C300 1.5x"},"classes":[]}],"jetpack_sharing_enabled":true,"jetpack_likes_enabled":true,"_links":{"self":[{"href":"https:\/\/www.24baires.com\/index.php?rest_route=\/wp\/v2\/posts\/6302","targetHints":{"allow":["GET"]}}],"collection":[{"href":"https:\/\/www.24baires.com\/index.php?rest_route=\/wp\/v2\/posts"}],"about":[{"href":"https:\/\/www.24baires.com\/index.php?rest_route=\/wp\/v2\/types\/post"}],"author":[{"embeddable":true,"href":"https:\/\/www.24baires.com\/index.php?rest_route=\/wp\/v2\/users\/4"}],"replies":[{"embeddable":true,"href":"https:\/\/www.24baires.com\/index.php?rest_route=%2Fwp%2Fv2%2Fcomments&post=6302"}],"version-history":[{"count":3,"href":"https:\/\/www.24baires.com\/index.php?rest_route=\/wp\/v2\/posts\/6302\/revisions"}],"predecessor-version":[{"id":6308,"href":"https:\/\/www.24baires.com\/index.php?rest_route=\/wp\/v2\/posts\/6302\/revisions\/6308"}],"wp:attachment":[{"href":"https:\/\/www.24baires.com\/index.php?rest_route=%2Fwp%2Fv2%2Fmedia&parent=6302"}],"wp:term":[{"taxonomy":"category","embeddable":true,"href":"https:\/\/www.24baires.com\/index.php?rest_route=%2Fwp%2Fv2%2Fcategories&post=6302"},{"taxonomy":"post_tag","embeddable":true,"href":"https:\/\/www.24baires.com\/index.php?rest_route=%2Fwp%2Fv2%2Ftags&post=6302"}],"curies":[{"name":"wp","href":"https:\/\/api.w.org\/{rel}","templated":true}]}}