{"id":6297,"date":"2012-11-21T21:43:32","date_gmt":"2012-11-22T00:43:32","guid":{"rendered":"http:\/\/www.24baires.com\/?p=6297"},"modified":"2012-11-21T21:43:32","modified_gmt":"2012-11-22T00:43:32","slug":"el-senado-buscara-garantizar-las-fuentes-de-trabajo-en-la-cooperativa-que-regenta-la-siam","status":"publish","type":"post","link":"https:\/\/www.24baires.com\/?p=6297","title":{"rendered":"El Senado buscar\u00e1 garantizar las fuentes de trabajo en la cooperativa que regenta la Siam"},"content":{"rendered":"<p>El vicegobernador Gabriel Mariotto se comprometi\u00f3 ante el intendente de Avellaneda, Jorge Ferraresi a promover una iniciativa parlamentaria que permita recomponer la situaci\u00f3n financiera y mantener los puestos laborales de la hist\u00f3rica empresa nacional. La f\u00e1brica est\u00e1 en manos de una cooperativa.\u00a0<!--more--><\/p>\n<p>El intendente Jorge Ferraresi agradeci\u00f3 al vicegobernador su preocupaci\u00f3n por la situaci\u00f3n de la f\u00e1brica de Avellaneda, hoy en manos de una cooperativa de trabajadores, y asegur\u00f3 que la vuelta de Siam a la producci\u00f3n en escala es fundamental para el sostenimiento del crecimiento econ\u00f3mico que se lleva adelante en el distrito.<\/p>\n<p>El encuentro entre Mariotto y Ferraresi tuvo lugar hoy en el anexo de la C\u00e1mara alta para analizar medidas que garanticen la estabilidad de los trabajadores de la tradicional empresa.<\/p>\n<p>El jefe comunal expuso la situaci\u00f3n de la planta y pidi\u00f3 concretamente que la Legislatura impulse el tratamiento de un proyecto que permite la inversi\u00f3n de capitales privados en la compa\u00f1\u00eda.<\/p>\n<p>En respuesta, Mariotto se comprometi\u00f3 a promover el tratamiento de una iniciativa que responda a la solicitud del intendente, con el prop\u00f3sito de asegurar el mantenimiento de los puestos de trabajos actuales y aumentar la capacidad productiva.<\/p>\n<p>\u201cSe trata del trabajo de muchos compa\u00f1eros de Avellaneda y distritos vecinos, as\u00ed que vamos a impulsar su discusi\u00f3n lo m\u00e1s pronto posible\u201d, prometi\u00f3 el presidente del Senado.<\/p>\n<p>La planta de Pi\u00f1eyro cuenta en la actualidad con poco m\u00e1s de cien obreros, tiene graves problemas financieros y padece desde hace a\u00f1os una merma en la producci\u00f3n que la pone al borde del cierre definitivo.<\/p>\n<p>La iniciativa para permitir la inversi\u00f3n de capital privado en la compa\u00f1\u00eda est\u00e1 siendo analizada por la presidente del bloque de senadores del FpV-PJ, Cristina Fioramonti, quien prev\u00e9 poder presentar un proyecto parlamentario en los pr\u00f3ximos d\u00edas.<\/p>\n<p>El objetivo no es s\u00f3lo mantener los actuales puestos de trabajo, sino recuperar la capacidad de fabricaci\u00f3n de electrodom\u00e9sticos (actualmente est\u00e1 limitada a la de piezas para artefactos del hogar) para aumentar la demanda de mano de obra, explicaron desde el bloque oficialista.<\/p>\n<p>&nbsp;<\/p>\n<p>&nbsp;<\/p>\n<p>&nbsp;<\/p>\n<p>&nbsp;<\/p>\n<p>&nbsp;<\/p>\n<p>&nbsp;<\/p>\n<p>&nbsp;<\/p>\n<p>&nbsp;<\/p>\n<p>&nbsp;<\/p>\n<p>&nbsp;<\/p>\n<p>&nbsp;<\/p>\n<p>&nbsp;<\/p>\n<p>&nbsp;<\/p>\n<p>&nbsp;<\/p>\n<p>&nbsp;<\/p>\n<p>&nbsp;<\/p>\n<p>&nbsp;<\/p>\n","protected":false},"excerpt":{"rendered":"<p>El vicegobernador Gabriel Mariotto se comprometi\u00f3 ante el intendente de Avellaneda, Jorge Ferraresi a promover una iniciativa parlamentaria que permita recomponer la situaci\u00f3n financiera y mantener los puestos laborales de la hist\u00f3rica empresa nacional. La f\u00e1brica est\u00e1 en manos de una cooperativa.\u00a0<\/p>\n","protected":false},"author":11,"featured_media":0,"comment_status":"open","ping_status":"open","sticky":false,"template":"","format":"standard","meta":{"_jetpack_newsletter_access":"","_jetpack_dont_email_post_to_subs":false,"_jetpack_newsletter_tier_id":0,"_jetpack_memberships_contains_paywalled_content":false,"_jetpack_memberships_contains_paid_content":false,"footnotes":""},"categories":[1],"tags":[],"class_list":["post-6297","post","type-post","status-publish","format-standard","hentry","category-sociedad"],"jetpack_featured_media_url":"","jetpack_shortlink":"https:\/\/wp.me\/p2JWE0-1Dz","jetpack-related-posts":[{"id":34802,"url":"https:\/\/www.24baires.com\/?p=34802","url_meta":{"origin":6297,"position":0},"title":"Ferraresi asegur\u00f3 que cuando Cristina regrese habr\u00e1 \u00abmedidas sorpresa\u00bb","author":"GB","date":"07\/11\/2013","format":false,"excerpt":"El Intendente de Avellaneda adelant\u00f3 que el Gobierno Nacional trabaja en nuevas iniciativas que ser\u00e1n anunciadas en las pr\u00f3ximas semanas. Su distrito ser\u00eda el elegido para el primer acto oficial de la Presidenta, en la planta de Siam, actividad que fue suspendida antes de los problemas de salud de la\u2026","rel":"","context":"En \u00abPol\u00edtica\u00bb","block_context":{"text":"Pol\u00edtica","link":"https:\/\/www.24baires.com\/?cat=51"},"img":{"alt_text":"","src":"","width":0,"height":0},"classes":[]},{"id":14369,"url":"https:\/\/www.24baires.com\/?p=14369","url_meta":{"origin":6297,"position":1},"title":"Gran crecimiento industrial en Avellaneda","author":"AF","date":"02\/02\/2013","format":false,"excerpt":"\u201cEn 2012 el crecimiento industrial en Avellaneda fue de 37,5 por ciento y este a\u00f1o seguimos con el mismo proceso de desarrollo\u201d, dijo el jefe comunal de Jorge Ferraresi, al presentar la ampliaci\u00f3n realizada en una empresa donde se producen envases y l\u00e1minas pl\u00e1sticas en Sarand\u00ed. El intendente de Avellaneda,\u2026","rel":"","context":"En \u00abLocales\u00bb","block_context":{"text":"Locales","link":"https:\/\/www.24baires.com\/?cat=38"},"img":{"alt_text":"ferraresi avellaneda","src":"https:\/\/i0.wp.com\/www.24baires.com\/wp-content\/uploads\/2012\/10\/ferraresi-avellaneda-300x187.jpg?resize=350%2C200","width":350,"height":200},"classes":[]},{"id":78408,"url":"https:\/\/www.24baires.com\/?p=78408","url_meta":{"origin":6297,"position":2},"title":"Siam ech\u00f3 a 80 trabajadores de su planta de Avellaneda","author":"GB","date":"01\/02\/2016","format":false,"excerpt":"El ajuste no s\u00f3lo se multiplica por los sectores estatales sino tambi\u00e9n en el \u00e1mbito privado. En abril de 2014, la entonces presidenta Cristina Kirchner junto con quien era el gobernador bonaerense Daniel Scioli anunciaban la reapertura de la hist\u00f3rica f\u00e1brica de heladeras Siam, en el partido de Avellaneda. El\u2026","rel":"","context":"En \u00abLocales\u00bb","block_context":{"text":"Locales","link":"https:\/\/www.24baires.com\/?cat=38"},"img":{"alt_text":"siam despidos","src":"https:\/\/i0.wp.com\/www.24baires.com\/wp-content\/uploads\/2016\/02\/siam-despidos.jpg?resize=350%2C200","width":350,"height":200,"srcset":"https:\/\/i0.wp.com\/www.24baires.com\/wp-content\/uploads\/2016\/02\/siam-despidos.jpg?resize=350%2C200 1x, https:\/\/i0.wp.com\/www.24baires.com\/wp-content\/uploads\/2016\/02\/siam-despidos.jpg?resize=525%2C300 1.5x"},"classes":[]},{"id":32523,"url":"https:\/\/www.24baires.com\/?p=32523","url_meta":{"origin":6297,"position":3},"title":"Ferraresi asegur\u00f3 que Alicia Kirchner \u00abrepresenta el coraz\u00f3n de este Gobierno\u201d","author":"GB","date":"26\/09\/2013","format":false,"excerpt":"AVELLANEDA-\u00a0La ministra de Desarrollo de Naci\u00f3n junto al jefe comunal visitaron obras que fueron realizadas por cooperativistas, que pertenecen al programa \"Argentina Trabaja\" en la Isla Maciel. \u201cSeguiremos trabajando por la defensa de los derechos del pueblo, para fortalecerlos todos los d\u00edas y mejorar. Elegimos al pueblo\u201d, sostuvo la funcionaria\u2026","rel":"","context":"En \u00abLocales\u00bb","block_context":{"text":"Locales","link":"https:\/\/www.24baires.com\/?cat=38"},"img":{"alt_text":"Alicia K en avellaneda","src":"https:\/\/i0.wp.com\/www.24baires.com\/wp-content\/uploads\/2013\/09\/Alicia-K-en-avellaneda-300x190.jpg?resize=350%2C200","width":350,"height":200},"classes":[]},{"id":116507,"url":"https:\/\/www.24baires.com\/?p=116507","url_meta":{"origin":6297,"position":4},"title":"Anuncian l\u00edneas de cr\u00e9ditos y financiamiento para PYMES","author":"AF","date":"20\/10\/2020","format":false,"excerpt":"Ferraresi y Sergio Massa participaron del anuncio de l\u00edneas de cr\u00e9ditos y financiamiento para PYMES. En la empresa Bandex S.A, de Gerli, se llev\u00f3 a cabo el anuncio de dos l\u00edneas de financiamiento y cr\u00e9ditos para inversi\u00f3n productiva y para internacionalizaci\u00f3n de PYMES, del BICE. Dicha inversi\u00f3n tiene como objetivo\u2026","rel":"","context":"En \u00abSociedad\u00bb","block_context":{"text":"Sociedad","link":"https:\/\/www.24baires.com\/?cat=1"},"img":{"alt_text":"","src":"https:\/\/i0.wp.com\/www.24baires.com\/wp-content\/uploads\/2020\/10\/massa-kulfas-pymes1jpg.jpg?resize=350%2C200","width":350,"height":200,"srcset":"https:\/\/i0.wp.com\/www.24baires.com\/wp-content\/uploads\/2020\/10\/massa-kulfas-pymes1jpg.jpg?resize=350%2C200 1x, https:\/\/i0.wp.com\/www.24baires.com\/wp-content\/uploads\/2020\/10\/massa-kulfas-pymes1jpg.jpg?resize=525%2C300 1.5x"},"classes":[]},{"id":6082,"url":"https:\/\/www.24baires.com\/?p=6082","url_meta":{"origin":6297,"position":5},"title":"Ferraresi inaugur\u00f3 el polideportivo de Avellaneda acompa\u00f1ado por Grondona","author":"AF","date":"20\/11\/2012","format":false,"excerpt":"En el municipio de Avellaneda, el jefe comunal Jorge Ferraresi, inaugur\u00f3 las obras realizadas en el polideportivo Participar de Villa Corina, y en su discurso expres\u00f3 que \"trabajamos para recuperar espacios con poca infraestructura por la inclusi\u00f3n de los chicos\". Cont\u00f3 con la compa\u00f1\u00eda del titular de la AFA, Julio\u2026","rel":"","context":"En \u00abLocales\u00bb","block_context":{"text":"Locales","link":"https:\/\/www.24baires.com\/?cat=38"},"img":{"alt_text":"","src":"https:\/\/i0.wp.com\/www.24baires.com\/wp-content\/uploads\/2012\/11\/ferraresi-grondona.jpg?resize=350%2C200","width":350,"height":200},"classes":[]}],"jetpack_sharing_enabled":true,"jetpack_likes_enabled":true,"_links":{"self":[{"href":"https:\/\/www.24baires.com\/index.php?rest_route=\/wp\/v2\/posts\/6297","targetHints":{"allow":["GET"]}}],"collection":[{"href":"https:\/\/www.24baires.com\/index.php?rest_route=\/wp\/v2\/posts"}],"about":[{"href":"https:\/\/www.24baires.com\/index.php?rest_route=\/wp\/v2\/types\/post"}],"author":[{"embeddable":true,"href":"https:\/\/www.24baires.com\/index.php?rest_route=\/wp\/v2\/users\/11"}],"replies":[{"embeddable":true,"href":"https:\/\/www.24baires.com\/index.php?rest_route=%2Fwp%2Fv2%2Fcomments&post=6297"}],"version-history":[{"count":3,"href":"https:\/\/www.24baires.com\/index.php?rest_route=\/wp\/v2\/posts\/6297\/revisions"}],"predecessor-version":[{"id":6300,"href":"https:\/\/www.24baires.com\/index.php?rest_route=\/wp\/v2\/posts\/6297\/revisions\/6300"}],"wp:attachment":[{"href":"https:\/\/www.24baires.com\/index.php?rest_route=%2Fwp%2Fv2%2Fmedia&parent=6297"}],"wp:term":[{"taxonomy":"category","embeddable":true,"href":"https:\/\/www.24baires.com\/index.php?rest_route=%2Fwp%2Fv2%2Fcategories&post=6297"},{"taxonomy":"post_tag","embeddable":true,"href":"https:\/\/www.24baires.com\/index.php?rest_route=%2Fwp%2Fv2%2Ftags&post=6297"}],"curies":[{"name":"wp","href":"https:\/\/api.w.org\/{rel}","templated":true}]}}