{"id":6293,"date":"2012-11-21T21:36:49","date_gmt":"2012-11-22T00:36:49","guid":{"rendered":"http:\/\/www.24baires.com\/?p=6293"},"modified":"2012-11-21T21:36:49","modified_gmt":"2012-11-22T00:36:49","slug":"las-mujeres-fuente-de-inspiracion-para-el-gobernador","status":"publish","type":"post","link":"https:\/\/www.24baires.com\/?p=6293","title":{"rendered":"Las mujeres \u00abfuente de inspiraci\u00f3n\u00bb para el Gobernador"},"content":{"rendered":"<p><img data-recalc-dims=\"1\" loading=\"lazy\" decoding=\"async\" class=\"aligncenter size-full wp-image-6294\" title=\"scioli mujeres\" src=\"https:\/\/i0.wp.com\/www.24baires.com\/wp-content\/uploads\/2012\/11\/scioli-mujeres.jpg?resize=560%2C372\" alt=\"\" width=\"560\" height=\"372\" srcset=\"https:\/\/i0.wp.com\/www.24baires.com\/wp-content\/uploads\/2012\/11\/scioli-mujeres.jpg?w=560&amp;ssl=1 560w, https:\/\/i0.wp.com\/www.24baires.com\/wp-content\/uploads\/2012\/11\/scioli-mujeres.jpg?resize=300%2C199&amp;ssl=1 300w\" sizes=\"auto, (max-width: 560px) 100vw, 560px\" \/><\/p>\n<p>El gobernador Daniel Scioli brind\u00f3 hoy un especial reconocimiento a mujeres relevantes del siglo XXI y destac\u00f3 sus \u201ccondiciones de fuente de inspiraci\u00f3n y capacidades emprendedoras\u201d, al encabezar la Jornada sobre \u201cEl Rol de la Mujer en el Fortalecimiento Productivo, en la Casa de Gobierno.<!--more--><\/p>\n<p>Scioli puso en valor \u201cel sacrificio y esfuerzo\u201d de las mujeres \u201cen momentos en el que queremos transmitir un mensaje contra la violencia de g\u00e9nero y en favor de la igualdad de oportunidades\u201d, y destac\u00f3 \u201clos logros que consiguieron a trav\u00e9s del esfuerzo, dedicaci\u00f3n y trabajo en equipo\u201d.<\/p>\n<p>Expres\u00f3 tambi\u00e9n que \u201ces un honor\u201d tener en su equipo de gobierno a mujeres en las que conf\u00edo grandes responsabilidades y dijo que \u201cson las que m\u00e1s se animan y honran todos los d\u00edas con su trabajo mis expectativas\u201d.<\/p>\n<p>Las distinciones por su aporte al fortalecimiento del rol de la Mujer recayeron en Sandra Mihanovich (cantautora), Mar\u00eda Laura Teruel (empresaria), Andrea Grobocopatel (empresaria), Liliana L\u00f3pez de Caro (dirigente f\u00e1bricas recuperadas), Lidia Urdinez (empresaria), Carolina Castro (empresaria), integrantes del seleccionado argentino de hockey \u201cLas Leonas\u201d, Ricky Sarkany (empresario), Unilever (empresa), y Jorgelina Bertoni (ex deportistas-dirigente deportiva).<\/p>\n<p>Durante la jornada se distinguieron a mujeres relevantes del siglo XXI, entre las que se destacan las integrantes del seleccionado de Hockey Femenino \u201cLas Leonas\u201d, la reconocida m\u00fasica nacional Sandra Mihanovich, y el empresario y conocedor del esp\u00edritu femenino, Ricky Sarkany.<\/p>\n<p>Participaron el presidente de la Uni\u00f3n Industrial Argentina (UIA), Jos\u00e9 De Mendiguren; el titular de la Federaci\u00f3n Econ\u00f3mica de la Provincia, Ra\u00fal Lamachia; las ministras Cristina \u00c1lvarez Rodr\u00edguez (Gobierno) y Nora De Luc\u00eda (Educaci\u00f3n), adem\u00e1s de Cristian Breintenstein (Producci\u00f3n); y los secretarios Ignacio Crotto (Turismo) y Eduardo Aparicio (Espacio P\u00fablico), entre otros.<\/p>\n","protected":false},"excerpt":{"rendered":"<p>El gobernador Daniel Scioli brind\u00f3 hoy un especial reconocimiento a mujeres relevantes del siglo XXI y destac\u00f3 sus \u201ccondiciones de fuente de inspiraci\u00f3n y capacidades emprendedoras\u201d, al encabezar la Jornada sobre \u201cEl Rol de la Mujer en el Fortalecimiento Productivo, en la Casa de Gobierno.<\/p>\n","protected":false},"author":11,"featured_media":0,"comment_status":"open","ping_status":"open","sticky":false,"template":"","format":"standard","meta":{"_jetpack_newsletter_access":"","_jetpack_dont_email_post_to_subs":false,"_jetpack_newsletter_tier_id":0,"_jetpack_memberships_contains_paywalled_content":false,"_jetpack_memberships_contains_paid_content":false,"footnotes":""},"categories":[40],"tags":[],"class_list":["post-6293","post","type-post","status-publish","format-standard","hentry","category-provincia"],"jetpack_featured_media_url":"","jetpack_shortlink":"https:\/\/wp.me\/p2JWE0-1Dv","jetpack-related-posts":[{"id":41723,"url":"https:\/\/www.24baires.com\/?p=41723","url_meta":{"origin":6293,"position":0},"title":"Macri y las pol\u00edticas sobre violencia de g\u00e9nero, parte II","author":"Grupo Sierra","date":"07\/03\/2014","format":false,"excerpt":"En la antesala del D\u00eda de la Mujer, la exlegisladora Silvia La Ruffa sostuvo que el Ejecutivo de la Provincia \"cre\u00f3 m\u00e1s de 40 comisar\u00edas de la Mujeres y la Familia\", en contraposici\u00f3n a lo que sucede en el distrito porte\u00f1o. En un encuentro femenino que sirvi\u00f3 para conmemorar el\u2026","rel":"","context":"En \u00abSociedad\u00bb","block_context":{"text":"Sociedad","link":"https:\/\/www.24baires.com\/?cat=1"},"img":{"alt_text":"macri fe\u00edto","src":"https:\/\/i0.wp.com\/www.24baires.com\/wp-content\/uploads\/2012\/12\/macri-fe%C3%ADto.jpg?resize=350%2C200","width":350,"height":200,"srcset":"https:\/\/i0.wp.com\/www.24baires.com\/wp-content\/uploads\/2012\/12\/macri-fe%C3%ADto.jpg?resize=350%2C200 1x, https:\/\/i0.wp.com\/www.24baires.com\/wp-content\/uploads\/2012\/12\/macri-fe%C3%ADto.jpg?resize=525%2C300 1.5x"},"classes":[]},{"id":101122,"url":"https:\/\/www.24baires.com\/?p=101122","url_meta":{"origin":6293,"position":1},"title":"Indagar\u00e1n a Scioli por irregularidades en la construcci\u00f3n de las UPA 24","author":"AF","date":"17\/03\/2018","format":false,"excerpt":"El ex gobernador Daniel Scioli y quien fuera su ministro de Salud, Alejandro Collia, fueron imputados y citados a prestar declaraci\u00f3n indagatoria en el marco de una causa que investiga presuntas irregularidades en la adjudicaci\u00f3n de ocho Unidades de Pronta Atenci\u00f3n (UPA 24) para las que se destinaron m\u00e1s de\u2026","rel":"","context":"En \u00abJUDICIALES\u00bb","block_context":{"text":"JUDICIALES","link":"https:\/\/www.24baires.com\/?cat=68"},"img":{"alt_text":"","src":"https:\/\/i0.wp.com\/www.24baires.com\/wp-content\/uploads\/2014\/05\/Daniel-Scioli.jpg?resize=350%2C200","width":350,"height":200,"srcset":"https:\/\/i0.wp.com\/www.24baires.com\/wp-content\/uploads\/2014\/05\/Daniel-Scioli.jpg?resize=350%2C200 1x, https:\/\/i0.wp.com\/www.24baires.com\/wp-content\/uploads\/2014\/05\/Daniel-Scioli.jpg?resize=525%2C300 1.5x"},"classes":[]},{"id":49016,"url":"https:\/\/www.24baires.com\/?p=49016","url_meta":{"origin":6293,"position":2},"title":"Scioli ya juega con una agrupaci\u00f3n femenina","author":"Grupo Sierra","date":"30\/06\/2014","format":false,"excerpt":"Al igual que el massismo, el espacio que lidera Daniel Scioli tendr\u00e1 su sector femenino, Las \u00d1atas, en alusi\u00f3n al equipo de f\u00fatsal que tiene el Gobernador Una de las caracter\u00edsticas de los funcionarios sciolistas ha sido la creaci\u00f3n de las agrupaciones que bancan al mandatario provincial. La Juan Domingo,\u2026","rel":"","context":"En \u00abElecciones 2015\u00bb","block_context":{"text":"Elecciones 2015","link":"https:\/\/www.24baires.com\/?cat=74"},"img":{"alt_text":"scioli 2015","src":"https:\/\/i0.wp.com\/www.24baires.com\/wp-content\/uploads\/2014\/06\/scioli-2015.jpg?resize=350%2C200","width":350,"height":200,"srcset":"https:\/\/i0.wp.com\/www.24baires.com\/wp-content\/uploads\/2014\/06\/scioli-2015.jpg?resize=350%2C200 1x, https:\/\/i0.wp.com\/www.24baires.com\/wp-content\/uploads\/2014\/06\/scioli-2015.jpg?resize=525%2C300 1.5x"},"classes":[]},{"id":33229,"url":"https:\/\/www.24baires.com\/?p=33229","url_meta":{"origin":6293,"position":3},"title":"Alberto P\u00e9rez destac\u00f3 la figura de la Presidenta","author":"GB","date":"08\/10\/2013","format":false,"excerpt":"El Jefe de Gabinete bonaerense, Alberto P\u00e9rez subray\u00f3 los valores de la Presidenta Cristina Fern\u00e1ndez de Kirchner \"como protagonista de la democracia de este tiempo, que no ahorra nada para estar al frente de la Rep\u00fablica: su tiempo, su esfuerzo, su capacidad y su salud. Un reconocimiento a esta mujer\u2026","rel":"","context":"En \u00abPol\u00edtica\u00bb","block_context":{"text":"Pol\u00edtica","link":"https:\/\/www.24baires.com\/?cat=51"},"img":{"alt_text":"alberto perez","src":"https:\/\/i0.wp.com\/www.24baires.com\/wp-content\/uploads\/2013\/10\/alberto-perez.jpg?resize=350%2C200","width":350,"height":200,"srcset":"https:\/\/i0.wp.com\/www.24baires.com\/wp-content\/uploads\/2013\/10\/alberto-perez.jpg?resize=350%2C200 1x, https:\/\/i0.wp.com\/www.24baires.com\/wp-content\/uploads\/2013\/10\/alberto-perez.jpg?resize=525%2C300 1.5x"},"classes":[]},{"id":46153,"url":"https:\/\/www.24baires.com\/?p=46153","url_meta":{"origin":6293,"position":4},"title":"Scioli: \u00abel pa\u00eds est\u00e1 en una inmejorable situaci\u00f3n para el desarrollo\u00bb","author":"GB","date":"17\/05\/2014","format":false,"excerpt":"El gobernador de la provincia de Buenos Aires, Daniel Scioli, consider\u00f3 que el pa\u00eds se encuentra en \"condiciones\" de alcanzar materias pendientes, y en ese sentido, resalt\u00f3 que est\u00e1 \"en una inmejorable situaci\u00f3n para el desarrollo\". El gobernador de la provincia de Buenos Aires, Daniel Scioli, asegur\u00f3 que el pa\u00eds\u2026","rel":"","context":"En \u00abPol\u00edtica\u00bb","block_context":{"text":"Pol\u00edtica","link":"https:\/\/www.24baires.com\/?cat=51"},"img":{"alt_text":"scioli prensa","src":"https:\/\/i0.wp.com\/www.24baires.com\/wp-content\/uploads\/2013\/11\/scioli-prensa.jpg?resize=350%2C200","width":350,"height":200,"srcset":"https:\/\/i0.wp.com\/www.24baires.com\/wp-content\/uploads\/2013\/11\/scioli-prensa.jpg?resize=350%2C200 1x, https:\/\/i0.wp.com\/www.24baires.com\/wp-content\/uploads\/2013\/11\/scioli-prensa.jpg?resize=525%2C300 1.5x"},"classes":[]},{"id":102717,"url":"https:\/\/www.24baires.com\/?p=102717","url_meta":{"origin":6293,"position":5},"title":"Stolbizer: \u00abLa gesti\u00f3n de Vidal es tan mala como la de Scioli\u00bb","author":"GB","date":"13\/06\/2018","format":false,"excerpt":"La l\u00edder del GEN endureci\u00f3 su discurso contra la Gobernadora y afirm\u00f3 que \"no puede mostrar avances\" en educaci\u00f3n, salud y seguridad. Margarita Stolbizer abandon\u00f3 el discurso conciliador con Mar\u00eda Eugenia Vidal y afirm\u00f3 que su gesti\u00f3n \"es tan mala\" como la de su antecesor Daniel Scioli. Durante una visita\u2026","rel":"","context":"En \u00abPol\u00edtica\u00bb","block_context":{"text":"Pol\u00edtica","link":"https:\/\/www.24baires.com\/?cat=51"},"img":{"alt_text":"","src":"https:\/\/i0.wp.com\/www.24baires.com\/wp-content\/uploads\/2016\/08\/vidal-stolbizer.jpg?resize=350%2C200","width":350,"height":200,"srcset":"https:\/\/i0.wp.com\/www.24baires.com\/wp-content\/uploads\/2016\/08\/vidal-stolbizer.jpg?resize=350%2C200 1x, https:\/\/i0.wp.com\/www.24baires.com\/wp-content\/uploads\/2016\/08\/vidal-stolbizer.jpg?resize=525%2C300 1.5x"},"classes":[]}],"jetpack_sharing_enabled":true,"jetpack_likes_enabled":true,"_links":{"self":[{"href":"https:\/\/www.24baires.com\/index.php?rest_route=\/wp\/v2\/posts\/6293","targetHints":{"allow":["GET"]}}],"collection":[{"href":"https:\/\/www.24baires.com\/index.php?rest_route=\/wp\/v2\/posts"}],"about":[{"href":"https:\/\/www.24baires.com\/index.php?rest_route=\/wp\/v2\/types\/post"}],"author":[{"embeddable":true,"href":"https:\/\/www.24baires.com\/index.php?rest_route=\/wp\/v2\/users\/11"}],"replies":[{"embeddable":true,"href":"https:\/\/www.24baires.com\/index.php?rest_route=%2Fwp%2Fv2%2Fcomments&post=6293"}],"version-history":[{"count":2,"href":"https:\/\/www.24baires.com\/index.php?rest_route=\/wp\/v2\/posts\/6293\/revisions"}],"predecessor-version":[{"id":6296,"href":"https:\/\/www.24baires.com\/index.php?rest_route=\/wp\/v2\/posts\/6293\/revisions\/6296"}],"wp:attachment":[{"href":"https:\/\/www.24baires.com\/index.php?rest_route=%2Fwp%2Fv2%2Fmedia&parent=6293"}],"wp:term":[{"taxonomy":"category","embeddable":true,"href":"https:\/\/www.24baires.com\/index.php?rest_route=%2Fwp%2Fv2%2Fcategories&post=6293"},{"taxonomy":"post_tag","embeddable":true,"href":"https:\/\/www.24baires.com\/index.php?rest_route=%2Fwp%2Fv2%2Ftags&post=6293"}],"curies":[{"name":"wp","href":"https:\/\/api.w.org\/{rel}","templated":true}]}}