{"id":6274,"date":"2012-11-21T20:08:20","date_gmt":"2012-11-21T23:08:20","guid":{"rendered":"http:\/\/www.24baires.com\/?p=6274"},"modified":"2012-11-21T20:09:58","modified_gmt":"2012-11-21T23:09:58","slug":"queremos-muchos-marcelo-muchos-adrian-y-mucho-todo-opino-fito-paez-por-el-7d","status":"publish","type":"post","link":"https:\/\/www.24baires.com\/?p=6274","title":{"rendered":"\u00abQueremos muchos Marcelo, muchos Adri\u00e1n y mucho todo\u00bb opin\u00f3 Fito P\u00e1ez por el 7D"},"content":{"rendered":"<p><img data-recalc-dims=\"1\" loading=\"lazy\" decoding=\"async\" class=\"aligncenter size-full wp-image-6276\" title=\"sabbatella fito\" src=\"https:\/\/i0.wp.com\/www.24baires.com\/wp-content\/uploads\/2012\/11\/sabbatella-fito.jpg?resize=560%2C219\" alt=\"\" width=\"560\" height=\"219\" srcset=\"https:\/\/i0.wp.com\/www.24baires.com\/wp-content\/uploads\/2012\/11\/sabbatella-fito.jpg?w=560&amp;ssl=1 560w, https:\/\/i0.wp.com\/www.24baires.com\/wp-content\/uploads\/2012\/11\/sabbatella-fito.jpg?resize=300%2C117&amp;ssl=1 300w\" sizes=\"auto, (max-width: 560px) 100vw, 560px\" \/><\/p>\n<p>Esta tarde, el prestigio m\u00fasico rosarino, Fito P\u00e1ez, visit\u00f3 la sede de la Autoridad Federal de Servicios de Comunicaci\u00f3n Audiovisual (AFSCA), donde fue recibido por el titular del organismo, Mart\u00edn Sabbatella. P\u00e1ez respald\u00f3 su gesti\u00f3n y expres\u00f3 su fuerte apoyo a la Ley de Medios.<!--more--><\/p>\n<p>\u201cLo conozco a Mart\u00edn hace muchos a\u00f1os y sabemos de su integridad. Cuando me enter\u00e9 de que Cristina lo hab\u00eda convocado me pareci\u00f3 un golazo porque este momento y esta ley es fundamental. Para abrir el juego, Mart\u00edn es la persona indicada\u201d, dijo Paez al ser consultado por los periodistas.<\/p>\n<p>\u201cLa ley abre el juego y cualquier cosa que lo haga, en una Democracia, es bienvenida. Es bastante sencillo, como dicen los spots, queremos muchos Marcelo muchos Adrian y mucho todo. Despu\u00e9s, todo este engranaje se enmarcar\u00e1 dentro de las reglas del mercado, con propuestas que tengan mejor llegada unas que otras.\u201d, opin\u00f3.<\/p>\n<p>\u201cLo \u00fanico que s\u00e9 como ciudadano es que es una ley aprobada por el Congreso y hay que cumplirla. A qui\u00e9n no la cumple, hay que multarlo, penarlo, etc. No s\u00e9 porque se debate eso. Cuando hay un director de orquesta, \u00e9l lee lo que est\u00e1 en la partitura y dice lo que hay que tocar\u201d, concluy\u00f3 el m\u00fasico.<\/p>\n<p>\u201cNo conozco todos los planos de la vida pol\u00edtica, pero cuando la escuch\u00f3 a hablar a Cristina pienso que me representa. Veo en esta mujer una gran personalidad y una gran pasi\u00f3n por lo que hace. Eso a la hora de pensar una Naci\u00f3n es in\u00e9dito porque est\u00e1 pensando tambi\u00e9n en el bienestar de gente que habitualmente no tiene voz. Me gusta lo que est\u00e1 haciendo. Ojal\u00e1 este proyecto siga adelante y se puedan establecer las bases de un pa\u00eds inteligente, m\u00e1s amable\u201d, consider\u00f3.<\/p>\n<p>Por su parte, Sabbatella se\u00f1al\u00f3 que \u201cpara nosotros es un honor que Fito nos visit\u00e9, como lo hicieron otros hombres y mujeres de la cultura, adem\u00e1s de gremios y distintas organizaciones sociales. Un conjunto de distintas realidades pol\u00edticas, sociales, culturales, acad\u00e9micas y gremiales, que son parte de lo diverso y multicolor de nuestro pa\u00eds, expres\u00f3 su compromiso con una ley profundamente democr\u00e1tica que deja atr\u00e1s una norma oscura de la dictadura\u201d.<\/p>\n<p>\u201cEn el caso de Fito, es un gustazo que est\u00e9 hoy en el AFSCA por lo que significa, porque, justamente, \u00e9l expresa una gran parte de nuestra cultura popular y del compromiso con la libertad y esta ley es esencialmente eso\u201d, se\u00f1al\u00f3 el funcionario.<\/p>\n<p>\u201cLa gran cantidad de hombres y mujeres que le ponen el cuerpo a esta ley demuestra su caracter\u00edsticas. Y cuando ves qui\u00e9nes est\u00e1n enfrente, tambi\u00e9n lo not\u00e1s. Como dec\u00eda Fito, esta es una ley de la democracia que hay cumplirla. Nadie tiene coronita\u201d, cerr\u00f3.<\/p>\n","protected":false},"excerpt":{"rendered":"<p>Esta tarde, el prestigio m\u00fasico rosarino, Fito P\u00e1ez, visit\u00f3 la sede de la Autoridad Federal de Servicios de Comunicaci\u00f3n Audiovisual (AFSCA), donde fue recibido por el titular del organismo, Mart\u00edn Sabbatella. P\u00e1ez respald\u00f3 su gesti\u00f3n y expres\u00f3 su fuerte apoyo a la Ley de Medios.<\/p>\n","protected":false},"author":11,"featured_media":0,"comment_status":"open","ping_status":"open","sticky":false,"template":"","format":"standard","meta":{"_jetpack_newsletter_access":"","_jetpack_dont_email_post_to_subs":false,"_jetpack_newsletter_tier_id":0,"_jetpack_memberships_contains_paywalled_content":false,"_jetpack_memberships_contains_paid_content":false,"footnotes":""},"categories":[54],"tags":[],"class_list":["post-6274","post","type-post","status-publish","format-standard","hentry","category-medios"],"jetpack_featured_media_url":"","jetpack_shortlink":"https:\/\/wp.me\/p2JWE0-1Dc","jetpack-related-posts":[{"id":30276,"url":"https:\/\/www.24baires.com\/?p=30276","url_meta":{"origin":6274,"position":0},"title":"Fito P\u00e1ez encabeza un festival solidario para los damnificados en Rosario","author":"GB","date":"16\/08\/2013","format":false,"excerpt":"Con un recital a las 19 en San Telmo, esta tarde arranca una serie de conciertos organizada por Fito P\u00e1ez y las organizaciones Mundo Invisible y Red Solidaria a beneficio de las familias damnificadas en la tragedia de Rosario. Vicentico, Adri\u00e1n D\u00e1rgelos, Babas\u00f3nicos, Las Pelotas, Chaque\u00f1o Palavecino y Ciro Pertusi\u2026","rel":"","context":"En \u00abEspectaculos\u00bb","block_context":{"text":"Espectaculos","link":"https:\/\/www.24baires.com\/?cat=41"},"img":{"alt_text":"Fito3","src":"https:\/\/i0.wp.com\/www.24baires.com\/wp-content\/uploads\/2013\/08\/Fito3.jpg?resize=350%2C200","width":350,"height":200,"srcset":"https:\/\/i0.wp.com\/www.24baires.com\/wp-content\/uploads\/2013\/08\/Fito3.jpg?resize=350%2C200 1x, https:\/\/i0.wp.com\/www.24baires.com\/wp-content\/uploads\/2013\/08\/Fito3.jpg?resize=525%2C300 1.5x"},"classes":[]},{"id":51457,"url":"https:\/\/www.24baires.com\/?p=51457","url_meta":{"origin":6274,"position":1},"title":"Calamaro apoy\u00f3 a Fito P\u00e1ez por su \u00abcanci\u00f3n despechada\u00bb","author":"Grupo Sierra","date":"09\/08\/2014","format":false,"excerpt":"A trav\u00e9s de su cuenta de Twitter, Calamaro defendi\u00f3 a su colega y amigo. Un esc\u00e1ndalo gener\u00f3 la nueva canci\u00f3n de Fito P\u00e1ez, \"Rock & Roll Revolution\", que tiene duras cr\u00edticas hacia su expareja Julia Mengolini, quien contest\u00f3 con tuits del estilo \"Mierda que est\u00e1s despechado\". En las redes sociales\u2026","rel":"","context":"En \u00abEspectaculos\u00bb","block_context":{"text":"Espectaculos","link":"https:\/\/www.24baires.com\/?cat=41"},"img":{"alt_text":"andres-calamaro","src":"https:\/\/i0.wp.com\/www.24baires.com\/wp-content\/uploads\/2014\/06\/andres-calamaro.jpg?resize=350%2C200","width":350,"height":200,"srcset":"https:\/\/i0.wp.com\/www.24baires.com\/wp-content\/uploads\/2014\/06\/andres-calamaro.jpg?resize=350%2C200 1x, https:\/\/i0.wp.com\/www.24baires.com\/wp-content\/uploads\/2014\/06\/andres-calamaro.jpg?resize=525%2C300 1.5x"},"classes":[]},{"id":43193,"url":"https:\/\/www.24baires.com\/?p=43193","url_meta":{"origin":6274,"position":2},"title":"Fito P\u00e1ez lanz\u00f3 su nuevo video sobre Malvinas","author":"GB","date":"02\/04\/2014","format":false,"excerpt":"Al cumplirse 32 a\u00f1os del inicio de la Guerra de Malvinas, el m\u00fasico dio a conocer \"La canci\u00f3n del soldado y Rosita Pasos\" protagonizado por \u00e9l y dirigido por la actriz Romina Richi \"La guerra y sus secuelas. La guerra y la locura. La guerra y la soledad. La guerra\u2026","rel":"","context":"En \u00abEspectaculos\u00bb","block_context":{"text":"Espectaculos","link":"https:\/\/www.24baires.com\/?cat=41"},"img":{"alt_text":"Fito3","src":"https:\/\/i0.wp.com\/www.24baires.com\/wp-content\/uploads\/2013\/08\/Fito3.jpg?resize=350%2C200","width":350,"height":200,"srcset":"https:\/\/i0.wp.com\/www.24baires.com\/wp-content\/uploads\/2013\/08\/Fito3.jpg?resize=350%2C200 1x, https:\/\/i0.wp.com\/www.24baires.com\/wp-content\/uploads\/2013\/08\/Fito3.jpg?resize=525%2C300 1.5x"},"classes":[]},{"id":120000,"url":"https:\/\/www.24baires.com\/?p=120000","url_meta":{"origin":6274,"position":3},"title":"Se aprob\u00f3 la Ley Lucio por unanimidad","author":"AF","date":"13\/04\/2023","format":false,"excerpt":"La norma contaba con media sanci\u00f3n en Diputados y recibi\u00f3 el aval de la C\u00e1mara alta. Fue impulsada a ra\u00edz del caso de Lucio Dupuy, el menor de 5 a\u00f1os que muri\u00f3 en La Pampa tras recibir fuertes golpes de parte de su madre y la pareja de \u00e9sta. En\u2026","rel":"","context":"En \u00abSociedad\u00bb","block_context":{"text":"Sociedad","link":"https:\/\/www.24baires.com\/?cat=1"},"img":{"alt_text":"","src":"https:\/\/i0.wp.com\/www.24baires.com\/wp-content\/uploads\/2023\/04\/lucio-dupuy.jpeg?resize=350%2C200","width":350,"height":200,"srcset":"https:\/\/i0.wp.com\/www.24baires.com\/wp-content\/uploads\/2023\/04\/lucio-dupuy.jpeg?resize=350%2C200 1x, https:\/\/i0.wp.com\/www.24baires.com\/wp-content\/uploads\/2023\/04\/lucio-dupuy.jpeg?resize=525%2C300 1.5x, https:\/\/i0.wp.com\/www.24baires.com\/wp-content\/uploads\/2023\/04\/lucio-dupuy.jpeg?resize=700%2C400 2x"},"classes":[]},{"id":20337,"url":"https:\/\/www.24baires.com\/?p=20337","url_meta":{"origin":6274,"position":4},"title":"Divididos, Fito, Catupecu y Tan Bi\u00f3nica encabezar\u00e1n un festival gratuito a beneficio","author":"AF","date":"06\/04\/2013","format":false,"excerpt":"CAPITAL FEDERAL - Divididos, Fito P\u00e1ez, Catupecu Machu y Tan Bi\u00f3nica encabezar\u00e1n este domingo la grilla de un festival gratuito, en solidaridad con las v\u00edctimas del temporal que azot\u00f3 a la Capital Federal y a la provincia de Buenos Aires. El festival, organizado por las organizaciones Mundo Invisible y Red\u2026","rel":"","context":"En \u00abSociedad\u00bb","block_context":{"text":"Sociedad","link":"https:\/\/www.24baires.com\/?cat=1"},"img":{"alt_text":"mollo divididos","src":"https:\/\/i0.wp.com\/www.24baires.com\/wp-content\/uploads\/2013\/04\/mollo-divididos-300x200.jpg?resize=350%2C200","width":350,"height":200},"classes":[]},{"id":24293,"url":"https:\/\/www.24baires.com\/?p=24293","url_meta":{"origin":6274,"position":5},"title":"Todo listo para los festejos en la Plaza de Mayo","author":"Grupo Sierra","date":"24\/05\/2013","format":false,"excerpt":"La Plaza luc\u00eda un nuevo aspecto esta ma\u00f1ana con las estructuras que conforman los diferentes escenarios en los que ma\u00f1ana tendr\u00e1 lugar el festejo por la fecha patria y los diez a\u00f1os del proyecto iniciado por N\u00e9stor Kirchner. Los festejos comenzar\u00e1n ma\u00f1ana a las 14 en la Plaza de Mayo\u2026","rel":"","context":"En \u00abSociedad\u00bb","block_context":{"text":"Sociedad","link":"https:\/\/www.24baires.com\/?cat=1"},"img":{"alt_text":"","src":"","width":0,"height":0},"classes":[]}],"jetpack_sharing_enabled":true,"jetpack_likes_enabled":true,"_links":{"self":[{"href":"https:\/\/www.24baires.com\/index.php?rest_route=\/wp\/v2\/posts\/6274","targetHints":{"allow":["GET"]}}],"collection":[{"href":"https:\/\/www.24baires.com\/index.php?rest_route=\/wp\/v2\/posts"}],"about":[{"href":"https:\/\/www.24baires.com\/index.php?rest_route=\/wp\/v2\/types\/post"}],"author":[{"embeddable":true,"href":"https:\/\/www.24baires.com\/index.php?rest_route=\/wp\/v2\/users\/11"}],"replies":[{"embeddable":true,"href":"https:\/\/www.24baires.com\/index.php?rest_route=%2Fwp%2Fv2%2Fcomments&post=6274"}],"version-history":[{"count":4,"href":"https:\/\/www.24baires.com\/index.php?rest_route=\/wp\/v2\/posts\/6274\/revisions"}],"predecessor-version":[{"id":6282,"href":"https:\/\/www.24baires.com\/index.php?rest_route=\/wp\/v2\/posts\/6274\/revisions\/6282"}],"wp:attachment":[{"href":"https:\/\/www.24baires.com\/index.php?rest_route=%2Fwp%2Fv2%2Fmedia&parent=6274"}],"wp:term":[{"taxonomy":"category","embeddable":true,"href":"https:\/\/www.24baires.com\/index.php?rest_route=%2Fwp%2Fv2%2Fcategories&post=6274"},{"taxonomy":"post_tag","embeddable":true,"href":"https:\/\/www.24baires.com\/index.php?rest_route=%2Fwp%2Fv2%2Ftags&post=6274"}],"curies":[{"name":"wp","href":"https:\/\/api.w.org\/{rel}","templated":true}]}}