{"id":62712,"date":"2015-03-05T19:41:58","date_gmt":"2015-03-05T22:41:58","guid":{"rendered":"http:\/\/www.24baires.com\/?p=62712"},"modified":"2015-03-05T19:41:58","modified_gmt":"2015-03-05T22:41:58","slug":"massa-baja-en-las-encuestas-y-va-perdiendo-sosten-mediatico-2","status":"publish","type":"post","link":"https:\/\/www.24baires.com\/?p=62712","title":{"rendered":"Massa baja en las encuestas y va perdiendo sost\u00e9n medi\u00e1tico"},"content":{"rendered":"<p><img data-recalc-dims=\"1\" loading=\"lazy\" decoding=\"async\" class=\"aligncenter size-full wp-image-62713\" src=\"https:\/\/i0.wp.com\/www.24baires.com\/wp-content\/uploads\/2015\/03\/massa-microfono.jpg?resize=560%2C420\" alt=\"massa micr{ofono\" width=\"560\" height=\"420\" srcset=\"https:\/\/i0.wp.com\/www.24baires.com\/wp-content\/uploads\/2015\/03\/massa-microfono.jpg?w=560&amp;ssl=1 560w, https:\/\/i0.wp.com\/www.24baires.com\/wp-content\/uploads\/2015\/03\/massa-microfono.jpg?resize=300%2C225&amp;ssl=1 300w\" sizes=\"auto, (max-width: 560px) 100vw, 560px\" \/>Hemos conocido imposturas notables de pol\u00edticos que no necesitan fingir ciertas cosas pero igual deciden arriesgarse y fracasan con estr\u00e9pito. Como cuando Macri y Michetti se fotografiaron con otros funcionaron del PRO comiendo chorip\u00e1n o intentando hacerlo.<br \/>\nHoy vuelve a ser el turno de Sergio Massa, que ya con sus tristes imitaciones de tonadas del interior, qued\u00f3 en rid\u00edculo cuando se hicieron p\u00fablicos los spots de campa\u00f1a donde le hablaba a los que estaban ah\u00ed, en las provincias. M\u00e1s all\u00e1 del grotesco y lo gracioso, eso fue una burla a los ciudadanos a los que iban dirigidas esas propagandas, una subestimaci\u00f3n humillante que mostr\u00f3 c\u00f3mo ve Massa a los provincianos y c\u00f3mo piensa de ellos. <!--more--><\/p>\n<p>Pero esta vez la impostura no conlleva comerse las letras S a prop\u00f3sito, sino fingir una cobertura medi\u00e1tica que ya no tiene. La cosa es as\u00ed, Mario Masaccesi, periodista de TN, desenmascar\u00f3 las ruedas de prensa en las que Massa pretend\u00eda hacer aparecer medios que no estaban all\u00ed cubriendo sus noticias. Evidentemente, el precandidato a Presidente por el Frente Renovador, pone asesores propios con micr\u00f3fonos que portan los logos de Canal 26, Cr\u00f3nica TV y Am\u00e9rica. Es decir, Massa usa movileros falsos para que parezca que hay muchos interesados en difundir sus dichos y actividades cuando no resulta as\u00ed.<\/p>\n<p>De hecho, el mismo Masaccesi, escribi\u00f3 en su cuenta de Twitter: \u201cLos movileros truchos de Sergio Massa; pone micr\u00f3fonos falsos para aparentar convocatoria medi\u00e1tica\u201d. Una impostura m\u00e1s del fingidor de dialectos regionales.<\/p>\n<p>M\u00e1s all\u00e1 del hecho en s\u00ed, que resulta pat\u00e9tico y una falta de respeto a los trabajadores de los medios, es de destacar que quien denuncia esto p\u00fablicamente es un periodista de TN, es decir, el apoyo y protecci\u00f3n con el que Massa contaba hasta no hace mucho tiempo, se est\u00e1 descascarando a pasos agigantados. Y esto no es un dato menor. Massa no s\u00f3lo desciende en las encuestas sino que el manto de piedad que el Grupo Clar\u00edn, entre otros, extend\u00eda para cuidarlo de s\u00ed mismo y de todas sus falencias parece no cobijarlo m\u00e1s.<\/p>\n<p>Eso significa que el multimedio tiene otro candidato y ya no est\u00e1 en condiciones de dejar pastorear a Massa como hasta ahora, aunque aun le conviene taparle ciertas cosas, como todo lo que sucede en el Municipio de Tigre con respecto a violencia e inseguridad. Porque una cosa es soltarle la mano a un posible aspirante a la presidencia de la Naci\u00f3n cuando deja de medir y otra muy distinta es atacarlo como se ataca desde todos las aristas medi\u00e1ticas al gobierno. Aunque ya no les sirva como candidato y hayan elegido quedarse con Macri de aqu\u00ed a las elecciones, les sigue siendo \u00fatil un Massa no comprometido con robos, pirater\u00eda y narcotr\u00e1fico, porque sino le dar\u00edan la raz\u00f3n al kirchnerismo y eso, claro est\u00e1, no va a pasar.<\/p>\n","protected":false},"excerpt":{"rendered":"<p>Hemos conocido imposturas notables de pol\u00edticos que no necesitan fingir ciertas cosas pero igual deciden arriesgarse y fracasan con estr\u00e9pito. Como cuando Macri y Michetti se fotografiaron con otros funcionaron del PRO comiendo chorip\u00e1n o intentando hacerlo. Hoy vuelve a ser el turno de Sergio Massa, que ya con sus tristes imitaciones de tonadas del interior, qued\u00f3 en rid\u00edculo cuando [&#8230;]<\/p>\n","protected":false},"author":11,"featured_media":0,"comment_status":"open","ping_status":"open","sticky":false,"template":"","format":"standard","meta":{"_jetpack_newsletter_access":"","_jetpack_dont_email_post_to_subs":false,"_jetpack_newsletter_tier_id":0,"_jetpack_memberships_contains_paywalled_content":false,"_jetpack_memberships_contains_paid_content":false,"footnotes":""},"categories":[64],"tags":[],"class_list":["post-62712","post","type-post","status-publish","format-standard","hentry","category-opinion"],"jetpack_featured_media_url":"","jetpack_shortlink":"https:\/\/wp.me\/p2JWE0-gju","jetpack-related-posts":[{"id":108568,"url":"https:\/\/www.24baires.com\/?p=108568","url_meta":{"origin":62712,"position":0},"title":"Massa desminti\u00f3 una presunta \u201ccumbre\u201d con Vidal que anunci\u00f3 Clar\u00edn","author":"GB","date":"04\/06\/2019","format":false,"excerpt":"Desde la red social Twitter, el l\u00edder del Frente Renovador acus\u00f3 al Gobierno nacional de haber montado una operaci\u00f3n medi\u00e1tica para \u201cpegarlo\u201d a Vidal. Les sugiri\u00f3 que se dediquen a gobernar. Los coletazos del cada vez m\u00e1s firme \u201cplan Y\u201d, que facilitar\u00eda a la gobernadora Mar\u00eda Eugenia Vidal a adherirse\u2026","rel":"","context":"En \u00abPol\u00edtica\u00bb","block_context":{"text":"Pol\u00edtica","link":"https:\/\/www.24baires.com\/?cat=51"},"img":{"alt_text":"","src":"https:\/\/i0.wp.com\/www.24baires.com\/wp-content\/uploads\/2018\/11\/vidal-massa-300x200.jpg?resize=350%2C200","width":350,"height":200},"classes":[]},{"id":117203,"url":"https:\/\/www.24baires.com\/?p=117203","url_meta":{"origin":62712,"position":1},"title":"Massa busca consensos para rebajar el impuesto a las ganancias","author":"GB","date":"18\/02\/2021","format":false,"excerpt":"El presidente de la C\u00e1mara de Diputados de la Naci\u00f3n, Sergio Massa, trabaja para lograr la rebaja del impuesto a las ganancias. El presidente de la C\u00e1mara de Diputados de la Naci\u00f3n, Sergio Massa, adelant\u00f3 que busca generar consensos con diferentes sectores para lograr la rebaja en el impuesto a\u2026","rel":"","context":"En \u00abPol\u00edtica\u00bb","block_context":{"text":"Pol\u00edtica","link":"https:\/\/www.24baires.com\/?cat=51"},"img":{"alt_text":"","src":"https:\/\/i0.wp.com\/www.24baires.com\/wp-content\/uploads\/2021\/02\/massa-busca-beneficiar-trabajadores-la-rebaja-del-impuesto-las-ganancias-300x200.jpg?resize=350%2C200","width":350,"height":200},"classes":[]},{"id":119180,"url":"https:\/\/www.24baires.com\/?p=119180","url_meta":{"origin":62712,"position":2},"title":"Sergio Massa asume como superministro","author":"GB","date":"03\/08\/2022","format":false,"excerpt":"Este mi\u00e9rcoles oficializa el desembarco de Sergio Massa en el Gobierno. El superministro renunci\u00f3 como presidente de la C\u00e1mara de Diputados, jura y se aguarda por el anuncio de sus primeras medidas. Luego de su designaci\u00f3n por parte del presidente Alberto Fern\u00e1ndez, Sergio Massa anunci\u00f3 el equipo que lo acompa\u00f1ar\u00e1\u2026","rel":"","context":"En \u00abPol\u00edtica\u00bb","block_context":{"text":"Pol\u00edtica","link":"https:\/\/www.24baires.com\/?cat=51"},"img":{"alt_text":"","src":"https:\/\/i0.wp.com\/www.24baires.com\/wp-content\/uploads\/2021\/02\/massa-busca-beneficiar-trabajadores-la-rebaja-del-impuesto-las-ganancias.jpg?resize=350%2C200","width":350,"height":200,"srcset":"https:\/\/i0.wp.com\/www.24baires.com\/wp-content\/uploads\/2021\/02\/massa-busca-beneficiar-trabajadores-la-rebaja-del-impuesto-las-ganancias.jpg?resize=350%2C200 1x, https:\/\/i0.wp.com\/www.24baires.com\/wp-content\/uploads\/2021\/02\/massa-busca-beneficiar-trabajadores-la-rebaja-del-impuesto-las-ganancias.jpg?resize=525%2C300 1.5x, https:\/\/i0.wp.com\/www.24baires.com\/wp-content\/uploads\/2021\/02\/massa-busca-beneficiar-trabajadores-la-rebaja-del-impuesto-las-ganancias.jpg?resize=700%2C400 2x"},"classes":[]},{"id":118114,"url":"https:\/\/www.24baires.com\/?p=118114","url_meta":{"origin":62712,"position":3},"title":"Massa confirm\u00f3 el proyecto que reemplaza los planes sociales por empleo registrado","author":"GB","date":"07\/10\/2021","format":false,"excerpt":"El subsidio que reciben los beneficiarios de planes sociales, pasar\u00eda a convertirse en un salario de la industria de la construcci\u00f3n con una etapa previa de capacitaci\u00f3n. El presidente de la C\u00e1mara de Diputados, Sergio Massa, confirm\u00f3 v\u00eda Twitter que este jueves ingresar\u00e1 al Congreso el proyecto de ley que\u2026","rel":"","context":"En \u00abPol\u00edtica\u00bb","block_context":{"text":"Pol\u00edtica","link":"https:\/\/www.24baires.com\/?cat=51"},"img":{"alt_text":"","src":"https:\/\/i0.wp.com\/www.24baires.com\/wp-content\/uploads\/2021\/02\/massa-busca-beneficiar-trabajadores-la-rebaja-del-impuesto-las-ganancias-300x200.jpg?resize=350%2C200","width":350,"height":200},"classes":[]},{"id":119172,"url":"https:\/\/www.24baires.com\/?p=119172","url_meta":{"origin":62712,"position":4},"title":"Cristina se reuni\u00f3 con el nuevo \u00absuperministro\u00bb","author":"AF","date":"01\/08\/2022","format":false,"excerpt":"El encuentro se produjo horas despu\u00e9s de que Massa anunciara los primeros nombres que lo acompa\u00f1ar\u00e1n en el Palacio de Hacienda. Qu\u00e9 se sabe hasta ahora de las futuras medidas que tomar\u00e1 el nuevo ministro y los viajes que tiene previsto. La vicepresidenta Cristina Kirchner recibi\u00f3 este lunes al presidente\u2026","rel":"","context":"En \u00abPol\u00edtica\u00bb","block_context":{"text":"Pol\u00edtica","link":"https:\/\/www.24baires.com\/?cat=51"},"img":{"alt_text":"","src":"https:\/\/i0.wp.com\/www.24baires.com\/wp-content\/uploads\/2022\/08\/cristina-massa.jpg?resize=350%2C200","width":350,"height":200,"srcset":"https:\/\/i0.wp.com\/www.24baires.com\/wp-content\/uploads\/2022\/08\/cristina-massa.jpg?resize=350%2C200 1x, https:\/\/i0.wp.com\/www.24baires.com\/wp-content\/uploads\/2022\/08\/cristina-massa.jpg?resize=525%2C300 1.5x, https:\/\/i0.wp.com\/www.24baires.com\/wp-content\/uploads\/2022\/08\/cristina-massa.jpg?resize=700%2C400 2x"},"classes":[]},{"id":120305,"url":"https:\/\/www.24baires.com\/?p=120305","url_meta":{"origin":62712,"position":5},"title":"Massa anunci\u00f3 el fin de las retenciones para econom\u00edas regionales","author":"AF","date":"24\/07\/2023","format":false,"excerpt":"El ministro de Econom\u00eda y candidato presidencial de UxP critic\u00f3 a los dirigentes de la oposici\u00f3n que hab\u00edan asegurado que se aplicar\u00edan retenciones a \"200 econom\u00edas regionales\". \"Las consignas f\u00e1ciles y lindas para repetir en la tele, son pan para hoy y hambre para ma\u00f1ana\", afirm\u00f3. El ministro de Econom\u00eda\u2026","rel":"","context":"En \u00abPol\u00edtica\u00bb","block_context":{"text":"Pol\u00edtica","link":"https:\/\/www.24baires.com\/?cat=51"},"img":{"alt_text":"","src":"https:\/\/i0.wp.com\/www.24baires.com\/wp-content\/uploads\/2023\/07\/WhatsApp-Image-2023-07-24-at-19.44.07.jpeg?resize=350%2C200","width":350,"height":200,"srcset":"https:\/\/i0.wp.com\/www.24baires.com\/wp-content\/uploads\/2023\/07\/WhatsApp-Image-2023-07-24-at-19.44.07.jpeg?resize=350%2C200 1x, https:\/\/i0.wp.com\/www.24baires.com\/wp-content\/uploads\/2023\/07\/WhatsApp-Image-2023-07-24-at-19.44.07.jpeg?resize=525%2C300 1.5x, https:\/\/i0.wp.com\/www.24baires.com\/wp-content\/uploads\/2023\/07\/WhatsApp-Image-2023-07-24-at-19.44.07.jpeg?resize=700%2C400 2x"},"classes":[]}],"jetpack_sharing_enabled":true,"jetpack_likes_enabled":true,"_links":{"self":[{"href":"https:\/\/www.24baires.com\/index.php?rest_route=\/wp\/v2\/posts\/62712","targetHints":{"allow":["GET"]}}],"collection":[{"href":"https:\/\/www.24baires.com\/index.php?rest_route=\/wp\/v2\/posts"}],"about":[{"href":"https:\/\/www.24baires.com\/index.php?rest_route=\/wp\/v2\/types\/post"}],"author":[{"embeddable":true,"href":"https:\/\/www.24baires.com\/index.php?rest_route=\/wp\/v2\/users\/11"}],"replies":[{"embeddable":true,"href":"https:\/\/www.24baires.com\/index.php?rest_route=%2Fwp%2Fv2%2Fcomments&post=62712"}],"version-history":[{"count":1,"href":"https:\/\/www.24baires.com\/index.php?rest_route=\/wp\/v2\/posts\/62712\/revisions"}],"predecessor-version":[{"id":62714,"href":"https:\/\/www.24baires.com\/index.php?rest_route=\/wp\/v2\/posts\/62712\/revisions\/62714"}],"wp:attachment":[{"href":"https:\/\/www.24baires.com\/index.php?rest_route=%2Fwp%2Fv2%2Fmedia&parent=62712"}],"wp:term":[{"taxonomy":"category","embeddable":true,"href":"https:\/\/www.24baires.com\/index.php?rest_route=%2Fwp%2Fv2%2Fcategories&post=62712"},{"taxonomy":"post_tag","embeddable":true,"href":"https:\/\/www.24baires.com\/index.php?rest_route=%2Fwp%2Fv2%2Ftags&post=62712"}],"curies":[{"name":"wp","href":"https:\/\/api.w.org\/{rel}","templated":true}]}}