{"id":6267,"date":"2012-11-21T19:48:57","date_gmt":"2012-11-21T22:48:57","guid":{"rendered":"http:\/\/www.24baires.com\/?p=6267"},"modified":"2012-11-22T13:35:23","modified_gmt":"2012-11-22T16:35:23","slug":"scioli-vuelve-a-hacer-de-la-suyas-ahora-habria-contratado-david-hasselhoff-de-baywatch","status":"publish","type":"post","link":"https:\/\/www.24baires.com\/?p=6267","title":{"rendered":"Scioli vuelve a hacer de la suyas: ahora habr\u00eda contratado David Hasselhoff de Baywatch"},"content":{"rendered":"<p><img data-recalc-dims=\"1\" loading=\"lazy\" decoding=\"async\" class=\"aligncenter size-full wp-image-6268\" title=\"publicidad-mar-del-plata\" src=\"https:\/\/i0.wp.com\/www.24baires.com\/wp-content\/uploads\/2012\/11\/publicidad-mar-del-plata.jpg?resize=560%2C440\" alt=\"\" width=\"560\" height=\"440\" srcset=\"https:\/\/i0.wp.com\/www.24baires.com\/wp-content\/uploads\/2012\/11\/publicidad-mar-del-plata.jpg?w=560&amp;ssl=1 560w, https:\/\/i0.wp.com\/www.24baires.com\/wp-content\/uploads\/2012\/11\/publicidad-mar-del-plata.jpg?resize=300%2C235&amp;ssl=1 300w\" sizes=\"auto, (max-width: 560px) 100vw, 560px\" \/><\/p>\n<p>El protagonista de la serie estadounidense Baywatch, David Hasselhoff, habr\u00eda sido contratado por el Gobierno provincial para un spot de cara a la temporada 2013. Varios legisladores de la oposici\u00f3n cuestionaron un presunto desembolso en d\u00f3lares en medio de la crisis econ\u00f3mica que atraviesa la Provincia. \u00ab\u00bfEs una\u00a0joda? hace 4 meses no se pagaban aguinaldos&#8230;\u201d, ironiz\u00f3 el diputado Ricardo Jano\u00a0<!--more--><\/p>\n<p>Fue el propio actor estadounidense David Hasselhoff quien revel\u00f3, a trav\u00e9s de su cuenta de Twitter, que estaba en Mar del Plata y mostr\u00f3 fotos de su participaci\u00f3n en un comercial realizado por la agencia Savaglio, que ya realiz\u00f3 varios spot para el gobierno provincial.<\/p>\n<p>Seg\u00fan informaron medios locales, el protagonista de la serie Baywatch promociona las costas bonaerenses junto al argentino Emilio Disi en una publicidad titulada \u201cVamos a la playa\u201d, que habr\u00eda encargado la secretar\u00eda de Turismo provincial de cara al verano 2013.<\/p>\n<p>La noticia provoc\u00f3 la inmediata reacci\u00f3n de toda la oposici\u00f3n bonaerense, que busca confirmar la informaci\u00f3n, saber cu\u00e1nto cost\u00f3 contratar al actor norteamericano y si se le pag\u00f3 en d\u00f3lares.<\/p>\n<p>El diputado Ricardo Jano, de la UCR, ya anticip\u00f3 que pedir\u00e1 informes desde la C\u00e1mara baja para obtener precisiones del gobierno de Daniel Scioli.<\/p>\n<p>\u201c\u00bfNo les parece una joda? hace 4 meses no se pagaban aguinaldos&#8230;\u201d, ironiz\u00f3 Jano y se pregunt\u00f3 \u201ccu\u00e1l es el sentido de contratar una figura internacional para promocionar la costa bonaerense\u201d.<\/p>\n<p>En la misma l\u00ednea, se expres\u00f3 el diputado de la Coalici\u00f3n C\u00edvica Walter Martello, quien sostuvo que \u201cen momentos donde la Provincia ajusta sus recursos paralizando los servicios esenciales, estas contrataciones y la frivolidad del gobernador es una obscenidad\u201d.<\/p>\n<p>En tanto, para Mauricio D\u2019alessandro (Uni\u00f3n Celeste y Blanco) es \u201cun desprop\u00f3sito contratar actores extranjeros para promocionar la Costa\u201d y dijo que con ese dinero, por ejemplo, \u201cse podr\u00edan arreglar tramos de las rutas 88 y 74\u201d para ampliar el turismo bonaerense.<\/p>\n<p>&nbsp;<\/p>\n<p>&nbsp;<\/p>\n<p>&nbsp;<\/p>\n<p>&nbsp;<\/p>\n<p>&nbsp;<\/p>\n<p>&nbsp;<\/p>\n<p>&nbsp;<\/p>\n<p>&nbsp;<\/p>\n<p>&nbsp;<\/p>\n","protected":false},"excerpt":{"rendered":"<p>El protagonista de la serie estadounidense Baywatch, David Hasselhoff, habr\u00eda sido contratado por el Gobierno provincial para un spot de cara a la temporada 2013. Varios legisladores de la oposici\u00f3n cuestionaron un presunto desembolso en d\u00f3lares en medio de la crisis econ\u00f3mica que atraviesa la Provincia. \u00ab\u00bfEs una\u00a0joda? hace 4 meses no se pagaban aguinaldos&#8230;\u201d, ironiz\u00f3 el diputado Ricardo Jano\u00a0<\/p>\n","protected":false},"author":11,"featured_media":0,"comment_status":"open","ping_status":"open","sticky":false,"template":"","format":"standard","meta":{"_jetpack_newsletter_access":"","_jetpack_dont_email_post_to_subs":false,"_jetpack_newsletter_tier_id":0,"_jetpack_memberships_contains_paywalled_content":false,"_jetpack_memberships_contains_paid_content":false,"footnotes":""},"categories":[40],"tags":[],"class_list":["post-6267","post","type-post","status-publish","format-standard","hentry","category-provincia"],"jetpack_featured_media_url":"","jetpack_shortlink":"https:\/\/wp.me\/p2JWE0-1D5","jetpack-related-posts":[{"id":8210,"url":"https:\/\/www.24baires.com\/?p=8210","url_meta":{"origin":6267,"position":0},"title":"Ya est\u00e1 circulando la pol\u00e9mica propaganda que Hasselhoff film\u00f3 para Scioli","author":"AF","date":"07\/12\/2012","format":false,"excerpt":"COSTA ATL\u00c1NTICA -\u00a0El protagonista de la serie Baywatch, David Hasselhoff,\u00a0promociona las costas bonaerenses junto al argentino Emilio Disi en una publicidad titulada \u201cVamos a la playa\u201d, que encarg\u00f3 la secretar\u00eda de Turismo provincial de cara al verano 2013. La pol\u00e9mica propaganda ya comenz\u00f3 a circular por internet y por televisi\u00f3n.\u00a0El\u2026","rel":"","context":"En \u00abProvincia\u00bb","block_context":{"text":"Provincia","link":"https:\/\/www.24baires.com\/?cat=40"},"img":{"alt_text":"","src":"","width":0,"height":0},"classes":[]},{"id":11734,"url":"https:\/\/www.24baires.com\/?p=11734","url_meta":{"origin":6267,"position":1},"title":"Hasselhoff, el guardavidas de Scioli, fue elegido como peor actor","author":"AF","date":"10\/01\/2013","format":false,"excerpt":"El protagonista de la propaganda \"Vamos a la Playa\" no qued\u00f3 bien parado en la elecci\u00f3n de un premio. David Hasselhoff llega en el auto fant\u00e1stico a la playa. Se baja y corre como en Baywatch hasta la garita donde lo esperaba Emilio Disi. Uno de los protagonistas de los\u2026","rel":"","context":"En \u00abSociedad\u00bb","block_context":{"text":"Sociedad","link":"https:\/\/www.24baires.com\/?cat=1"},"img":{"alt_text":"disi hasselhoff","src":"https:\/\/i0.wp.com\/www.24baires.com\/wp-content\/uploads\/2013\/01\/disi-hasselhoff.jpg?resize=350%2C200","width":350,"height":200},"classes":[]},{"id":6796,"url":"https:\/\/www.24baires.com\/?p=6796","url_meta":{"origin":6267,"position":2},"title":"Guardavidas se movilizar\u00e1n exigiendo pol\u00edticas de seguridad en playa","author":"AF","date":"26\/11\/2012","format":false,"excerpt":"El Sindicato \u00danico de Guardavidas de la Rep\u00fablica Argentina (SUGARA) confirm\u00f3 una movilizaci\u00f3n masiva a la Casa de Gobierno bonaerense, el pr\u00f3ximo mi\u00e9rcoles, ante la \u201causencia de pol\u00edticas de seguridad en Playa\u201d de la gesti\u00f3n de Daniel Scioli de cara al inicio de la temporada de verano. As\u00ed lo confirm\u00f3\u2026","rel":"","context":"En \u00abSociedad\u00bb","block_context":{"text":"Sociedad","link":"https:\/\/www.24baires.com\/?cat=1"},"img":{"alt_text":"","src":"https:\/\/i0.wp.com\/www.24baires.com\/wp-content\/uploads\/2012\/11\/guardavidas.png?resize=350%2C200","width":350,"height":200},"classes":[]},{"id":135,"url":"https:\/\/www.24baires.com\/?p=135","url_meta":{"origin":6267,"position":3},"title":"Pamela volvi\u00f3 a ser una \u00abChica Baywatch\u00bb a los 45 a\u00f1os","author":"Grupo Sierra","date":"18\/09\/2012","format":false,"excerpt":"20 a\u00f1os despu\u00e9s de la serie estadounidense que revolucion\u00f3 la televisi\u00f3n, la conejita se puso nuevamente la malla roja que la hizo famosa. En 1992 la serie estadounidense Baywatch estaba en boca de todos por su propuesta sensual y por tener a Pamela Anderson como protagonista en una ajustada malla\u2026","rel":"","context":"En \u00abEspectaculos\u00bb","block_context":{"text":"Espectaculos","link":"https:\/\/www.24baires.com\/?cat=41"},"img":{"alt_text":"","src":"https:\/\/i0.wp.com\/www.diarioveloz.com\/adjuntos\/120\/imagenes\/000\/782\/0000782526.jpg?resize=350%2C200","width":350,"height":200,"srcset":"https:\/\/i0.wp.com\/www.diarioveloz.com\/adjuntos\/120\/imagenes\/000\/782\/0000782526.jpg?resize=350%2C200 1x, https:\/\/i0.wp.com\/www.diarioveloz.com\/adjuntos\/120\/imagenes\/000\/782\/0000782526.jpg?resize=525%2C300 1.5x"},"classes":[]},{"id":7113,"url":"https:\/\/www.24baires.com\/?p=7113","url_meta":{"origin":6267,"position":4},"title":"Guardavidas furiosos marcharon a la Gobernaci\u00f3n","author":"AF","date":"28\/11\/2012","format":false,"excerpt":"LA PLATA - Piden que la Jefatura de Gabinete remueva de su cargo al titular de la Comisi\u00f3n Provincial de Guardavidas, a quien acusan de \u201cusurpar un cargo y no entender nada de la actividad\u201d. Piden que \u201cse tome la profesi\u00f3n con seriedad\u201d y no descartan profundizar las medidas de\u2026","rel":"","context":"En \u00abSociedad\u00bb","block_context":{"text":"Sociedad","link":"https:\/\/www.24baires.com\/?cat=1"},"img":{"alt_text":"","src":"https:\/\/i0.wp.com\/www.24baires.com\/wp-content\/uploads\/2012\/11\/guardavidas-gobernaci%C3%B3n.jpg?resize=350%2C200","width":350,"height":200,"srcset":"https:\/\/i0.wp.com\/www.24baires.com\/wp-content\/uploads\/2012\/11\/guardavidas-gobernaci%C3%B3n.jpg?resize=350%2C200 1x, https:\/\/i0.wp.com\/www.24baires.com\/wp-content\/uploads\/2012\/11\/guardavidas-gobernaci%C3%B3n.jpg?resize=525%2C300 1.5x"},"classes":[]},{"id":113117,"url":"https:\/\/www.24baires.com\/?p=113117","url_meta":{"origin":6267,"position":5},"title":"Estatales bonaerenses precarizados temen por su continuidad y le exigen respuestas a Vidal","author":"GB","date":"25\/11\/2019","format":false,"excerpt":"Este martes los y las trabajadores de la administraci\u00f3n p\u00fablica realizar\u00e1n una movilizaci\u00f3n a Casa de Gobierno en La Plata. Ante el cambio de gobierno en la provincia de Buenos Aires emergi\u00f3 un conflicto en el que trabajadores estatales precarizados temen por su continuidad laboral. Es que sus contratos vencen\u2026","rel":"","context":"En \u00abPol\u00edtica\u00bb","block_context":{"text":"Pol\u00edtica","link":"https:\/\/www.24baires.com\/?cat=51"},"img":{"alt_text":"","src":"https:\/\/i0.wp.com\/www.24baires.com\/wp-content\/uploads\/2018\/02\/gonernacion-la-plata.jpg?resize=350%2C200","width":350,"height":200,"srcset":"https:\/\/i0.wp.com\/www.24baires.com\/wp-content\/uploads\/2018\/02\/gonernacion-la-plata.jpg?resize=350%2C200 1x, https:\/\/i0.wp.com\/www.24baires.com\/wp-content\/uploads\/2018\/02\/gonernacion-la-plata.jpg?resize=525%2C300 1.5x"},"classes":[]}],"jetpack_sharing_enabled":true,"jetpack_likes_enabled":true,"_links":{"self":[{"href":"https:\/\/www.24baires.com\/index.php?rest_route=\/wp\/v2\/posts\/6267","targetHints":{"allow":["GET"]}}],"collection":[{"href":"https:\/\/www.24baires.com\/index.php?rest_route=\/wp\/v2\/posts"}],"about":[{"href":"https:\/\/www.24baires.com\/index.php?rest_route=\/wp\/v2\/types\/post"}],"author":[{"embeddable":true,"href":"https:\/\/www.24baires.com\/index.php?rest_route=\/wp\/v2\/users\/11"}],"replies":[{"embeddable":true,"href":"https:\/\/www.24baires.com\/index.php?rest_route=%2Fwp%2Fv2%2Fcomments&post=6267"}],"version-history":[{"count":3,"href":"https:\/\/www.24baires.com\/index.php?rest_route=\/wp\/v2\/posts\/6267\/revisions"}],"predecessor-version":[{"id":6273,"href":"https:\/\/www.24baires.com\/index.php?rest_route=\/wp\/v2\/posts\/6267\/revisions\/6273"}],"wp:attachment":[{"href":"https:\/\/www.24baires.com\/index.php?rest_route=%2Fwp%2Fv2%2Fmedia&parent=6267"}],"wp:term":[{"taxonomy":"category","embeddable":true,"href":"https:\/\/www.24baires.com\/index.php?rest_route=%2Fwp%2Fv2%2Fcategories&post=6267"},{"taxonomy":"post_tag","embeddable":true,"href":"https:\/\/www.24baires.com\/index.php?rest_route=%2Fwp%2Fv2%2Ftags&post=6267"}],"curies":[{"name":"wp","href":"https:\/\/api.w.org\/{rel}","templated":true}]}}