{"id":6261,"date":"2012-11-21T09:40:37","date_gmt":"2012-11-21T12:40:37","guid":{"rendered":"http:\/\/www.24baires.com\/?p=6261"},"modified":"2012-11-21T14:01:14","modified_gmt":"2012-11-21T17:01:14","slug":"el-historiador-osvaldo-bayer-disertara-en-junin","status":"publish","type":"post","link":"https:\/\/www.24baires.com\/?p=6261","title":{"rendered":"El historiador Osvaldo Bayer disertar\u00e1 en Jun\u00edn"},"content":{"rendered":"<p>Ser\u00e1 el viernes 23 a las 20, como parte de las actividades de la C\u00e1tedra Libre \u00abPeriodismo y participaci\u00f3n gremial\u00bb de la Asociaci\u00f3n de Periodistas del Noroeste Bonaerense (APENOBA), que se dicta en la Universidad Nacional del Noroeste Bonaerense (UNNOBA). <!--more--><br \/>\nComo parte de las actividades programadas por la C\u00e1tedra Libre \u00abPeriodismo y participaci\u00f3n gremial\u00bb de La Asociaci\u00f3n de Periodistas del Noroeste Bonaerense (APENOBA), que se dicta en la Universidad Nacional del Noroeste (UNNOBA) , el viernes 23 de noviembre a las 20, en la sede anexa de la Universidad Nacional del Noroeste, ubicada en Newbery y Sarmiento, aula 1, tendr\u00e1 lugar la presentaci\u00f3n del unipersonal \u201cHrant Dink, el alegato de la paloma\u201d un unipersonal que es representado por el actor y director Daniel Ritto sobre el asesinato en Turqu\u00eda del periodista armenio Hrant Dink.<br \/>\nDe esta actividad tomar\u00e1 parte el historiado Osvaldo Bayer quien efectuar\u00e1 una disertaci\u00f3n sobre el genocidio sufrido por el pueblo armenio entre 1915 y 1923 a manos del Estado turco otomano.<br \/>\nTambi\u00e9n estar\u00e1 presente Eduardo Kozanlian, secretario del Concejo Nacional Armenio, productor de la obra e investigador hist\u00f3rico del hecho.<br \/>\nVale mencionar que al d\u00eda siguiente, s\u00e1bado 24, a las 10, Osvaldo Bayer realizar\u00e1 una charla abierta en el aula 1 de Newbery y Sarmiento.<\/p>\n","protected":false},"excerpt":{"rendered":"<p>Ser\u00e1 el viernes 23 a las 20, como parte de las actividades de la C\u00e1tedra Libre \u00abPeriodismo y participaci\u00f3n gremial\u00bb de la Asociaci\u00f3n de Periodistas del Noroeste Bonaerense (APENOBA), que se dicta en la Universidad Nacional del Noroeste Bonaerense (UNNOBA).<\/p>\n","protected":false},"author":4,"featured_media":0,"comment_status":"open","ping_status":"open","sticky":false,"template":"","format":"standard","meta":{"_jetpack_newsletter_access":"","_jetpack_dont_email_post_to_subs":false,"_jetpack_newsletter_tier_id":0,"_jetpack_memberships_contains_paywalled_content":false,"_jetpack_memberships_contains_paid_content":false,"footnotes":""},"categories":[38],"tags":[],"class_list":["post-6261","post","type-post","status-publish","format-standard","hentry","category-locales"],"jetpack_featured_media_url":"","jetpack_shortlink":"https:\/\/wp.me\/p2JWE0-1CZ","jetpack-related-posts":[{"id":19189,"url":"https:\/\/www.24baires.com\/?p=19189","url_meta":{"origin":6261,"position":0},"title":"Ya funciona en Arrecifes una subsede de la UNNOBA","author":"Grupo Sierra","date":"23\/03\/2013","format":false,"excerpt":"ARRECIFES.- La Universidad Nacional del Noroeste Bonaerense comenz\u00f3 a dictar en esa localidad bonaerense una Tecnicatura Universitaria en Gesti\u00f3n Administrativa. Unos 70 alumnos rindieron los ex\u00e1menes nivelatorios y ya empezaron a cursar la carrera. Ya comenz\u00f3 a funcionar en Arrecifes una Subsede de la Universidad Nacional del Noroeste Bonaerense, abriendo\u2026","rel":"","context":"En \u00abLocales\u00bb","block_context":{"text":"Locales","link":"https:\/\/www.24baires.com\/?cat=38"},"img":{"alt_text":"unnoba_arrecifes","src":"https:\/\/i0.wp.com\/www.24baires.com\/wp-content\/uploads\/2013\/03\/unnoba_arrecifes.jpg?resize=350%2C200","width":350,"height":200,"srcset":"https:\/\/i0.wp.com\/www.24baires.com\/wp-content\/uploads\/2013\/03\/unnoba_arrecifes.jpg?resize=350%2C200 1x, https:\/\/i0.wp.com\/www.24baires.com\/wp-content\/uploads\/2013\/03\/unnoba_arrecifes.jpg?resize=525%2C300 1.5x"},"classes":[]},{"id":8738,"url":"https:\/\/www.24baires.com\/?p=8738","url_meta":{"origin":6261,"position":1},"title":"La UNNOBA present\u00f3 sus nuevos medios de comunicaci\u00f3n","author":"Grupo Sierra","date":"11\/12\/2012","format":false,"excerpt":"La Universidad Nacional Noroeste Buenos Aires (UNNOBA) present\u00f3 formalmente la radio y el proyecto del nuevo portal de noticias en el marco de un acto denominado \u201clos medios de comunicaci\u00f3n y la Universidad\u201d, del cual tambi\u00e9n disertaron referentes de medios regionales.\u00a0 En la presentaci\u00f3n, el director de Comunicaci\u00f3n de la\u2026","rel":"","context":"En \u00abSociedad\u00bb","block_context":{"text":"Sociedad","link":"https:\/\/www.24baires.com\/?cat=1"},"img":{"alt_text":"","src":"https:\/\/i0.wp.com\/www.24baires.com\/wp-content\/uploads\/2012\/12\/UNNOBA-300x200.png?resize=350%2C200","width":350,"height":200},"classes":[]},{"id":21764,"url":"https:\/\/www.24baires.com\/?p=21764","url_meta":{"origin":6261,"position":2},"title":"Debaten el uso de agrot\u00f3xicos con especialistas en Jun\u00edn","author":"AF","date":"24\/04\/2013","format":false,"excerpt":"La iniciativa surgi\u00f3 del Plenario de Pol\u00edticas P\u00fablicas de Luis Guill\u00f3n, encabezado por el vicegobernador Gabriel Mariotto a fines de febrero \u00faltimo. El foro se realizar\u00e1 este viernes, para perfeccionar un proyecto de ordenanza que se estudia en el Concejo Deliberante. Participar\u00e1n el senador Emilio L\u00f3pez Muntaner, la asesora legal\u2026","rel":"","context":"En \u00abLocales\u00bb","block_context":{"text":"Locales","link":"https:\/\/www.24baires.com\/?cat=38"},"img":{"alt_text":"agrot\u00f3xicos","src":"https:\/\/i0.wp.com\/www.24baires.com\/wp-content\/uploads\/2013\/04\/agrot%C3%B3xicos.jpg?resize=350%2C200","width":350,"height":200,"srcset":"https:\/\/i0.wp.com\/www.24baires.com\/wp-content\/uploads\/2013\/04\/agrot%C3%B3xicos.jpg?resize=350%2C200 1x, https:\/\/i0.wp.com\/www.24baires.com\/wp-content\/uploads\/2013\/04\/agrot%C3%B3xicos.jpg?resize=525%2C300 1.5x"},"classes":[]},{"id":57698,"url":"https:\/\/www.24baires.com\/?p=57698","url_meta":{"origin":6261,"position":3},"title":"Realizar\u00e1n en Jun\u00edn un juicio por delitos de lesa humanidad","author":"AF","date":"26\/11\/2014","format":false,"excerpt":"Un tribunal federal comenzar\u00e1 este mi\u00e9rcoles a juzgar a 7 represores por los delitos de lesa humanidad cometidos en la localidad bonaerense de Jun\u00edn durante la \u00faltima dictadura militar. La \u201cCausa Jun\u00edn\u201d se llevar\u00e1 a cabo en la sede de la Universidad del Noroeste (Unnoba) e investigar\u00e1 la muerte de\u2026","rel":"","context":"En \u00abLocales\u00bb","block_context":{"text":"Locales","link":"https:\/\/www.24baires.com\/?cat=38"},"img":{"alt_text":"juicio lesa humanidad","src":"https:\/\/i0.wp.com\/www.24baires.com\/wp-content\/uploads\/2012\/11\/juicio-lesa-humanidad.jpg?resize=350%2C200","width":350,"height":200,"srcset":"https:\/\/i0.wp.com\/www.24baires.com\/wp-content\/uploads\/2012\/11\/juicio-lesa-humanidad.jpg?resize=350%2C200 1x, https:\/\/i0.wp.com\/www.24baires.com\/wp-content\/uploads\/2012\/11\/juicio-lesa-humanidad.jpg?resize=525%2C300 1.5x"},"classes":[]},{"id":120172,"url":"https:\/\/www.24baires.com\/?p=120172","url_meta":{"origin":6261,"position":4},"title":"Se crear\u00e1n tres universidades en la provincia de Buenos Aires","author":"GB","date":"12\/06\/2023","format":false,"excerpt":"Desde el equipo de Axel Kicillof confirmaron que la gesti\u00f3n impulsar\u00e1 la creaci\u00f3n de tres nuevas universidades provinciales. El jefe de Asesores del Gobernador de la Provincia, Carlos Bianco, afirm\u00f3 que \u201cvamos a impulsar la creaci\u00f3n de tres universidades provinciales en el territorio bonaerense\u201d. Fue en el marco del primer\u2026","rel":"","context":"En \u00abProvincia\u00bb","block_context":{"text":"Provincia","link":"https:\/\/www.24baires.com\/?cat=40"},"img":{"alt_text":"","src":"https:\/\/i0.wp.com\/www.24baires.com\/wp-content\/uploads\/2023\/06\/sileoni-1024x681.jpg.webp?resize=350%2C200","width":350,"height":200,"srcset":"https:\/\/i0.wp.com\/www.24baires.com\/wp-content\/uploads\/2023\/06\/sileoni-1024x681.jpg.webp?resize=350%2C200 1x, https:\/\/i0.wp.com\/www.24baires.com\/wp-content\/uploads\/2023\/06\/sileoni-1024x681.jpg.webp?resize=525%2C300 1.5x, https:\/\/i0.wp.com\/www.24baires.com\/wp-content\/uploads\/2023\/06\/sileoni-1024x681.jpg.webp?resize=700%2C400 2x"},"classes":[]},{"id":31022,"url":"https:\/\/www.24baires.com\/?p=31022","url_meta":{"origin":6261,"position":5},"title":"Lanzan en Pergamino campa\u00f1a contra la tortura","author":"AF","date":"30\/08\/2013","format":false,"excerpt":"La Comisi\u00f3n por la Memoria de la provincia de Buenos Aires impulsar\u00e1 este viernes una iniciativa destinada a acabar con el maltrato en la localidad bonaerense. Seg\u00fan se inform\u00f3 desde la entidad en los \u00faltimos meses \u201cse increment\u00f3 la violencia institucional hacia ni\u00f1os, ni\u00f1as y adolescentes\u201d. Este viernes, desde las\u2026","rel":"","context":"En \u00abLocales\u00bb","block_context":{"text":"Locales","link":"https:\/\/www.24baires.com\/?cat=38"},"img":{"alt_text":"","src":"","width":0,"height":0},"classes":[]}],"jetpack_sharing_enabled":true,"jetpack_likes_enabled":true,"_links":{"self":[{"href":"https:\/\/www.24baires.com\/index.php?rest_route=\/wp\/v2\/posts\/6261","targetHints":{"allow":["GET"]}}],"collection":[{"href":"https:\/\/www.24baires.com\/index.php?rest_route=\/wp\/v2\/posts"}],"about":[{"href":"https:\/\/www.24baires.com\/index.php?rest_route=\/wp\/v2\/types\/post"}],"author":[{"embeddable":true,"href":"https:\/\/www.24baires.com\/index.php?rest_route=\/wp\/v2\/users\/4"}],"replies":[{"embeddable":true,"href":"https:\/\/www.24baires.com\/index.php?rest_route=%2Fwp%2Fv2%2Fcomments&post=6261"}],"version-history":[{"count":1,"href":"https:\/\/www.24baires.com\/index.php?rest_route=\/wp\/v2\/posts\/6261\/revisions"}],"predecessor-version":[{"id":6263,"href":"https:\/\/www.24baires.com\/index.php?rest_route=\/wp\/v2\/posts\/6261\/revisions\/6263"}],"wp:attachment":[{"href":"https:\/\/www.24baires.com\/index.php?rest_route=%2Fwp%2Fv2%2Fmedia&parent=6261"}],"wp:term":[{"taxonomy":"category","embeddable":true,"href":"https:\/\/www.24baires.com\/index.php?rest_route=%2Fwp%2Fv2%2Fcategories&post=6261"},{"taxonomy":"post_tag","embeddable":true,"href":"https:\/\/www.24baires.com\/index.php?rest_route=%2Fwp%2Fv2%2Ftags&post=6261"}],"curies":[{"name":"wp","href":"https:\/\/api.w.org\/{rel}","templated":true}]}}