{"id":6258,"date":"2012-11-21T13:44:50","date_gmt":"2012-11-21T16:44:50","guid":{"rendered":"http:\/\/www.24baires.com\/?p=6258"},"modified":"2012-11-21T14:03:45","modified_gmt":"2012-11-21T17:03:45","slug":"avanza-la-aprobacion-de-un-nuevo-feriado-para-el-proximo-febrero","status":"publish","type":"post","link":"https:\/\/www.24baires.com\/?p=6258","title":{"rendered":"Avanza la aprobaci\u00f3n de un nuevo feriado para el pr\u00f3ximo febrero"},"content":{"rendered":"<p>Ser\u00eda por \u00fanica vez, el 20 de febrero pr\u00f3ximo, y es con motivo de la Batalla de Salta, librada por las fuerzas patriotas a cargo del general Manuel Belgrano.<!--more--><\/p>\n<p>Obtuvo dictamen de mayor\u00eda en el Comisi\u00f3n de Legislaci\u00f3n General, el proyecto que present\u00f3 el diputado Fernando Yarade (FpV-Salta) el 25-11-2011, por el cual se declarar\u00e1 feriado nacional el 20 de febrero de 2013. El motivo es que se cumplen 200 a\u00f1os de la batalla de Salta, \u201cD\u00eda de la gran victoria\u201d.<\/p>\n<p>Con el apoyo de los legisladores salte\u00f1os, el proyecto en cuesti\u00f3n podr\u00eda ya recibir aprobaci\u00f3n en la C\u00e1mara baja, con lo que quedar\u00eda as\u00ed a un paso de convertirse en Ley Nacional.<\/p>\n<p>Al respecto, el diputado Yarade se\u00f1al\u00f3: \u201ces importante recordar y tener siempre presente gestas como esta, porque hacen a nuestra historia como pueblo y como pa\u00eds. Qu\u00e9 cosas fuimos capaces de lograr hace 200 a\u00f1os, y qu\u00e9 cosas somos y seremos capaces de hacer hoy y en el futuro\u201d.<\/p>\n<p>Recordemos que el cronograma del pr\u00f3ximo a\u00f1o en materia de feriados prev\u00e9 17, a los que podr\u00edan sumarse el del 20 de febrero y el 13 de febrero, por el bicentenario de la Asamblea del A\u00f1o XIII, en caso de ser ambos convertidos en ley.<\/p>\n<p>En el caso del 20 de febrero de 1813, en la pampa Casta\u00f1ares -Ciudad de Salta-, las tropas patriotas derrotaron por segunda vez a las tropas realistas del brigadier, a las que ya hab\u00edan batido en septiembre anterior en la tambi\u00e9n hist\u00f3rica Batalla de Tucum\u00e1n. El proyecto del diputado Yarade busca conmemorar el bicentenario de dicha victoria nacional, como as\u00ed tambi\u00e9n el d\u00eda en que flame\u00f3 por primera vez en aquellas tierras la bandera celeste y blanca, que el Gral. Belgrano hab\u00eda hecho jurar d\u00edas antes en el R\u00edo Pasaje (luego denominado juramento).<\/p>\n","protected":false},"excerpt":{"rendered":"<p>Ser\u00eda por \u00fanica vez, el 20 de febrero pr\u00f3ximo, y es con motivo de la Batalla de Salta, librada por las fuerzas patriotas a cargo del general Manuel Belgrano.<\/p>\n","protected":false},"author":4,"featured_media":0,"comment_status":"open","ping_status":"open","sticky":false,"template":"","format":"standard","meta":{"_jetpack_newsletter_access":"","_jetpack_dont_email_post_to_subs":false,"_jetpack_newsletter_tier_id":0,"_jetpack_memberships_contains_paywalled_content":false,"_jetpack_memberships_contains_paid_content":false,"footnotes":""},"categories":[1],"tags":[],"class_list":["post-6258","post","type-post","status-publish","format-standard","hentry","category-sociedad"],"jetpack_featured_media_url":"","jetpack_shortlink":"https:\/\/wp.me\/p2JWE0-1CW","jetpack-related-posts":[{"id":16194,"url":"https:\/\/www.24baires.com\/?p=16194","url_meta":{"origin":6258,"position":0},"title":"\u00abEn la Batalla de Salta comenz\u00f3 a definirse la nacionalidad argentina\u00bb puntualiz\u00f3 Boudou","author":"Grupo Sierra","date":"20\/02\/2013","format":false,"excerpt":"\"Es un momento muy importante y de gran simbolismo\", dijo Boudou a medios locales en el marco de los festejos por el bicentenario de la Batalla de Salta que se realizan en la capital salte\u00f1a. Boudou record\u00f3 que en la Batalla de Salta \"se empez\u00f3 a definir la nacionalidad argentina,\u2026","rel":"","context":"En \u00abPol\u00edtica\u00bb","block_context":{"text":"Pol\u00edtica","link":"https:\/\/www.24baires.com\/?cat=51"},"img":{"alt_text":"boudou en salta","src":"https:\/\/i0.wp.com\/www.24baires.com\/wp-content\/uploads\/2013\/02\/boudou-en-salta.jpg?resize=350%2C200","width":350,"height":200,"srcset":"https:\/\/i0.wp.com\/www.24baires.com\/wp-content\/uploads\/2013\/02\/boudou-en-salta.jpg?resize=350%2C200 1x, https:\/\/i0.wp.com\/www.24baires.com\/wp-content\/uploads\/2013\/02\/boudou-en-salta.jpg?resize=525%2C300 1.5x"},"classes":[]},{"id":12414,"url":"https:\/\/www.24baires.com\/?p=12414","url_meta":{"origin":6258,"position":1},"title":"Por el bicentenario de la Batalla de Salta, el 20 de febrero ser\u00e1 feriado","author":"AF","date":"16\/01\/2013","format":false,"excerpt":"Ser\u00e1 en conmemoraci\u00f3n del bicentenario de la batalla en la cual el Ej\u00e9rcito del Norte, comandado por Manuel Belgrano, derrot\u00f3 por segunda vez a las tropas realistas y fren\u00f3 su avance sobre el territorio argentino. La ley que estableci\u00f3 el feriado fue sancionada por el Congreso de la Naci\u00f3n el\u2026","rel":"","context":"En \u00abSociedad\u00bb","block_context":{"text":"Sociedad","link":"https:\/\/www.24baires.com\/?cat=1"},"img":{"alt_text":"","src":"","width":0,"height":0},"classes":[]},{"id":83326,"url":"https:\/\/www.24baires.com\/?p=83326","url_meta":{"origin":6258,"position":2},"title":"Michetti no descarta que Macri vete el feriado del 17 de junio","author":"AF","date":"31\/05\/2016","format":false,"excerpt":"As\u00ed lo manifest\u00f3 en una entrevista a El Tribuno de Salta, que la consult\u00f3 sobre el proyecto de ley que se discute en el Senado de la Naci\u00f3n, tras el aval de Diputados, para declarar feriado nacional el 17 de junio, cuando se conmemora el aniversario de la muerte del\u2026","rel":"","context":"En \u00abPol\u00edtica\u00bb","block_context":{"text":"Pol\u00edtica","link":"https:\/\/www.24baires.com\/?cat=51"},"img":{"alt_text":"michetti monzo","src":"https:\/\/i0.wp.com\/www.24baires.com\/wp-content\/uploads\/2016\/02\/michetti-monzo.jpg?resize=350%2C200","width":350,"height":200,"srcset":"https:\/\/i0.wp.com\/www.24baires.com\/wp-content\/uploads\/2016\/02\/michetti-monzo.jpg?resize=350%2C200 1x, https:\/\/i0.wp.com\/www.24baires.com\/wp-content\/uploads\/2016\/02\/michetti-monzo.jpg?resize=525%2C300 1.5x"},"classes":[]},{"id":98612,"url":"https:\/\/www.24baires.com\/?p=98612","url_meta":{"origin":6258,"position":3},"title":"Diputado de Cambiemos quiere eliminar la feria judicial","author":"GB","date":"08\/11\/2017","format":false,"excerpt":"Tras las cr\u00edticas de Macri a los horarios y las vacaciones en el Poder Judicial, Guillermo Castello reflot\u00f3 el proyecto presentado en febrero. \"La feria constituye una restricci\u00f3n al acceso a la justicia\", argument\u00f3. El diputado bonaerense de Cambiemos Guillermo Castello reflot\u00f3 su proyecto para eliminar la feria judicial tras\u2026","rel":"","context":"En \u00abPol\u00edtica\u00bb","block_context":{"text":"Pol\u00edtica","link":"https:\/\/www.24baires.com\/?cat=51"},"img":{"alt_text":"","src":"https:\/\/i0.wp.com\/www.24baires.com\/wp-content\/uploads\/2017\/11\/guillermo-castello.jpg?resize=350%2C200","width":350,"height":200,"srcset":"https:\/\/i0.wp.com\/www.24baires.com\/wp-content\/uploads\/2017\/11\/guillermo-castello.jpg?resize=350%2C200 1x, https:\/\/i0.wp.com\/www.24baires.com\/wp-content\/uploads\/2017\/11\/guillermo-castello.jpg?resize=525%2C300 1.5x"},"classes":[]},{"id":117740,"url":"https:\/\/www.24baires.com\/?p=117740","url_meta":{"origin":6258,"position":4},"title":"Diputados dio media sanci\u00f3n al proyecto de zona fr\u00eda","author":"GB","date":"11\/06\/2021","format":false,"excerpt":"Finalmente Diputados aprob\u00f3 por mayor\u00eda el proyecto de tarifa de gas m\u00e1s accesibles para distritos en zona fr\u00eda. La C\u00e1mara de Diputados de la Naci\u00f3n dio media sanci\u00f3n al proyecto de ley que establece recategorizaciones a zona fr\u00eda y alcanza a varios distritos de la provincia de Buenos Aires. La\u2026","rel":"","context":"En \u00abPol\u00edtica\u00bb","block_context":{"text":"Pol\u00edtica","link":"https:\/\/www.24baires.com\/?cat=51"},"img":{"alt_text":"","src":"https:\/\/i0.wp.com\/www.24baires.com\/wp-content\/uploads\/2020\/05\/diputados-virtual.jpg?resize=350%2C200","width":350,"height":200,"srcset":"https:\/\/i0.wp.com\/www.24baires.com\/wp-content\/uploads\/2020\/05\/diputados-virtual.jpg?resize=350%2C200 1x, https:\/\/i0.wp.com\/www.24baires.com\/wp-content\/uploads\/2020\/05\/diputados-virtual.jpg?resize=525%2C300 1.5x"},"classes":[]},{"id":102734,"url":"https:\/\/www.24baires.com\/?p=102734","url_meta":{"origin":6258,"position":5},"title":"Diputados le dijo s\u00ed al aborto legal, seguro y gratuito","author":"GB","date":"14\/06\/2018","format":false,"excerpt":"Tras una marat\u00f3nica sesi\u00f3n de casi 24 horas y en una votaci\u00f3n muy re\u00f1ida, la C\u00e1mara de Diputados dio su aprobaci\u00f3n al proyecto de despenalizaci\u00f3n del aborto seguro y gratuito. Cerca de las 10 de la ma\u00f1ana del jueves tuvo lugar finalmente el conteo de los votos, que arroj\u00f3 un\u2026","rel":"","context":"En \u00abPol\u00edtica\u00bb","block_context":{"text":"Pol\u00edtica","link":"https:\/\/www.24baires.com\/?cat=51"},"img":{"alt_text":"","src":"https:\/\/i0.wp.com\/www.24baires.com\/wp-content\/uploads\/2018\/06\/aborto-seguro.jpg?resize=350%2C200","width":350,"height":200,"srcset":"https:\/\/i0.wp.com\/www.24baires.com\/wp-content\/uploads\/2018\/06\/aborto-seguro.jpg?resize=350%2C200 1x, https:\/\/i0.wp.com\/www.24baires.com\/wp-content\/uploads\/2018\/06\/aborto-seguro.jpg?resize=525%2C300 1.5x"},"classes":[]}],"jetpack_sharing_enabled":true,"jetpack_likes_enabled":true,"_links":{"self":[{"href":"https:\/\/www.24baires.com\/index.php?rest_route=\/wp\/v2\/posts\/6258","targetHints":{"allow":["GET"]}}],"collection":[{"href":"https:\/\/www.24baires.com\/index.php?rest_route=\/wp\/v2\/posts"}],"about":[{"href":"https:\/\/www.24baires.com\/index.php?rest_route=\/wp\/v2\/types\/post"}],"author":[{"embeddable":true,"href":"https:\/\/www.24baires.com\/index.php?rest_route=\/wp\/v2\/users\/4"}],"replies":[{"embeddable":true,"href":"https:\/\/www.24baires.com\/index.php?rest_route=%2Fwp%2Fv2%2Fcomments&post=6258"}],"version-history":[{"count":3,"href":"https:\/\/www.24baires.com\/index.php?rest_route=\/wp\/v2\/posts\/6258\/revisions"}],"predecessor-version":[{"id":6264,"href":"https:\/\/www.24baires.com\/index.php?rest_route=\/wp\/v2\/posts\/6258\/revisions\/6264"}],"wp:attachment":[{"href":"https:\/\/www.24baires.com\/index.php?rest_route=%2Fwp%2Fv2%2Fmedia&parent=6258"}],"wp:term":[{"taxonomy":"category","embeddable":true,"href":"https:\/\/www.24baires.com\/index.php?rest_route=%2Fwp%2Fv2%2Fcategories&post=6258"},{"taxonomy":"post_tag","embeddable":true,"href":"https:\/\/www.24baires.com\/index.php?rest_route=%2Fwp%2Fv2%2Ftags&post=6258"}],"curies":[{"name":"wp","href":"https:\/\/api.w.org\/{rel}","templated":true}]}}