{"id":6254,"date":"2012-11-21T13:16:32","date_gmt":"2012-11-21T16:16:32","guid":{"rendered":"http:\/\/www.24baires.com\/?p=6254"},"modified":"2012-11-21T13:16:32","modified_gmt":"2012-11-21T16:16:32","slug":"fernando-lugo-visitara-la-matanza","status":"publish","type":"post","link":"https:\/\/www.24baires.com\/?p=6254","title":{"rendered":"Fernando Lugo visitar\u00e1 La Matanza"},"content":{"rendered":"<p style=\"text-align: left;\"><img data-recalc-dims=\"1\" loading=\"lazy\" decoding=\"async\" class=\"size-full wp-image-6255 aligncenter\" title=\"lugo\" src=\"https:\/\/i0.wp.com\/www.24baires.com\/wp-content\/uploads\/2012\/11\/lugo.jpg?resize=560%2C336\" alt=\"\" width=\"560\" height=\"336\" srcset=\"https:\/\/i0.wp.com\/www.24baires.com\/wp-content\/uploads\/2012\/11\/lugo.jpg?w=560&amp;ssl=1 560w, https:\/\/i0.wp.com\/www.24baires.com\/wp-content\/uploads\/2012\/11\/lugo.jpg?resize=300%2C180&amp;ssl=1 300w\" sizes=\"auto, (max-width: 560px) 100vw, 560px\" \/>Al cumplirse cinco meses del golpe parlamentario en Paraguay, el presidente depuesto se har\u00e1 presente en el distrito bonaerense que cuenta con la mayor concentraci\u00f3n de inmigrantes de ese pa\u00eds. La secretaria General de la CTA local y organizadora del evento, Mar\u00eda Reigada, asegur\u00f3 que \u201csignifica un acto latinoamericano en defensa de la democracia\u201d.<!--more--><\/p>\n<p>El presidente depuesto por el golpe parlamentario en Paraguay el pasado 22 de junio, Fernando Lugo visitar\u00e1 La Matanza el pr\u00f3ximo viernes a las 18 en la plaza de estaci\u00f3n San Justo, en el marco de un acto organizado por la Central de Trabajadores Argentinos (CTA) local.<\/p>\n<p>\u201cSe trata de una convocatoria muy importante teniendo en cuanta que La Matanza es el distrito de mayor concentraci\u00f3n de inmigrantes paraguayos\u201d, cont\u00f3 la secretaria General de la CTA de La Matanza, Mar\u00eda Reigada<\/p>\n<p>En ese sentido, Reigada se\u00f1al\u00f3 que \u201cel motivo de su visita es para recordar que el 22 se cumplen los cinco meses del golpe parlamentario que se realiz\u00f3 en Paraguay\u201d y record\u00f3 que en momentos en el que se produjo el golpe, \u201cestaba planificada una visita de Lugo al distrito bonaerense, pero se vio frustrada por los hechos acontecidos en Paraguay\u201d.<\/p>\n<p>\u201cPara los matanceros significa un acto latinoamericano en defensa de la democracia con la presencia Lugo, presidente depuesto quien presentar\u00e1 a Carrillo Iramain candidato que hoy ofrece el Frente Guasu para las elecciones de abril pr\u00f3ximo\u201d dijo y agreg\u00f3: \u201ctambi\u00e9n contaremos con la participaci\u00f3n de senadores y diputados paraguayos\u201d.<\/p>\n<p>En tanto, subray\u00f3 que \u201cpara nosotros es una gran responsabilidad y por eso queremos darle el marco que se merece una visita de estas caracter\u00edsticas\u201d.<\/p>\n<p>El acto ser\u00e1 el 23 de noviembre a las 18 horas en comisionado Indar y Zapiola donde esta la plaza de estaci\u00f3n de San Justo. Por la ma\u00f1ana estar\u00e1 Fernando Lugo se har\u00e1 presente en la C\u00e1mara de Diputados de la provincia de Buenos Aires.<\/p>\n","protected":false},"excerpt":{"rendered":"<p>Al cumplirse cinco meses del golpe parlamentario en Paraguay, el presidente depuesto se har\u00e1 presente en el distrito bonaerense que cuenta con la mayor concentraci\u00f3n de inmigrantes de ese pa\u00eds. La secretaria General de la CTA local y organizadora del evento, Mar\u00eda Reigada, asegur\u00f3 que \u201csignifica un acto latinoamericano en defensa de la democracia\u201d.<\/p>\n","protected":false},"author":4,"featured_media":0,"comment_status":"open","ping_status":"open","sticky":false,"template":"","format":"standard","meta":{"_jetpack_newsletter_access":"","_jetpack_dont_email_post_to_subs":false,"_jetpack_newsletter_tier_id":0,"_jetpack_memberships_contains_paywalled_content":false,"_jetpack_memberships_contains_paid_content":false,"footnotes":""},"categories":[38],"tags":[],"class_list":["post-6254","post","type-post","status-publish","format-standard","hentry","category-locales"],"jetpack_featured_media_url":"","jetpack_shortlink":"https:\/\/wp.me\/p2JWE0-1CS","jetpack-related-posts":[{"id":7014,"url":"https:\/\/www.24baires.com\/?p=7014","url_meta":{"origin":6254,"position":0},"title":"Fernando Lugo visit\u00f3 el partido de La Matanza","author":"AF","date":"27\/11\/2012","format":false,"excerpt":"El intendente de La Matanza, Fernando Espinoza, recibi\u00f3 en su despacho del Palacio Comunal a Fernando Lugo, el presidente constitucional de la rep\u00fablica de Paraguay, destituido hace cinco meses en lo que fue denominado como un golpe institucional. Lugo, que visit\u00f3 el Distrito junto al candidato a presidente por el\u2026","rel":"","context":"En \u00abPol\u00edtica\u00bb","block_context":{"text":"Pol\u00edtica","link":"https:\/\/www.24baires.com\/?cat=51"},"img":{"alt_text":"","src":"https:\/\/i0.wp.com\/www.24baires.com\/wp-content\/uploads\/2012\/11\/lugo-fernando.jpg?resize=350%2C200","width":350,"height":200,"srcset":"https:\/\/i0.wp.com\/www.24baires.com\/wp-content\/uploads\/2012\/11\/lugo-fernando.jpg?resize=350%2C200 1x, https:\/\/i0.wp.com\/www.24baires.com\/wp-content\/uploads\/2012\/11\/lugo-fernando.jpg?resize=525%2C300 1.5x"},"classes":[]},{"id":121126,"url":"https:\/\/www.24baires.com\/?p=121126","url_meta":{"origin":6254,"position":1},"title":"El 80% de las industrias en La Matanza suspendieron o despidieron personal","author":"GB","date":"19\/03\/2024","format":false,"excerpt":"El alcalde de La Matanza, Fernando Espinoza, abri\u00f3 las sesiones del Deliberante local con un fuerte discurso contra Javier Milei en el que destac\u00f3 el impacto de las pol\u00edticas del libertario en el territorio. En el marco de la apertura de sesiones ordinarias del Honorable Concejo Deliberante, el intendente de\u2026","rel":"","context":"En \u00abMunicipios\u00bb","block_context":{"text":"Municipios","link":"https:\/\/www.24baires.com\/?cat=44"},"img":{"alt_text":"","src":"https:\/\/i0.wp.com\/www.24baires.com\/wp-content\/uploads\/2024\/03\/espinoza.webp?resize=350%2C200","width":350,"height":200,"srcset":"https:\/\/i0.wp.com\/www.24baires.com\/wp-content\/uploads\/2024\/03\/espinoza.webp?resize=350%2C200 1x, https:\/\/i0.wp.com\/www.24baires.com\/wp-content\/uploads\/2024\/03\/espinoza.webp?resize=525%2C300 1.5x, https:\/\/i0.wp.com\/www.24baires.com\/wp-content\/uploads\/2024\/03\/espinoza.webp?resize=700%2C400 2x"},"classes":[]},{"id":86957,"url":"https:\/\/www.24baires.com\/?p=86957","url_meta":{"origin":6254,"position":2},"title":"Trabajadores de todo el pa\u00eds se movilizar\u00e1n a Plaza de Mayo contra los despidos, la pobreza y el tarifazo","author":"GB","date":"30\/08\/2016","format":false,"excerpt":"La marcha organizada por la CTA de los Trabajadores que conduce Hugo Yasky, comenzar\u00e1 ma\u00f1ana y se extender\u00e1 hasta el viernes. Gran movimiento en toda la provincia. Organizaciones sociales, gremiales y de Derechos Humanos participar\u00e1n de una marcha federal organizada por las dos CTA que comenzar\u00e1 ma\u00f1ana y se extender\u00e1\u2026","rel":"","context":"En \u00abPol\u00edtica\u00bb","block_context":{"text":"Pol\u00edtica","link":"https:\/\/www.24baires.com\/?cat=51"},"img":{"alt_text":"yasky hugo","src":"https:\/\/i0.wp.com\/www.24baires.com\/wp-content\/uploads\/2012\/11\/yasky-hugo.jpg?resize=350%2C200","width":350,"height":200,"srcset":"https:\/\/i0.wp.com\/www.24baires.com\/wp-content\/uploads\/2012\/11\/yasky-hugo.jpg?resize=350%2C200 1x, https:\/\/i0.wp.com\/www.24baires.com\/wp-content\/uploads\/2012\/11\/yasky-hugo.jpg?resize=525%2C300 1.5x"},"classes":[]},{"id":117196,"url":"https:\/\/www.24baires.com\/?p=117196","url_meta":{"origin":6254,"position":3},"title":"Fern\u00e1ndez present\u00f3 una lista de unidad y ser\u00e1 el presidente del PJ","author":"AF","date":"16\/02\/2021","format":false,"excerpt":"La vicegobernadora de Chaco, Anal\u00eda Rach Quiroga, y las diputadas Cristina \u00c1lvarez Rodr\u00edguez y Luc\u00eda Corpacci ser\u00e1n las vicepresidentas del partido, junto con Manzur y Kicillof. Los distintos sectores del peronismo presentaron a \u00faltima hora del lunes la lista oficialista \u2018Unidad y Federalismo\u2019 con los candidatos a consejeros para renovar\u2026","rel":"","context":"En \u00abPol\u00edtica\u00bb","block_context":{"text":"Pol\u00edtica","link":"https:\/\/www.24baires.com\/?cat=51"},"img":{"alt_text":"","src":"https:\/\/i0.wp.com\/www.24baires.com\/wp-content\/uploads\/2020\/08\/alberto-fern%C3%A1ndez.jpg?resize=350%2C200","width":350,"height":200,"srcset":"https:\/\/i0.wp.com\/www.24baires.com\/wp-content\/uploads\/2020\/08\/alberto-fern%C3%A1ndez.jpg?resize=350%2C200 1x, https:\/\/i0.wp.com\/www.24baires.com\/wp-content\/uploads\/2020\/08\/alberto-fern%C3%A1ndez.jpg?resize=525%2C300 1.5x"},"classes":[]},{"id":104133,"url":"https:\/\/www.24baires.com\/?p=104133","url_meta":{"origin":6254,"position":4},"title":"Cambiemos presenta nuevo proyecto para dividir La Matanza","author":"GB","date":"28\/08\/2018","format":false,"excerpt":"Cambiemos volvi\u00f3 a poner en discusi\u00f3n la divisi\u00f3n de La Matanza, con la presentaci\u00f3n de un nuevo proyecto de ley, similar a los presentados en a\u00f1os anteriores, que propone partir en cuatro el distrito gobernado por la kichnerista Ver\u00f3nica Magario. La nueva iniciativa fue ingresada por el diputado Mauricio Vivani,\u2026","rel":"","context":"En \u00abMunicipios\u00bb","block_context":{"text":"Municipios","link":"https:\/\/www.24baires.com\/?cat=44"},"img":{"alt_text":"","src":"https:\/\/i0.wp.com\/www.24baires.com\/wp-content\/uploads\/2016\/09\/magario-300x206.jpg?resize=350%2C200","width":350,"height":200},"classes":[]},{"id":101070,"url":"https:\/\/www.24baires.com\/?p=101070","url_meta":{"origin":6254,"position":5},"title":"Moreno es el distrito del GBA con mayor nivel de paridad de g\u00e9nero","author":"GB","date":"15\/03\/2018","format":false,"excerpt":"El dato se refiere a los puestos de primera y segunda l\u00ednea en el Gabinete. Lo siguen La Matanza y Varela. N\u00fameros bajos para el PRO. El municipio bonaerense de Moreno es el que registra el mayor \u00edndice de paridad de g\u00e9nero en el Gabinete en el \u00c1rea Metropolitana de\u2026","rel":"","context":"En \u00abSociedad\u00bb","block_context":{"text":"Sociedad","link":"https:\/\/www.24baires.com\/?cat=1"},"img":{"alt_text":"","src":"https:\/\/i0.wp.com\/www.24baires.com\/wp-content\/uploads\/2018\/03\/moreno.jpg?resize=350%2C200","width":350,"height":200,"srcset":"https:\/\/i0.wp.com\/www.24baires.com\/wp-content\/uploads\/2018\/03\/moreno.jpg?resize=350%2C200 1x, https:\/\/i0.wp.com\/www.24baires.com\/wp-content\/uploads\/2018\/03\/moreno.jpg?resize=525%2C300 1.5x"},"classes":[]}],"jetpack_sharing_enabled":true,"jetpack_likes_enabled":true,"_links":{"self":[{"href":"https:\/\/www.24baires.com\/index.php?rest_route=\/wp\/v2\/posts\/6254","targetHints":{"allow":["GET"]}}],"collection":[{"href":"https:\/\/www.24baires.com\/index.php?rest_route=\/wp\/v2\/posts"}],"about":[{"href":"https:\/\/www.24baires.com\/index.php?rest_route=\/wp\/v2\/types\/post"}],"author":[{"embeddable":true,"href":"https:\/\/www.24baires.com\/index.php?rest_route=\/wp\/v2\/users\/4"}],"replies":[{"embeddable":true,"href":"https:\/\/www.24baires.com\/index.php?rest_route=%2Fwp%2Fv2%2Fcomments&post=6254"}],"version-history":[{"count":2,"href":"https:\/\/www.24baires.com\/index.php?rest_route=\/wp\/v2\/posts\/6254\/revisions"}],"predecessor-version":[{"id":6257,"href":"https:\/\/www.24baires.com\/index.php?rest_route=\/wp\/v2\/posts\/6254\/revisions\/6257"}],"wp:attachment":[{"href":"https:\/\/www.24baires.com\/index.php?rest_route=%2Fwp%2Fv2%2Fmedia&parent=6254"}],"wp:term":[{"taxonomy":"category","embeddable":true,"href":"https:\/\/www.24baires.com\/index.php?rest_route=%2Fwp%2Fv2%2Fcategories&post=6254"},{"taxonomy":"post_tag","embeddable":true,"href":"https:\/\/www.24baires.com\/index.php?rest_route=%2Fwp%2Fv2%2Ftags&post=6254"}],"curies":[{"name":"wp","href":"https:\/\/api.w.org\/{rel}","templated":true}]}}