{"id":62537,"date":"2015-03-02T21:10:52","date_gmt":"2015-03-03T00:10:52","guid":{"rendered":"http:\/\/www.24baires.com\/?p=62537"},"modified":"2015-03-02T21:10:52","modified_gmt":"2015-03-03T00:10:52","slug":"la-cerveza-reduce-el-riesgo-cardiovascular-hipertension-y-diabetes","status":"publish","type":"post","link":"https:\/\/www.24baires.com\/?p=62537","title":{"rendered":"\u00abLa cerveza reduce el riesgo cardiovascular, hipertensi\u00f3n y diabetes\u00bb"},"content":{"rendered":"<p><img data-recalc-dims=\"1\" loading=\"lazy\" decoding=\"async\" class=\"aligncenter size-full wp-image-52564\" src=\"https:\/\/i0.wp.com\/www.24baires.com\/wp-content\/uploads\/2014\/08\/cerveza.jpg?resize=560%2C373\" alt=\"cerveza\" width=\"560\" height=\"373\" srcset=\"https:\/\/i0.wp.com\/www.24baires.com\/wp-content\/uploads\/2014\/08\/cerveza.jpg?w=560&amp;ssl=1 560w, https:\/\/i0.wp.com\/www.24baires.com\/wp-content\/uploads\/2014\/08\/cerveza.jpg?resize=300%2C199&amp;ssl=1 300w\" sizes=\"auto, (max-width: 560px) 100vw, 560px\" \/>Especialistas aseguran que la bebida ayuda a la calidad nutricional de la dieta e incluso, en consumo moderado, previene la obesidad.<!--more--><\/p>\n<p>Seg\u00fan un estudio reciente espa\u00f1ol, el consumo moderado de cerveza (330 ml) mejora la calidad nutricional de la dieta y colabora para incorporar otros alimentos saludables.<\/p>\n<p>As\u00ed, la cerveza se suma al aceite de oliva, frutas y vegetales, granos, nueces, l\u00e1cteos y pescados que son algunos de los alimentos que conforman la base de este tipo de dieta.<\/p>\n<p>La importancia de incorporarla se debe a que \u00e9sta se encuentra asociada a la disminuci\u00f3n del riesgo cardiovascular, y la prevenci\u00f3n de obesidad, la hipertensi\u00f3n y diabetes.<\/p>\n<p>Seg\u00fan la investigaci\u00f3n dirigida por el Dr. Llu\u00eds Serra, Catedr\u00e1tico de Medicina Preventiva y Salud P\u00fablica de la Universidad de Las Palmas de Gran Canaria, la cerveza tiene propiedades beneficiosas debido a su baja graduaci\u00f3n alcoh\u00f3lica (5%) y los ingredientes naturales con los que est\u00e1 elaborada (maltodextrinas y carbohidratos complejos de absorci\u00f3n lenta).<\/p>\n<p>Adem\u00e1s, el estudio desarrollado por Serra demuestra que la presencia de cerveza en el acompa\u00f1amiento de la dieta diaria aumenta la adherencia a la misma, ya que las personas acostumbran a llevar una alimentaci\u00f3n m\u00e1s saludable, si la bebida de acompa\u00f1amiento es la cerveza.<\/p>\n<p>Adem\u00e1s, recomiendan el consumo moderado de cerveza en la Pir\u00e1mide de la Alimentaci\u00f3n Saludable.<\/p>\n<p>&nbsp;<\/p>\n<p>&nbsp;<\/p>\n<p>&nbsp;<\/p>\n<p>&nbsp;<\/p>\n","protected":false},"excerpt":{"rendered":"<p>Especialistas aseguran que la bebida ayuda a la calidad nutricional de la dieta e incluso, en consumo moderado, previene la obesidad.<\/p>\n","protected":false},"author":11,"featured_media":0,"comment_status":"open","ping_status":"open","sticky":false,"template":"","format":"standard","meta":{"_jetpack_newsletter_access":"","_jetpack_dont_email_post_to_subs":false,"_jetpack_newsletter_tier_id":0,"_jetpack_memberships_contains_paywalled_content":false,"_jetpack_memberships_contains_paid_content":false,"footnotes":""},"categories":[52],"tags":[],"class_list":["post-62537","post","type-post","status-publish","format-standard","hentry","category-cocina-vinos"],"jetpack_featured_media_url":"","jetpack_shortlink":"https:\/\/wp.me\/p2JWE0-ggF","jetpack-related-posts":[{"id":118667,"url":"https:\/\/www.24baires.com\/?p=118667","url_meta":{"origin":62537,"position":0},"title":"Etiquetado Frontal: el Gobierno reglament\u00f3 la ley de envases","author":"GB","date":"23\/03\/2022","format":false,"excerpt":"Tras sancionarse la Ley de Etiquetado Frontal, desde el Gobierno comunicaron la reglamentaci\u00f3n de la Promoci\u00f3n de la Alimentaci\u00f3n Saludable. Desde el Gobierno publicaron hoy la reglamentaci\u00f3n de la Ley de Promoci\u00f3n de la Alimentaci\u00f3n Saludable, m\u00e1s conocida como de Etiquetado Frontal, mediante la que las empresas deber\u00e1n advertir a\u2026","rel":"","context":"En \u00abPol\u00edtica\u00bb","block_context":{"text":"Pol\u00edtica","link":"https:\/\/www.24baires.com\/?cat=51"},"img":{"alt_text":"","src":"https:\/\/i0.wp.com\/www.24baires.com\/wp-content\/uploads\/2022\/03\/estiquetado-frontaljpg.jpg?resize=350%2C200","width":350,"height":200},"classes":[]},{"id":26299,"url":"https:\/\/www.24baires.com\/?p=26299","url_meta":{"origin":62537,"position":1},"title":"Coronel Su\u00e1rez: muri\u00f3 un hombre afectado por la Gripe A","author":"AF","date":"18\/06\/2013","format":false,"excerpt":"Un hombre de 61 a\u00f1os muri\u00f3 en el hospital municipal de Coronel Su\u00e1rez afectado por el virus de la Gripe A (H1N1). El director del centro asistencial, Ricardo Denaro, asegur\u00f3 que era \"un paciente con factores de riesgo, ya que era obeso y adem\u00e1s hab\u00eda tenido un ACV en el\u2026","rel":"","context":"En \u00abLocales\u00bb","block_context":{"text":"Locales","link":"https:\/\/www.24baires.com\/?cat=38"},"img":{"alt_text":"","src":"","width":0,"height":0},"classes":[]},{"id":36818,"url":"https:\/\/www.24baires.com\/?p=36818","url_meta":{"origin":62537,"position":2},"title":"La Matanza y una cruzada por la Salud Cardiovascular","author":"Grupo Sierra","date":"14\/12\/2013","format":false,"excerpt":"El Consejo Consultivo Local, zonas Lomas del Mirador I y II de la Regi\u00f3n Descentralizada I Noroeste del Municipio de La Matanza realizar\u00e1 la primera Campa\u00f1a abierta a la comunidad los d\u00edas 17 y 19 de diciembre en la Plaza M. M. de G\u00fcemes, ubicada en Av. J. M. de\u2026","rel":"","context":"En \u00abLocales\u00bb","block_context":{"text":"Locales","link":"https:\/\/www.24baires.com\/?cat=38"},"img":{"alt_text":"","src":"","width":0,"height":0},"classes":[]},{"id":46723,"url":"https:\/\/www.24baires.com\/?p=46723","url_meta":{"origin":62537,"position":3},"title":"Aseguran que los obesos tienen de 8 a 14 a\u00f1os menos de vida","author":"AF","date":"25\/05\/2014","format":false,"excerpt":"Especialistas alertaron adem\u00e1s que, junto al sobrepeso, es la principal enfermedad prevenible del pa\u00eds, ya que entre ambas afectan al 53,4 por ciento de los argentinos. \"Es un problema de salud p\u00fablica cuyo control implica cambios en el estilo de vida; y para acompa\u00f1arlos contamos hoy con apoyo nutricional, f\u00edsico,\u2026","rel":"","context":"En \u00abSociedad\u00bb","block_context":{"text":"Sociedad","link":"https:\/\/www.24baires.com\/?cat=1"},"img":{"alt_text":"obesidad","src":"https:\/\/i0.wp.com\/www.24baires.com\/wp-content\/uploads\/2014\/05\/obesidad.png?resize=350%2C200","width":350,"height":200,"srcset":"https:\/\/i0.wp.com\/www.24baires.com\/wp-content\/uploads\/2014\/05\/obesidad.png?resize=350%2C200 1x, https:\/\/i0.wp.com\/www.24baires.com\/wp-content\/uploads\/2014\/05\/obesidad.png?resize=525%2C300 1.5x"},"classes":[]},{"id":40862,"url":"https:\/\/www.24baires.com\/?p=40862","url_meta":{"origin":62537,"position":4},"title":"Olavarr\u00eda: un especialista de Ingenier\u00eda busca un desarrollo extremo de la qu\u00ednoa","author":"Grupo Sierra","date":"21\/02\/2014","format":false,"excerpt":"OLAVARR\u00cdA- Ramiro Carcioch, Licenciado en Alimentos, utiliza la semilla como objeto de investigaci\u00f3n y la somete a un proceso qu\u00edmico in\u00e9dito de irradiaci\u00f3n de rayos ultravioletas (UV) que hace que la planta se estrese y se defienda generando m\u00e1s antioxidantes. Un especialista de la Facultad de Ingenier\u00eda de la Unic\u00e9n,\u2026","rel":"","context":"En \u00abTecnolog\u00eda\u00bb","block_context":{"text":"Tecnolog\u00eda","link":"https:\/\/www.24baires.com\/?cat=46"},"img":{"alt_text":"","src":"","width":0,"height":0},"classes":[]},{"id":42190,"url":"https:\/\/www.24baires.com\/?p=42190","url_meta":{"origin":62537,"position":5},"title":"Para evitar sedentarismo, a ejercitarse en el trabajo","author":"Grupo Sierra","date":"15\/03\/2014","format":false,"excerpt":"El Ministerio de Salud recomend\u00f3 sumar al menos 30 minutos diarios de actividad f\u00edsica regular, a trav\u00e9s de la incorporaci\u00f3n de ejercicios simples en la vida cotidiana y especialmente en el \u00e1mbito laboral, para evitar las enfermedades que provoca el sedentarismo. Los estilos de vida sedentarios constituyen una de las\u2026","rel":"","context":"En \u00abGeneral\u00bb","block_context":{"text":"General","link":"https:\/\/www.24baires.com\/?cat=67"},"img":{"alt_text":"Ejercicio-en-el-trabajo","src":"https:\/\/i0.wp.com\/www.24baires.com\/wp-content\/uploads\/2014\/03\/Ejercicio-en-el-trabajo.jpg?resize=350%2C200","width":350,"height":200,"srcset":"https:\/\/i0.wp.com\/www.24baires.com\/wp-content\/uploads\/2014\/03\/Ejercicio-en-el-trabajo.jpg?resize=350%2C200 1x, https:\/\/i0.wp.com\/www.24baires.com\/wp-content\/uploads\/2014\/03\/Ejercicio-en-el-trabajo.jpg?resize=525%2C300 1.5x"},"classes":[]}],"jetpack_sharing_enabled":true,"jetpack_likes_enabled":true,"_links":{"self":[{"href":"https:\/\/www.24baires.com\/index.php?rest_route=\/wp\/v2\/posts\/62537","targetHints":{"allow":["GET"]}}],"collection":[{"href":"https:\/\/www.24baires.com\/index.php?rest_route=\/wp\/v2\/posts"}],"about":[{"href":"https:\/\/www.24baires.com\/index.php?rest_route=\/wp\/v2\/types\/post"}],"author":[{"embeddable":true,"href":"https:\/\/www.24baires.com\/index.php?rest_route=\/wp\/v2\/users\/11"}],"replies":[{"embeddable":true,"href":"https:\/\/www.24baires.com\/index.php?rest_route=%2Fwp%2Fv2%2Fcomments&post=62537"}],"version-history":[{"count":1,"href":"https:\/\/www.24baires.com\/index.php?rest_route=\/wp\/v2\/posts\/62537\/revisions"}],"predecessor-version":[{"id":62538,"href":"https:\/\/www.24baires.com\/index.php?rest_route=\/wp\/v2\/posts\/62537\/revisions\/62538"}],"wp:attachment":[{"href":"https:\/\/www.24baires.com\/index.php?rest_route=%2Fwp%2Fv2%2Fmedia&parent=62537"}],"wp:term":[{"taxonomy":"category","embeddable":true,"href":"https:\/\/www.24baires.com\/index.php?rest_route=%2Fwp%2Fv2%2Fcategories&post=62537"},{"taxonomy":"post_tag","embeddable":true,"href":"https:\/\/www.24baires.com\/index.php?rest_route=%2Fwp%2Fv2%2Ftags&post=62537"}],"curies":[{"name":"wp","href":"https:\/\/api.w.org\/{rel}","templated":true}]}}