{"id":62470,"date":"2015-03-01T18:30:13","date_gmt":"2015-03-01T21:30:13","guid":{"rendered":"http:\/\/www.24baires.com\/?p=62470"},"modified":"2015-03-01T17:27:46","modified_gmt":"2015-03-01T20:27:46","slug":"por-su-propio-peso","status":"publish","type":"post","link":"https:\/\/www.24baires.com\/?p=62470","title":{"rendered":"Por su propio peso"},"content":{"rendered":"<p><img data-recalc-dims=\"1\" loading=\"lazy\" decoding=\"async\" class=\"aligncenter size-full wp-image-62321\" src=\"https:\/\/i0.wp.com\/www.24baires.com\/wp-content\/uploads\/2015\/02\/rafecas.jpg?resize=560%2C373\" alt=\"rafecas\" width=\"560\" height=\"373\" srcset=\"https:\/\/i0.wp.com\/www.24baires.com\/wp-content\/uploads\/2015\/02\/rafecas.jpg?w=560&amp;ssl=1 560w, https:\/\/i0.wp.com\/www.24baires.com\/wp-content\/uploads\/2015\/02\/rafecas.jpg?resize=300%2C200&amp;ssl=1 300w\" sizes=\"auto, (max-width: 560px) 100vw, 560px\" \/>Este mi\u00e9rcoles por la ma\u00f1ana el juez Daniel Rafecas rechaz\u00f3 la denuncia de Alberto Nisman contra la Presidenta de la Naci\u00f3n, el canciller H\u00e9ctor Timerman y otros funcionarios. El fiscal fallecido los acusaba de encubrir a Ir\u00e1n en la causa por el atentado a la AMIA. Naturalmente, la muerte de Nisman \u2013aun caratulada como dudosa-, infl\u00f3 la situaci\u00f3n pol\u00edtica y judicial a niveles estratosf\u00e9ricos. <!--more--><\/p>\n<p>Rafecas, luego de estudiar la denuncia presentada en detalle, resolvi\u00f3 desestimarla porque \u201cNo hay ninguna evidencia que revele que el gobierno argentino ten\u00eda intenci\u00f3n de perturbar, afectar o encubrir la labor de la justicia argentina, si no que era al contrario. El gobierno argentino agot\u00f3 todas las instancias para que la causa avance\u201d, seg\u00fan afirm\u00f3 el juez.<br \/>\nEsto desbarata toda la operaci\u00f3n montada sobre el \u00faltimo acto como fiscal de Nisman, al que se hab\u00edan subido, como a un tren fantasma, toda la oposici\u00f3n argentina. Todas y todos aquellos pol\u00edticos que presionaron a Nisman para que presentara esa denuncia inconsistente e insustancial contra la Presidenta, ahora perdieron el rudimentario techo en el que se vinieron cobijando desde principio de a\u00f1o. Desde esa causa ama\u00f1ada, opositores pol\u00edticos como Laura Alonso y Patricia Bullrich del PRO, bombardeaban al Kirchnerismo ocultas en la trinchera que hab\u00edan construido con la presentaci\u00f3n del fiscal, primero, y con su muerte, despu\u00e9s.<br \/>\nAhora, sin denuncia desde la que atacar, se tapar\u00e1n con la manta corta del fallecimiento y, si la fiscal Fein en breve cierra la causa como suicidio, se escudar\u00e1n en eso para seguir sembrando intrigas y supuestos desopilantes que s\u00f3lo apuntan a desgastar al oficialismo.<br \/>\nPor su parte, Rafecas, en una entrevista con la agencia Reuters, habl\u00f3 de los puntos que m\u00e1s se destacaron oportunamente en la acusaci\u00f3n y remarc\u00f3 que \u201cLas \u00f3rdenes de captura (De INTERPOL) nunca estuvieron en peligro. El Gobierno siempre fue firme y consistente en sostener estas ordenes de captura\u201d. All\u00ed se pone en evidencia como lo que hab\u00eda presentado Nisman iba en contraposici\u00f3n con la realidad, con lo que \u00e9l mismo hab\u00eda investigado durante m\u00e1s de diez a\u00f1os en la causa AMIA. Y, adem\u00e1s, se vislumbran las presiones que debe haber recibido para finalmente redactarla y llevarla adelante.<br \/>\nEsta operaci\u00f3n inmensa, que cuenta con el condimento extra de una muerte dudosa en el medio, seguir\u00e1 siendo aprovechada por la oposici\u00f3n desacatada e irresponsable, que no desea la verdad, sino manipular la realidad en beneficio propio. Aun, incluso, si eso significa mentir desfachatadamente.<br \/>\nAhora, estos mismos pol\u00edticos que metieron presi\u00f3n a Nisman para que presentara su denuncia, que metieron presi\u00f3n a Pollicita para que imputara a Cristina, se\u00f1alan a Rafecas como un \u201ccobarde\u201d, como lo hizo Carri\u00f3, porque el juez no hizo lo que ellos necesitaban que hiciera. La denuncia se cae por su propio peso, por su propia debilidad y fragilidad.<br \/>\nPero no puede ser que el Poder Judicial sea un c\u00famulo de almas bondadosas un d\u00eda y marchen codo a codo y un chiquero de infieles al otro y quieran defenestrarlo. Ni siquiera tienen coherencia para eso. El Poder Judicial est\u00e1 podrido como una manzana, desde adentro. Aunque un d\u00eda falle a favor de las expectativas y necesidades de uno y otro no, debe democratizarse. Porque la \u00fanica justicia posible debe perseguir un \u00fanico inter\u00e9s, que no tiene colores pol\u00edticos: la verdad.<\/p>\n<p>&nbsp;<\/p>\n<p>&nbsp;<\/p>\n<p>&nbsp;<\/p>\n<p>&nbsp;<\/p>\n<p>&nbsp;<\/p>\n<p>&nbsp;<\/p>\n<p>&nbsp;<\/p>\n<p>&nbsp;<\/p>\n<p>&nbsp;<\/p>\n<p>&nbsp;<\/p>\n<p>&nbsp;<\/p>\n","protected":false},"excerpt":{"rendered":"<p>Este mi\u00e9rcoles por la ma\u00f1ana el juez Daniel Rafecas rechaz\u00f3 la denuncia de Alberto Nisman contra la Presidenta de la Naci\u00f3n, el canciller H\u00e9ctor Timerman y otros funcionarios. El fiscal fallecido los acusaba de encubrir a Ir\u00e1n en la causa por el atentado a la AMIA. Naturalmente, la muerte de Nisman \u2013aun caratulada como dudosa-, infl\u00f3 la situaci\u00f3n pol\u00edtica y [&#8230;]<\/p>\n","protected":false},"author":8,"featured_media":0,"comment_status":"open","ping_status":"open","sticky":false,"template":"","format":"standard","meta":{"_jetpack_newsletter_access":"","_jetpack_dont_email_post_to_subs":false,"_jetpack_newsletter_tier_id":0,"_jetpack_memberships_contains_paywalled_content":false,"_jetpack_memberships_contains_paid_content":false,"footnotes":""},"categories":[64],"tags":[],"class_list":["post-62470","post","type-post","status-publish","format-standard","hentry","category-opinion"],"jetpack_featured_media_url":"","jetpack_shortlink":"https:\/\/wp.me\/p2JWE0-gfA","jetpack-related-posts":[{"id":117875,"url":"https:\/\/www.24baires.com\/?p=117875","url_meta":{"origin":62470,"position":0},"title":"Cristina consider\u00f3 \u00abdisparate judicial, institucional y pol\u00edtico\u00bb a la causa del memor\u00e1ndum","author":"AF","date":"16\/07\/2021","format":false,"excerpt":"La vicepresidenta expuso durante la audiencia p\u00fablica, que fue escuchada por m\u00e1s de 20 mil personas a trav\u00e9s de YouTube. \"Se hicieron maniobras persecutorias para perjudicarnos a m\u00ed y mi familia\", asegur\u00f3. El Tribunal Oral Federal 8 debe resolver si declara o no la nulidad del proceso. La vicepresidenta Cristina\u2026","rel":"","context":"En \u00abJUDICIALES\u00bb","block_context":{"text":"JUDICIALES","link":"https:\/\/www.24baires.com\/?cat=68"},"img":{"alt_text":"","src":"https:\/\/i0.wp.com\/www.24baires.com\/wp-content\/uploads\/2021\/07\/cfk.jpg?resize=350%2C200","width":350,"height":200,"srcset":"https:\/\/i0.wp.com\/www.24baires.com\/wp-content\/uploads\/2021\/07\/cfk.jpg?resize=350%2C200 1x, https:\/\/i0.wp.com\/www.24baires.com\/wp-content\/uploads\/2021\/07\/cfk.jpg?resize=525%2C300 1.5x"},"classes":[]},{"id":102494,"url":"https:\/\/www.24baires.com\/?p=102494","url_meta":{"origin":62470,"position":1},"title":"La C\u00e1mara \u00abreflot\u00f3\u00bb la causa Nisman y asegura que se trat\u00f3 de un crimen","author":"AF","date":"01\/06\/2018","format":false,"excerpt":"Confirm\u00f3 que el ex juez Alberto Nisman fue asesinado. Agregaron que el motivo fue su denuncia contra Cristina Kirchner. Adem\u00e1s dejaron firme el procesamiento de Diego Lagomarsino. La C\u00e1mara Federal hizo su aparici\u00f3n en medio de la debacle econ\u00f3mica que enfrenta el gobierno de Mauricio Macri. Entre masivas manifestaciones en\u2026","rel":"","context":"En \u00abJUDICIALES\u00bb","block_context":{"text":"JUDICIALES","link":"https:\/\/www.24baires.com\/?cat=68"},"img":{"alt_text":"","src":"https:\/\/i0.wp.com\/www.24baires.com\/wp-content\/uploads\/2015\/07\/nisman.jpg?resize=350%2C200","width":350,"height":200,"srcset":"https:\/\/i0.wp.com\/www.24baires.com\/wp-content\/uploads\/2015\/07\/nisman.jpg?resize=350%2C200 1x, https:\/\/i0.wp.com\/www.24baires.com\/wp-content\/uploads\/2015\/07\/nisman.jpg?resize=525%2C300 1.5x"},"classes":[]},{"id":106628,"url":"https:\/\/www.24baires.com\/?p=106628","url_meta":{"origin":62470,"position":2},"title":"La AMIA busca retirarse de la querella contra Cristina por el Memor\u00e1ndum con Ir\u00e1n","author":"AF","date":"31\/01\/2019","format":false,"excerpt":"Fue un pedido a la DAIA en la causa que se origin\u00f3 con la denuncia del fiscal Alberto Nisman y busca \u201cempezar a tomar distancia de una causa que est\u00e1 en el centro de la famosa grieta\u201d. La Asociaci\u00f3n Mutual Israelita Argentina (AMIA) le reclam\u00f3 a la Delegaci\u00f3n de Asociaciones\u2026","rel":"","context":"En \u00abJUDICIALES\u00bb","block_context":{"text":"JUDICIALES","link":"https:\/\/www.24baires.com\/?cat=68"},"img":{"alt_text":"","src":"https:\/\/i0.wp.com\/www.24baires.com\/wp-content\/uploads\/2015\/04\/amia.jpg?resize=350%2C200","width":350,"height":200,"srcset":"https:\/\/i0.wp.com\/www.24baires.com\/wp-content\/uploads\/2015\/04\/amia.jpg?resize=350%2C200 1x, https:\/\/i0.wp.com\/www.24baires.com\/wp-content\/uploads\/2015\/04\/amia.jpg?resize=525%2C300 1.5x"},"classes":[]},{"id":62501,"url":"https:\/\/www.24baires.com\/?p=62501","url_meta":{"origin":62470,"position":3},"title":"\u00abEl gobierno hizo todo para que la causa AMIA avance\u00bb, asegur\u00f3 Rafecas","author":"GB","date":"02\/03\/2015","format":false,"excerpt":"El juez rechaz\u00f3 categ\u00f3ricamente los cuestionamientos a su fallo y dijo que las nuevas escuchas difundidas por algunos medios \u201cno sirven para nada\u201d. El juez federal Daniel Rafecas, afirm\u00f3 hoy que \"el gobierno hizo todo para que la causa AMIA avance\" y sostuvo que \"no tienen ninguna relevancia\" y \"no\u2026","rel":"","context":"En \u00abPol\u00edtica\u00bb","block_context":{"text":"Pol\u00edtica","link":"https:\/\/www.24baires.com\/?cat=51"},"img":{"alt_text":"rafecas","src":"https:\/\/i0.wp.com\/www.24baires.com\/wp-content\/uploads\/2015\/02\/rafecas.jpg?resize=350%2C200","width":350,"height":200,"srcset":"https:\/\/i0.wp.com\/www.24baires.com\/wp-content\/uploads\/2015\/02\/rafecas.jpg?resize=350%2C200 1x, https:\/\/i0.wp.com\/www.24baires.com\/wp-content\/uploads\/2015\/02\/rafecas.jpg?resize=525%2C300 1.5x"},"classes":[]},{"id":62320,"url":"https:\/\/www.24baires.com\/?p=62320","url_meta":{"origin":62470,"position":4},"title":"El juez Rafecas desestim\u00f3 la denuncia de Nisman contra la Presidenta","author":"GB","date":"26\/02\/2015","format":false,"excerpt":"El juez federal Daniel Rafecas desestim\u00f3 la denuncia del fiscal Alberto Nisman contra la presidenta Cristina Fern\u00e1ndez de Kirchner por supuesto encubrimiento a los imputados iran\u00edes en la causa AMIA. El juez decidi\u00f3 que no hay elementos necesarios en la denuncia del fallecido titular de la Unidad Especial AMIA, para\u2026","rel":"","context":"En \u00abPol\u00edtica\u00bb","block_context":{"text":"Pol\u00edtica","link":"https:\/\/www.24baires.com\/?cat=51"},"img":{"alt_text":"rafecas","src":"https:\/\/i0.wp.com\/www.24baires.com\/wp-content\/uploads\/2015\/02\/rafecas.jpg?resize=350%2C200","width":350,"height":200,"srcset":"https:\/\/i0.wp.com\/www.24baires.com\/wp-content\/uploads\/2015\/02\/rafecas.jpg?resize=350%2C200 1x, https:\/\/i0.wp.com\/www.24baires.com\/wp-content\/uploads\/2015\/02\/rafecas.jpg?resize=525%2C300 1.5x"},"classes":[]},{"id":86780,"url":"https:\/\/www.24baires.com\/?p=86780","url_meta":{"origin":62470,"position":5},"title":"Rafecas asegura que \u00abfaltan pruebas\u00bb para reabrir la causa de Nisman contra CFK","author":"AF","date":"26\/08\/2016","format":false,"excerpt":"El juez federal Rafecas sostuvo que su par Bonadio puede reabrir s\u00f3lo \"a partir de nuevas pruebas\" la causa por la denuncia que el fallecido fiscal impuls\u00f3 contra la ex presidenta por supuesto encubrimiento de los iran\u00edes acusados por el atentado a la AMIA. \"Lo que no podr\u00eda hacer otro\u2026","rel":"","context":"En \u00abJUDICIALES\u00bb","block_context":{"text":"JUDICIALES","link":"https:\/\/www.24baires.com\/?cat=68"},"img":{"alt_text":"nisman","src":"https:\/\/i0.wp.com\/www.24baires.com\/wp-content\/uploads\/2015\/07\/nisman.jpg?resize=350%2C200","width":350,"height":200,"srcset":"https:\/\/i0.wp.com\/www.24baires.com\/wp-content\/uploads\/2015\/07\/nisman.jpg?resize=350%2C200 1x, https:\/\/i0.wp.com\/www.24baires.com\/wp-content\/uploads\/2015\/07\/nisman.jpg?resize=525%2C300 1.5x"},"classes":[]}],"jetpack_sharing_enabled":true,"jetpack_likes_enabled":true,"_links":{"self":[{"href":"https:\/\/www.24baires.com\/index.php?rest_route=\/wp\/v2\/posts\/62470","targetHints":{"allow":["GET"]}}],"collection":[{"href":"https:\/\/www.24baires.com\/index.php?rest_route=\/wp\/v2\/posts"}],"about":[{"href":"https:\/\/www.24baires.com\/index.php?rest_route=\/wp\/v2\/types\/post"}],"author":[{"embeddable":true,"href":"https:\/\/www.24baires.com\/index.php?rest_route=\/wp\/v2\/users\/8"}],"replies":[{"embeddable":true,"href":"https:\/\/www.24baires.com\/index.php?rest_route=%2Fwp%2Fv2%2Fcomments&post=62470"}],"version-history":[{"count":1,"href":"https:\/\/www.24baires.com\/index.php?rest_route=\/wp\/v2\/posts\/62470\/revisions"}],"predecessor-version":[{"id":62471,"href":"https:\/\/www.24baires.com\/index.php?rest_route=\/wp\/v2\/posts\/62470\/revisions\/62471"}],"wp:attachment":[{"href":"https:\/\/www.24baires.com\/index.php?rest_route=%2Fwp%2Fv2%2Fmedia&parent=62470"}],"wp:term":[{"taxonomy":"category","embeddable":true,"href":"https:\/\/www.24baires.com\/index.php?rest_route=%2Fwp%2Fv2%2Fcategories&post=62470"},{"taxonomy":"post_tag","embeddable":true,"href":"https:\/\/www.24baires.com\/index.php?rest_route=%2Fwp%2Fv2%2Ftags&post=62470"}],"curies":[{"name":"wp","href":"https:\/\/api.w.org\/{rel}","templated":true}]}}