{"id":6244,"date":"2012-11-21T12:18:42","date_gmt":"2012-11-21T15:18:42","guid":{"rendered":"http:\/\/www.24baires.com\/?p=6244"},"modified":"2012-11-21T12:18:42","modified_gmt":"2012-11-21T15:18:42","slug":"el-hospital-gandulfo-se-prepara-para-la-noche-de-deteccion-del-vih","status":"publish","type":"post","link":"https:\/\/www.24baires.com\/?p=6244","title":{"rendered":"El Hospital Gandulfo se prepara para \u00abLa noche de detecci\u00f3n del VIH\u00bb"},"content":{"rendered":"<p><strong>LOMAS DE ZAMORA &#8211;<\/strong> La iniciativa se har\u00e1 el 30 de noviembre desde las 19 hasta las 7 del d\u00eda siguiente, 1\u00ba de diciembre, cuando se celebre el D\u00eda Internacional de Lucha contra el SIDA. Seg\u00fan adelantaron, la actividad est\u00e1 organizada por el Servicio de Infectolog\u00eda y tiene como objetivo facilitarle las pruebas a quienes por obligaciones laborales no pueden concurrir en los horarios usuales.<!--more--><\/p>\n<p>El Servicio de Infectolog\u00eda del Hospital Luisa C. Gandulfo decidi\u00f3 llevar una Noche de Detecci\u00f3n del VIH, a los vecinos que por diversos motivos no pueden asistir en los horarios del consultorio externo del hospital. El evento se desarrollar\u00e1 durante la noche del 30 de diciembre y la madrugada del 1\u00b0 de diciembre, D\u00eda Mundial de la lucha contra el SIDA.<\/p>\n<p>Durante la actividad se realizar\u00e1 de manera voluntaria y confidencial un testeo para el virus del VIH\/SIDA, que \u201cse hace con una gota de sangre\u201d. El resultado del estudio, que adem\u00e1s ser\u00e1 gratuito, va a hacer entregado en aproximadamente 15 minutos.<\/p>\n<p>\u201cEl objetivo es tratar de darle la posibilidad a la poblaci\u00f3n que no puede llegar en los horarios que habitualmente atendemos en los consultorios ya que habitualmente lo hacemos por la ma\u00f1ana\u201d, se\u00f1alo Liliana Federman, m\u00e9dica Infect\u00f3loga.<\/p>\n<p>Por otra parte, en el hospital ubicado en Balcarce 351, habr\u00e1 mesas de informaci\u00f3n, \u201cconsentimiento informado\u201d que tiene que ver con la autorizaci\u00f3n del paciente para realizar el testeo y un m\u00e9dico que ser\u00e1 el encargado de llevarlo adelante.<\/p>\n<p>\u201cLa idea es aumentar el testeo dado que la mitad de la poblaci\u00f3n conoce su diagnostico. As\u00ed como tambi\u00e9n llamar la atenci\u00f3n de los j\u00f3venes y de personas de la tercera edad ya que este a\u00f1o tuvimos la mayor cantidad de diagn\u00f3sticos en este grupo et\u00e1reo\u201d, indic\u00f3 la doctora.<\/p>\n<p>Por otra parte, seg\u00fan manifiestan desde el Servicio de Infectolog\u00eda del Hospital Luisa C. Gandulfo, existen casos que preocupan y llaman la atenci\u00f3n en el \u00faltimo tiempo.<\/p>\n<p>\u201cHay casos que se dan en ni\u00f1os y son provenientes de antiguas infecciones de su mam\u00e1. Y adem\u00e1s se ha popularizado la utilizaci\u00f3n de la pastilla del viagra con lo cual la persona de la tercera edad ha visto prolongada su actividad sexual. Estas dos cuestiones son propias de este momento\u201d, enfatiz\u00f3 Federman.<\/p>\n<p>En tanto, la m\u00e9dica infect\u00f3loga, resalt\u00f3: \u201cen Washington, en el mes de julio, reuni\u00f3n se ha propuesto un cambio de paradigma que tiene que ver con un testeo realizado con el fin de confirmar los negativos y a las personas que resultaran positivos ofrecerles la asistencia\u201d.<\/p>\n<p>Seg\u00fan afirma la especialista, el hospital, se ocupa de \u201crealizar tratamientos gratuitos desde hace muchos a\u00f1os a varios pacientes, incluso a algunos que ya llevan 18 a\u00f1os haci\u00e9ndolo y est\u00e1n en perfecto estado\u201d. \u201cFundamentalmente se cambio la idea de que el SIDA es solamente firmar un certificado ya que ahora el paciente tiene una vida de mucho tiempo por eso se llama una enfermedad cr\u00f3nica\u201d, agreg\u00f3.<\/p>\n<p>\u201cNo es necesario que se consuma o se tenga sexo, todos estamos expuestos a la situaci\u00f3n y todos deber\u00edamos hacerlo\u201d, concluy\u00f3 Liliana Federman.<\/p>\n<p>El 1\u00ba de diciembre se conmemora el D\u00eda Mundial de La Lucha Contra el Sida, por ello, es la fecha indicada para realizar la actividad que pretende el mayor acercamiento de gente posible.<\/p>\n<p>La Organizaci\u00f3n Mundial de la Salud (OMS) se\u00f1ala que hasta el 2009 han muerto 25 millones de personas por razones vinculadas con este s\u00edndrome<\/p>\n","protected":false},"excerpt":{"rendered":"<p>LOMAS DE ZAMORA &#8211; La iniciativa se har\u00e1 el 30 de noviembre desde las 19 hasta las 7 del d\u00eda siguiente, 1\u00ba de diciembre, cuando se celebre el D\u00eda Internacional de Lucha contra el SIDA. Seg\u00fan adelantaron, la actividad est\u00e1 organizada por el Servicio de Infectolog\u00eda y tiene como objetivo facilitarle las pruebas a quienes por obligaciones laborales no pueden [&#8230;]<\/p>\n","protected":false},"author":4,"featured_media":0,"comment_status":"open","ping_status":"open","sticky":false,"template":"","format":"standard","meta":{"_jetpack_newsletter_access":"","_jetpack_dont_email_post_to_subs":false,"_jetpack_newsletter_tier_id":0,"_jetpack_memberships_contains_paywalled_content":false,"_jetpack_memberships_contains_paid_content":false,"footnotes":""},"categories":[38],"tags":[],"class_list":["post-6244","post","type-post","status-publish","format-standard","hentry","category-locales"],"jetpack_featured_media_url":"","jetpack_shortlink":"https:\/\/wp.me\/p2JWE0-1CI","jetpack-related-posts":[{"id":36375,"url":"https:\/\/www.24baires.com\/?p=36375","url_meta":{"origin":6244,"position":0},"title":"Semana de la Prevenci\u00f3n del VIH en Adrogu\u00e9 y Lomas de Zamora","author":"AF","date":"07\/12\/2013","format":false,"excerpt":"En el marco de la Semana de la Prevenci\u00f3n del VIH y tras el D\u00eda Mundial de la Lucha contra el SIDA, se realizaron actividades para concientizar y de prevenci\u00f3n, a cargo de los hospitales Lucio Mel\u00e9ndez y Luisa C. de Gandulfo, de Adrogu\u00e9 y Lomas de Zamora, respectivamente. Adem\u00e1s\u2026","rel":"","context":"En \u00abSociedad\u00bb","block_context":{"text":"Sociedad","link":"https:\/\/www.24baires.com\/?cat=1"},"img":{"alt_text":"","src":"","width":0,"height":0},"classes":[]},{"id":8215,"url":"https:\/\/www.24baires.com\/?p=8215","url_meta":{"origin":6244,"position":1},"title":"Hospitales de Quilmes y Mar del Plata contin\u00faan realizando testeos voluntarios de VIH","author":"AF","date":"07\/12\/2012","format":false,"excerpt":"Hospitales de la Provincia realizaron actividades de prevenci\u00f3n e informaci\u00f3n sobre el virus en hospitales y centros de salud, en el marco del D\u00eda Mundial de la Lucha contra el Sida que se conmemor\u00f3 el 1\u00ba de diciembre en todo el mundo. El hospital Iriarte de Quilmes realiz\u00f3 m\u00e1s de\u2026","rel":"","context":"En \u00abSociedad\u00bb","block_context":{"text":"Sociedad","link":"https:\/\/www.24baires.com\/?cat=1"},"img":{"alt_text":"","src":"https:\/\/i0.wp.com\/www.24baires.com\/wp-content\/uploads\/2012\/12\/test-vih-300x199.jpg?resize=350%2C200","width":350,"height":200},"classes":[]},{"id":7460,"url":"https:\/\/www.24baires.com\/?p=7460","url_meta":{"origin":6244,"position":2},"title":"Collia sugiere \u201cllevar siempre un preservativo en el bolsillo\u201d para evitar el contagio de VIH","author":"AF","date":"01\/12\/2012","format":false,"excerpt":"En la provincia de Buenos Aires hay unas 25.000 personas notificadas con VIH y se estima que hay otras 10.000 infectadas pero que no lo saben. Por eso, m\u00e1s de 130 trabajadores del ministerio de Econom\u00eda de la Provincia se hicieron el testeo, la \u00fanica manera que existe de saber\u2026","rel":"","context":"En \u00abSociedad\u00bb","block_context":{"text":"Sociedad","link":"https:\/\/www.24baires.com\/?cat=1"},"img":{"alt_text":"","src":"https:\/\/i0.wp.com\/www.24baires.com\/wp-content\/uploads\/2012\/12\/test-HIV.jpg?resize=350%2C200","width":350,"height":200,"srcset":"https:\/\/i0.wp.com\/www.24baires.com\/wp-content\/uploads\/2012\/12\/test-HIV.jpg?resize=350%2C200 1x, https:\/\/i0.wp.com\/www.24baires.com\/wp-content\/uploads\/2012\/12\/test-HIV.jpg?resize=525%2C300 1.5x"},"classes":[]},{"id":7399,"url":"https:\/\/www.24baires.com\/?p=7399","url_meta":{"origin":6244,"position":3},"title":"El Presidente de la Fundaci\u00f3n Hu\u00e9sped dijo que \u00abse est\u00e1 ante la posibilidad de controlar la epidemia\u00bb","author":"Grupo Sierra","date":"30\/11\/2012","format":false,"excerpt":"El infect\u00f3logo argentino Pedro Cahn asegur\u00f3 que por \"primera vez\" en la historia del VIH se est\u00e1 ante la posibilidad de controlar la epidemia \"ya que se comprob\u00f3 que el tratamiento no s\u00f3lo es beneficioso para el paciente sino para la comunidad\", debido a que disminuye dr\u00e1sticamente la transmisi\u00f3n del\u2026","rel":"","context":"En \u00abSociedad\u00bb","block_context":{"text":"Sociedad","link":"https:\/\/www.24baires.com\/?cat=1"},"img":{"alt_text":"","src":"","width":0,"height":0},"classes":[]},{"id":33738,"url":"https:\/\/www.24baires.com\/?p=33738","url_meta":{"origin":6244,"position":4},"title":"Cient\u00edficos argentinos presentaron un tratamiento alternativo al VIH","author":"AF","date":"18\/10\/2013","format":false,"excerpt":"Un tratamiento alternativo para las personas que viven con VIH, que consta s\u00f3lo de dos drogas en lugar de tres como se utiliza actualmente, lo que abarata los costos y reduce la toxicidad, fue presentado esta ma\u00f1ana por el infect\u00f3logo argentino Pedro Cahn en un congreso en B\u00e9lgica. La investigaci\u00f3n,\u2026","rel":"","context":"En \u00abSociedad\u00bb","block_context":{"text":"Sociedad","link":"https:\/\/www.24baires.com\/?cat=1"},"img":{"alt_text":"","src":"","width":0,"height":0},"classes":[]},{"id":7184,"url":"https:\/\/www.24baires.com\/?p=7184","url_meta":{"origin":6244,"position":5},"title":"En Olavarr\u00eda, realizar\u00e1n una campa\u00f1a de prevenci\u00f3n del SIDA","author":"AF","date":"29\/11\/2012","format":false,"excerpt":"La actividad se realizar\u00e1 el viernes por la ma\u00f1ana en el Ex Colegio Nacional y en el Paseo Jes\u00fas Mend\u00eda de Olavarr\u00eda. Es organizada por la Secretar\u00eda de Prevenci\u00f3n y Atenci\u00f3n Sanitaria municipal y el grupo interdisciplinario \u201cChesida\u201d perteneciente a la Facultad de Ciencias Sociales. Este viernes se llevar\u00e1 a\u2026","rel":"","context":"En \u00abLocales\u00bb","block_context":{"text":"Locales","link":"https:\/\/www.24baires.com\/?cat=38"},"img":{"alt_text":"","src":"https:\/\/i0.wp.com\/www.24baires.com\/wp-content\/uploads\/2012\/11\/olav-1%C2%BA-dic-241x300.jpg?resize=350%2C200","width":350,"height":200},"classes":[]}],"jetpack_sharing_enabled":true,"jetpack_likes_enabled":true,"_links":{"self":[{"href":"https:\/\/www.24baires.com\/index.php?rest_route=\/wp\/v2\/posts\/6244","targetHints":{"allow":["GET"]}}],"collection":[{"href":"https:\/\/www.24baires.com\/index.php?rest_route=\/wp\/v2\/posts"}],"about":[{"href":"https:\/\/www.24baires.com\/index.php?rest_route=\/wp\/v2\/types\/post"}],"author":[{"embeddable":true,"href":"https:\/\/www.24baires.com\/index.php?rest_route=\/wp\/v2\/users\/4"}],"replies":[{"embeddable":true,"href":"https:\/\/www.24baires.com\/index.php?rest_route=%2Fwp%2Fv2%2Fcomments&post=6244"}],"version-history":[{"count":2,"href":"https:\/\/www.24baires.com\/index.php?rest_route=\/wp\/v2\/posts\/6244\/revisions"}],"predecessor-version":[{"id":6246,"href":"https:\/\/www.24baires.com\/index.php?rest_route=\/wp\/v2\/posts\/6244\/revisions\/6246"}],"wp:attachment":[{"href":"https:\/\/www.24baires.com\/index.php?rest_route=%2Fwp%2Fv2%2Fmedia&parent=6244"}],"wp:term":[{"taxonomy":"category","embeddable":true,"href":"https:\/\/www.24baires.com\/index.php?rest_route=%2Fwp%2Fv2%2Fcategories&post=6244"},{"taxonomy":"post_tag","embeddable":true,"href":"https:\/\/www.24baires.com\/index.php?rest_route=%2Fwp%2Fv2%2Ftags&post=6244"}],"curies":[{"name":"wp","href":"https:\/\/api.w.org\/{rel}","templated":true}]}}