{"id":6240,"date":"2012-11-21T12:12:02","date_gmt":"2012-11-21T15:12:02","guid":{"rendered":"http:\/\/www.24baires.com\/?p=6240"},"modified":"2012-11-21T12:12:02","modified_gmt":"2012-11-21T15:12:02","slug":"las-mil-millas-argentinas-pasaran-por-tornquist","status":"publish","type":"post","link":"https:\/\/www.24baires.com\/?p=6240","title":{"rendered":"Las Mil Millas Argentinas pasar\u00e1n por Tornquist"},"content":{"rendered":"<p><img data-recalc-dims=\"1\" loading=\"lazy\" decoding=\"async\" class=\"aligncenter size-full wp-image-6241\" title=\"mil millas\" src=\"https:\/\/i0.wp.com\/www.24baires.com\/wp-content\/uploads\/2012\/11\/mil-millas.jpg?resize=560%2C389\" alt=\"\" width=\"560\" height=\"389\" srcset=\"https:\/\/i0.wp.com\/www.24baires.com\/wp-content\/uploads\/2012\/11\/mil-millas.jpg?w=560&amp;ssl=1 560w, https:\/\/i0.wp.com\/www.24baires.com\/wp-content\/uploads\/2012\/11\/mil-millas.jpg?resize=300%2C208&amp;ssl=1 300w\" sizes=\"auto, (max-width: 560px) 100vw, 560px\" \/>Los habitantes de Tornquist tendr\u00e1n el domingo la posibilidad de disfrutar del paso de una de las etapas de las cl\u00e1sicas Mil Millas Argentinas, que cuentan con la organizaci\u00f3n de la Agrupaci\u00f3n Cl\u00e1sicos e Hist\u00f3ricos del TC y la Agrupaci\u00f3n Eusebio Marcilla.<!--more--><br \/>\nLa competencia, que estar\u00e1 festejando los 75 a\u00f1os de la primera edici\u00f3n, cumplir\u00e1 su tercera instancia entre las ciudades de Tres Arroyos y Daireaux, trayecto durante el cual atravesar\u00e1 Saldungaray, Sierra de la Ventana, Villa Ventana y Tornquist.<br \/>\nSin embargo, el momento m\u00e1s trascendente se vivir\u00e1 en la ciudad cabecera del distrito, debido a que alrededor del mediod\u00eda los veh\u00edculos ingresar\u00e1n a la planta urbana y se detendr\u00e1n en la Plaza \u201cErnesto Tornquist\u201d, frente a la Iglesia \u201cSanta Rosa de Lima\u201d.<br \/>\nEn ese espacio neur\u00e1lgico se podr\u00e1 interactuar con los pilotos, observar aquellas m\u00e1quinas que marcaron una \u00e9poca del automovilismo nacional y hasta tomarse una fotograf\u00eda.<br \/>\nLas 1000 Millas Argentinas fue una de las grandes competencias del automovilismo nacional. En el historial de ganadores figuran grandes estrellas, como Esteban Fernandino (1940), Juan Manuel Fangio (1941), Oscar G\u00e1lvez (1948), Juan G\u00e1lvez (1949), Marcos Ciani (1950) y Dante Emiliozzi (1964).<\/p>\n","protected":false},"excerpt":{"rendered":"<p>Los habitantes de Tornquist tendr\u00e1n el domingo la posibilidad de disfrutar del paso de una de las etapas de las cl\u00e1sicas Mil Millas Argentinas, que cuentan con la organizaci\u00f3n de la Agrupaci\u00f3n Cl\u00e1sicos e Hist\u00f3ricos del TC y la Agrupaci\u00f3n Eusebio Marcilla.<\/p>\n","protected":false},"author":4,"featured_media":0,"comment_status":"open","ping_status":"open","sticky":false,"template":"","format":"standard","meta":{"_jetpack_newsletter_access":"","_jetpack_dont_email_post_to_subs":false,"_jetpack_newsletter_tier_id":0,"_jetpack_memberships_contains_paywalled_content":false,"_jetpack_memberships_contains_paid_content":false,"footnotes":""},"categories":[38],"tags":[],"class_list":["post-6240","post","type-post","status-publish","format-standard","hentry","category-locales"],"jetpack_featured_media_url":"","jetpack_shortlink":"https:\/\/wp.me\/p2JWE0-1CE","jetpack-related-posts":[{"id":100556,"url":"https:\/\/www.24baires.com\/?p=100556","url_meta":{"origin":6240,"position":0},"title":"El fuego no da tregua en Sierra de la Ventana y avanza por los campos","author":"GB","date":"16\/02\/2018","format":false,"excerpt":"El fuego avanza en Sierra de la Ventana en los cerros y los campos linderos, y las condiciones meteorol\u00f3gicas no ayudan al trabajo de los bomberos, al que se sum\u00f3 en las \u00faltimas horas un avi\u00f3n hidrante mientras se espera la llegada de un helic\u00f3ptero para colaborar en el combate\u2026","rel":"","context":"En \u00abLocales\u00bb","block_context":{"text":"Locales","link":"https:\/\/www.24baires.com\/?cat=38"},"img":{"alt_text":"","src":"https:\/\/i0.wp.com\/www.24baires.com\/wp-content\/uploads\/2016\/12\/incendio-sierras.jpg?resize=350%2C200","width":350,"height":200,"srcset":"https:\/\/i0.wp.com\/www.24baires.com\/wp-content\/uploads\/2016\/12\/incendio-sierras.jpg?resize=350%2C200 1x, https:\/\/i0.wp.com\/www.24baires.com\/wp-content\/uploads\/2016\/12\/incendio-sierras.jpg?resize=525%2C300 1.5x"},"classes":[]},{"id":37850,"url":"https:\/\/www.24baires.com\/?p=37850","url_meta":{"origin":6240,"position":1},"title":"Incendio en Sierra de la Ventana: arras\u00f3 el 90% del parque Tornquist","author":"Grupo Sierra","date":"03\/01\/2014","format":false,"excerpt":"El incendio que se inici\u00f3 el pasado domingo contin\u00faa activo. Arras\u00f3 con casi la totalidad de la reserva, que tiene 6 mil hect\u00e1reas. El incendio que se inici\u00f3 el pasado domingo en Sierra de la Ventana continuaba hoy activo y ya hab\u00eda destruido el 90 por ciento de la Reserva\u2026","rel":"","context":"En \u00abLocales\u00bb","block_context":{"text":"Locales","link":"https:\/\/www.24baires.com\/?cat=38"},"img":{"alt_text":"incendio-sierra-ventana2","src":"https:\/\/i0.wp.com\/www.24baires.com\/wp-content\/uploads\/2014\/01\/incendio-sierra-ventana2.jpg?resize=350%2C200","width":350,"height":200,"srcset":"https:\/\/i0.wp.com\/www.24baires.com\/wp-content\/uploads\/2014\/01\/incendio-sierra-ventana2.jpg?resize=350%2C200 1x, https:\/\/i0.wp.com\/www.24baires.com\/wp-content\/uploads\/2014\/01\/incendio-sierra-ventana2.jpg?resize=525%2C300 1.5x"},"classes":[]},{"id":39717,"url":"https:\/\/www.24baires.com\/?p=39717","url_meta":{"origin":6240,"position":2},"title":"Bomberos Voluntarios controlan un nuevo incendio en Sierra de la Ventana","author":"Grupo Sierra","date":"02\/02\/2014","format":false,"excerpt":"Dotaciones de bomberos voluntarios de varias localidades controlaron esta tarde un incendio que destruy\u00f3 unas 1.000 hect\u00e1reas en la comarca de Sierra de la Ventana, partido de Tornquist, informaron fuentes policiales. El incendio, el tercero que se registra desde el inicio de este a\u00f1o, comenz\u00f3 esta ma\u00f1ana pasadas las 8.30\u2026","rel":"","context":"En \u00abLocales\u00bb","block_context":{"text":"Locales","link":"https:\/\/www.24baires.com\/?cat=38"},"img":{"alt_text":"incendio sierra ventana feb 2014","src":"https:\/\/i0.wp.com\/www.24baires.com\/wp-content\/uploads\/2014\/02\/incendio-sierra-ventana-feb-2014.jpg?resize=350%2C200","width":350,"height":200,"srcset":"https:\/\/i0.wp.com\/www.24baires.com\/wp-content\/uploads\/2014\/02\/incendio-sierra-ventana-feb-2014.jpg?resize=350%2C200 1x, https:\/\/i0.wp.com\/www.24baires.com\/wp-content\/uploads\/2014\/02\/incendio-sierra-ventana-feb-2014.jpg?resize=525%2C300 1.5x"},"classes":[]},{"id":37769,"url":"https:\/\/www.24baires.com\/?p=37769","url_meta":{"origin":6240,"position":3},"title":"Tornquist: se reaviv\u00f3 el fuego y ya consumi\u00f3 30.000 hect\u00e1reas","author":"Grupo Sierra","date":"02\/01\/2014","format":false,"excerpt":"Con diferentes medios a\u00e9reos y terrestres, entre los que est\u00e1n unos 250 bomberos, continuaba ayer el combate de un incendio rural que se desarrolla desde el domingo en el partido de Tornquist, y que arras\u00f3 ya a 30 mil hect\u00e1reas, unas 6 mil de las cuales pertenecen al Parque Provincial\u2026","rel":"","context":"En \u00abLocales\u00bb","block_context":{"text":"Locales","link":"https:\/\/www.24baires.com\/?cat=38"},"img":{"alt_text":"incencio sierras","src":"https:\/\/i0.wp.com\/www.24baires.com\/wp-content\/uploads\/2013\/12\/incencio-sierras.jpg?resize=350%2C200","width":350,"height":200,"srcset":"https:\/\/i0.wp.com\/www.24baires.com\/wp-content\/uploads\/2013\/12\/incencio-sierras.jpg?resize=350%2C200 1x, https:\/\/i0.wp.com\/www.24baires.com\/wp-content\/uploads\/2013\/12\/incencio-sierras.jpg?resize=525%2C300 1.5x"},"classes":[]},{"id":38719,"url":"https:\/\/www.24baires.com\/?p=38719","url_meta":{"origin":6240,"position":4},"title":"Pasado el incendio, reabrieron la Reserva Natural de Tornquist","author":"GB","date":"18\/01\/2014","format":false,"excerpt":"Luego del incendio en se vio afectada, desde el OPDS anunciaron la reapertura del Parque \"Ernesto Tornquist\", Reserva Natural de la Provincia de Buenos Aires. El director ejecutivo del Organismo Provincial para el Desarrollo Sostenible (OPDS), Hugo Bilbao, anunci\u00f3 hoy la reapertura del Parque \"Ernesto Tornquist\", Reserva Natural de la\u2026","rel":"","context":"En \u00abLocales\u00bb","block_context":{"text":"Locales","link":"https:\/\/www.24baires.com\/?cat=38"},"img":{"alt_text":"parque tornquist","src":"https:\/\/i0.wp.com\/www.24baires.com\/wp-content\/uploads\/2014\/01\/parque-tornquist-300x199.jpg?resize=350%2C200","width":350,"height":200},"classes":[]},{"id":14686,"url":"https:\/\/www.24baires.com\/?p=14686","url_meta":{"origin":6240,"position":5},"title":"Tornquist: crearon un nuevo registro civil totalmente digital","author":"AF","date":"05\/02\/2013","format":false,"excerpt":"La Jefatura de Gabinete, a cargo de Alberto P\u00e9rez, habilit\u00f3 los tr\u00e1mites digitales de DNI y pasaporte en el Registro Civil de la localidad de Saldungaray, partido de Tornquist. En el municipio de Tornquist, el subsecretario de Gabinete, Juan Pablo \u00c1lvarez Echag\u00fce, junto al intendente Gustavo Trankels, inaugur\u00f3 el sistema\u2026","rel":"","context":"En \u00abLocales\u00bb","block_context":{"text":"Locales","link":"https:\/\/www.24baires.com\/?cat=38"},"img":{"alt_text":"","src":"","width":0,"height":0},"classes":[]}],"jetpack_sharing_enabled":true,"jetpack_likes_enabled":true,"_links":{"self":[{"href":"https:\/\/www.24baires.com\/index.php?rest_route=\/wp\/v2\/posts\/6240","targetHints":{"allow":["GET"]}}],"collection":[{"href":"https:\/\/www.24baires.com\/index.php?rest_route=\/wp\/v2\/posts"}],"about":[{"href":"https:\/\/www.24baires.com\/index.php?rest_route=\/wp\/v2\/types\/post"}],"author":[{"embeddable":true,"href":"https:\/\/www.24baires.com\/index.php?rest_route=\/wp\/v2\/users\/4"}],"replies":[{"embeddable":true,"href":"https:\/\/www.24baires.com\/index.php?rest_route=%2Fwp%2Fv2%2Fcomments&post=6240"}],"version-history":[{"count":2,"href":"https:\/\/www.24baires.com\/index.php?rest_route=\/wp\/v2\/posts\/6240\/revisions"}],"predecessor-version":[{"id":6243,"href":"https:\/\/www.24baires.com\/index.php?rest_route=\/wp\/v2\/posts\/6240\/revisions\/6243"}],"wp:attachment":[{"href":"https:\/\/www.24baires.com\/index.php?rest_route=%2Fwp%2Fv2%2Fmedia&parent=6240"}],"wp:term":[{"taxonomy":"category","embeddable":true,"href":"https:\/\/www.24baires.com\/index.php?rest_route=%2Fwp%2Fv2%2Fcategories&post=6240"},{"taxonomy":"post_tag","embeddable":true,"href":"https:\/\/www.24baires.com\/index.php?rest_route=%2Fwp%2Fv2%2Ftags&post=6240"}],"curies":[{"name":"wp","href":"https:\/\/api.w.org\/{rel}","templated":true}]}}