{"id":6236,"date":"2012-11-21T09:47:03","date_gmt":"2012-11-21T12:47:03","guid":{"rendered":"http:\/\/www.24baires.com\/?p=6236"},"modified":"2012-11-21T11:50:09","modified_gmt":"2012-11-21T14:50:09","slug":"convocan-al-1o-foro-de-discusion-por-el-transporte-publico-de-tandil","status":"publish","type":"post","link":"https:\/\/www.24baires.com\/?p=6236","title":{"rendered":"Convocan al 1\u00ba Foro de discusi\u00f3n por el Transporte p\u00fablico de Tandil"},"content":{"rendered":"<p><img data-recalc-dims=\"1\" loading=\"lazy\" decoding=\"async\" class=\"alignleft size-medium wp-image-6237\" title=\"foro transporte tandil\" src=\"https:\/\/i0.wp.com\/www.24baires.com\/wp-content\/uploads\/2012\/11\/foro-transporte-tandil.jpg?resize=300%2C211\" alt=\"\" width=\"300\" height=\"211\" srcset=\"https:\/\/i0.wp.com\/www.24baires.com\/wp-content\/uploads\/2012\/11\/foro-transporte-tandil.jpg?resize=300%2C211&amp;ssl=1 300w, https:\/\/i0.wp.com\/www.24baires.com\/wp-content\/uploads\/2012\/11\/foro-transporte-tandil.jpg?w=560&amp;ssl=1 560w\" sizes=\"auto, (max-width: 300px) 100vw, 300px\" \/>Bajo el lema \u201cTransporte p\u00fablico para armar\u201d, los integrantes de la Asamblea por el Transporte P\u00fablico de Tandil, convocan para la tarde de este mi\u00e9rcoles, a partir de las 18, al Primer Foro de Discusi\u00f3n por el Transporte P\u00fablico, que se desarrollar\u00e1 frente al Palacio Municipal de Tandil.<!--more--><br \/>\nEl debate involucrar\u00e1 todos los aspectos referidos al funcionamiento del sistema, como por ejemplo, si debe ser considerado un derecho o un servicio, si debe regirse bajo dominio p\u00fablico o a trav\u00e9s de empresas privadas, el acceso a los descuentos y el boleto estudiantil gratuito.<br \/>\nTambi\u00e9n est\u00e1 previsto discutir respecto de la eficacia o no del actual entramado de combinaciones entre l\u00edneas, si los recorridos se adec\u00faan a las necesidades de los usuarios, el cumplimiento de las frecuencias, etc.<br \/>\nLa actividad es organizada por la Asamblea y por distintas agrupaciones que la conforman, como la JP Tandil, el Movimiento Evita, entre otras y la convocatoria a participar es abierta.<br \/>\nEn caso de mal clima, la actividad se desarrollar\u00e1 en el Sal\u00f3n de los Espejos del Centro Cultural Universitario.<\/p>\n","protected":false},"excerpt":{"rendered":"<p>Bajo el lema \u201cTransporte p\u00fablico para armar\u201d, los integrantes de la Asamblea por el Transporte P\u00fablico de Tandil, convocan para la tarde de este mi\u00e9rcoles, a partir de las 18, al Primer Foro de Discusi\u00f3n por el Transporte P\u00fablico, que se desarrollar\u00e1 frente al Palacio Municipal de Tandil.<\/p>\n","protected":false},"author":4,"featured_media":0,"comment_status":"open","ping_status":"open","sticky":false,"template":"","format":"standard","meta":{"_jetpack_newsletter_access":"","_jetpack_dont_email_post_to_subs":false,"_jetpack_newsletter_tier_id":0,"_jetpack_memberships_contains_paywalled_content":false,"_jetpack_memberships_contains_paid_content":false,"footnotes":""},"categories":[38],"tags":[],"class_list":["post-6236","post","type-post","status-publish","format-standard","hentry","category-locales"],"jetpack_featured_media_url":"","jetpack_shortlink":"https:\/\/wp.me\/p2JWE0-1CA","jetpack-related-posts":[{"id":100528,"url":"https:\/\/www.24baires.com\/?p=100528","url_meta":{"origin":6236,"position":0},"title":"Ferrobaires: s\u00f3lo el 40% del personal fue reubicado y son unos 1.300 los despedidos","author":"GB","date":"15\/02\/2018","format":false,"excerpt":"A un mes de que se efectivice la disoluci\u00f3n de Ferrobaires, s\u00f3lo el 40% del personal fue reubicado en Trenes Argentinos Operaciones (Sosfe), mientras que los trabajadores restantes, unas 1.300 personas, comenzaron a recibir telegramas de despido, jubilaciones anticipadas u ofrecimientos de \"retiros acordados\". La semana pasada cuatro de los\u2026","rel":"","context":"En \u00abProvincia\u00bb","block_context":{"text":"Provincia","link":"https:\/\/www.24baires.com\/?cat=40"},"img":{"alt_text":"","src":"https:\/\/i0.wp.com\/www.24baires.com\/wp-content\/uploads\/2018\/02\/ferrobaires-despido.jpg?resize=350%2C200","width":350,"height":200,"srcset":"https:\/\/i0.wp.com\/www.24baires.com\/wp-content\/uploads\/2018\/02\/ferrobaires-despido.jpg?resize=350%2C200 1x, https:\/\/i0.wp.com\/www.24baires.com\/wp-content\/uploads\/2018\/02\/ferrobaires-despido.jpg?resize=525%2C300 1.5x"},"classes":[]},{"id":8076,"url":"https:\/\/www.24baires.com\/?p=8076","url_meta":{"origin":6236,"position":1},"title":"Tandil quiere consolidarse como \u00abciudad del conocimiento, la educaci\u00f3n y la cultura\u201d.","author":"AF","date":"06\/12\/2012","format":false,"excerpt":"\u201cPara consolidar a Tandil como ciudad del conocimiento, la educaci\u00f3n y la cultura\" el municipio lanzar\u00e1 un novedoso programa educativo, que incluir\u00e1 la provisi\u00f3n de boletos gratuitos para el transporte p\u00fablico de pasajeros para todos los alumnos que se inscriban y cursen en escuelas p\u00fablicas de gesti\u00f3n estatal y de\u2026","rel":"","context":"En \u00abLocales\u00bb","block_context":{"text":"Locales","link":"https:\/\/www.24baires.com\/?cat=38"},"img":{"alt_text":"","src":"https:\/\/i0.wp.com\/www.24baires.com\/wp-content\/uploads\/2012\/12\/colectivo-tandil-300x168.jpg?resize=350%2C200","width":350,"height":200},"classes":[]},{"id":14597,"url":"https:\/\/www.24baires.com\/?p=14597","url_meta":{"origin":6236,"position":2},"title":"Tandil: manifestantes logran la suspensi\u00f3n de la sesi\u00f3n para aprobar el aumento del boleto","author":"AF","date":"04\/02\/2013","format":false,"excerpt":"La Sesi\u00f3n Extraordinaria prevista para este lunes debi\u00f3 ser suspendida debido a que manifestantes contra el aumento del boleto de colectivos, impidieron el comienzo de la misma. Se determin\u00f3 un cuarto intermedio hasta el jueves a las 18 horas. Desde temprano, miembros de la Asamblea por el Transporte P\u00fablico de\u2026","rel":"","context":"En \u00abLocales\u00bb","block_context":{"text":"Locales","link":"https:\/\/www.24baires.com\/?cat=38"},"img":{"alt_text":"","src":"","width":0,"height":0},"classes":[]},{"id":102169,"url":"https:\/\/www.24baires.com\/?p=102169","url_meta":{"origin":6236,"position":3},"title":"Vidal proh\u00edbe a municipios cobrar tasas ajenas al servicio","author":"GB","date":"16\/05\/2018","format":false,"excerpt":"En una nueva respuesta a la presi\u00f3n opositora por la baja de las tarifas, el Gobierno bonaerense les bloque\u00f3 a los municipios y cooperativas la posibilidad de cobrar tasas y otros servicios que no est\u00e9n directamente vinculados con la prestaci\u00f3n del servicio. La medida, que comenzar\u00e1 a regir desde este\u2026","rel":"","context":"En \u00abProvincia\u00bb","block_context":{"text":"Provincia","link":"https:\/\/www.24baires.com\/?cat=40"},"img":{"alt_text":"","src":"https:\/\/i0.wp.com\/www.24baires.com\/wp-content\/uploads\/2018\/03\/tarifaso-saladillo-300x200.jpg?resize=350%2C200","width":350,"height":200},"classes":[]},{"id":115525,"url":"https:\/\/www.24baires.com\/?p=115525","url_meta":{"origin":6236,"position":4},"title":"Paro de colectivos por tiempo indeterminado en el interior bonaerense","author":"GB","date":"02\/07\/2020","format":false,"excerpt":"La medida es impulsada por la UTA a nivel nacional y repercutir\u00e1 en algunos distritos de la provincia de Buenos Aires. Remarcan \u201cel tratamiento diferenciado e inequitativo\u201d en relaci\u00f3n al servicio en el AMBA. En algunos casos desde anoche y en otros a partir de hoy y por tiempo indeterminado,\u2026","rel":"","context":"En \u00abProvincia\u00bb","block_context":{"text":"Provincia","link":"https:\/\/www.24baires.com\/?cat=40"},"img":{"alt_text":"","src":"https:\/\/i0.wp.com\/www.24baires.com\/wp-content\/uploads\/2020\/06\/colectivo-desinfeccion.jpg?resize=350%2C200","width":350,"height":200,"srcset":"https:\/\/i0.wp.com\/www.24baires.com\/wp-content\/uploads\/2020\/06\/colectivo-desinfeccion.jpg?resize=350%2C200 1x, https:\/\/i0.wp.com\/www.24baires.com\/wp-content\/uploads\/2020\/06\/colectivo-desinfeccion.jpg?resize=525%2C300 1.5x"},"classes":[]},{"id":117337,"url":"https:\/\/www.24baires.com\/?p=117337","url_meta":{"origin":6236,"position":5},"title":"Se realiz\u00f3 el primer aborto legal en Tandil","author":"GB","date":"22\/03\/2021","format":false,"excerpt":"En el Hospital Municipal \u201cRam\u00f3n Santamarina\u201d de Tandil se realiz\u00f3 la primera Interrupci\u00f3n Voluntaria del Embarazo (IVE), luego de la entrada en vigencia la Ley 27.610, que legaliza el aborto en todo el pa\u00eds. El procedimiento estuvo a cargo de un especialista que recientemente se incorpor\u00f3 al equipo y que\u2026","rel":"","context":"En \u00abSociedad\u00bb","block_context":{"text":"Sociedad","link":"https:\/\/www.24baires.com\/?cat=1"},"img":{"alt_text":"","src":"https:\/\/i0.wp.com\/www.24baires.com\/wp-content\/uploads\/2021\/03\/0003264515.jpg?resize=350%2C200","width":350,"height":200,"srcset":"https:\/\/i0.wp.com\/www.24baires.com\/wp-content\/uploads\/2021\/03\/0003264515.jpg?resize=350%2C200 1x, https:\/\/i0.wp.com\/www.24baires.com\/wp-content\/uploads\/2021\/03\/0003264515.jpg?resize=525%2C300 1.5x"},"classes":[]}],"jetpack_sharing_enabled":true,"jetpack_likes_enabled":true,"_links":{"self":[{"href":"https:\/\/www.24baires.com\/index.php?rest_route=\/wp\/v2\/posts\/6236","targetHints":{"allow":["GET"]}}],"collection":[{"href":"https:\/\/www.24baires.com\/index.php?rest_route=\/wp\/v2\/posts"}],"about":[{"href":"https:\/\/www.24baires.com\/index.php?rest_route=\/wp\/v2\/types\/post"}],"author":[{"embeddable":true,"href":"https:\/\/www.24baires.com\/index.php?rest_route=\/wp\/v2\/users\/4"}],"replies":[{"embeddable":true,"href":"https:\/\/www.24baires.com\/index.php?rest_route=%2Fwp%2Fv2%2Fcomments&post=6236"}],"version-history":[{"count":1,"href":"https:\/\/www.24baires.com\/index.php?rest_route=\/wp\/v2\/posts\/6236\/revisions"}],"predecessor-version":[{"id":6238,"href":"https:\/\/www.24baires.com\/index.php?rest_route=\/wp\/v2\/posts\/6236\/revisions\/6238"}],"wp:attachment":[{"href":"https:\/\/www.24baires.com\/index.php?rest_route=%2Fwp%2Fv2%2Fmedia&parent=6236"}],"wp:term":[{"taxonomy":"category","embeddable":true,"href":"https:\/\/www.24baires.com\/index.php?rest_route=%2Fwp%2Fv2%2Fcategories&post=6236"},{"taxonomy":"post_tag","embeddable":true,"href":"https:\/\/www.24baires.com\/index.php?rest_route=%2Fwp%2Fv2%2Ftags&post=6236"}],"curies":[{"name":"wp","href":"https:\/\/api.w.org\/{rel}","templated":true}]}}