{"id":6225,"date":"2012-11-21T10:05:29","date_gmt":"2012-11-21T13:05:29","guid":{"rendered":"http:\/\/www.24baires.com\/?p=6225"},"modified":"2012-11-21T11:09:00","modified_gmt":"2012-11-21T14:09:00","slug":"balcarce-refuerzan-su-sistema-sanitario","status":"publish","type":"post","link":"https:\/\/www.24baires.com\/?p=6225","title":{"rendered":"Balcarce: refuerzan su sistema sanitario"},"content":{"rendered":"<p>\u201cHoy Balcarce vive un antes y un despu\u00e9s en la salud, mientras en algunos pa\u00edses de Europa se disminuye la inversi\u00f3n en salud, vemos que en Argentina se establece como prioridad\u201d expres\u00f3 el intendente local Jos\u00e9 Echeverr\u00eda, durante el acto donde se entreg\u00f3 una ambulancia de traslado de alta complejidad para el Hospital Subzonal \u00abDr. Felipe A. Fossati\u00bb, se inaugur\u00f3 de la nueva sala de guardia, y se otorg\u00f3 un subsidio por 500 mil pesos para el fortalecimiento del sistema sanitario local.<!--more--><br \/>\nEn el municipio de Balcarce y mediante una videoconferencia con la Presidenta Cristina Fern\u00e1ndez de Kirchner, el titular de la cartera sanitaria, Juan Manzur, entreg\u00f3 una ambulancia de traslado de alta complejidad para el Hospital Subzonal \u201cDr. Felipe A. Fossati\u201d, donde tambi\u00e9n inaugur\u00f3 la nueva sala de guardia, y otorg\u00f3 tambi\u00e9n un subsidio por 500 mil pesos para el fortalecimiento del sistema sanitario local.<br \/>\n\u201cEste hospital es el \u00fanico efector que hay en todo Balcarce, no hay efectores privados, por lo tanto la magnitud que esto representa es a\u00fan mayor y la puesta en marcha de esta iniciativa genera m\u00e1s inclusi\u00f3n, m\u00e1s accesibilidad y permite cerrar brechas\u201d, sostuvo el ministro Manzur al comunicarse con la jefa de Estado, quien se encontraba en el acto de clausura de la 60\u00ba Convenci\u00f3n Anual de la C\u00e1mara Argentina de la Construcci\u00f3n (CAC), en el Hotel Sheraton de la Ciudad de Buenos Aires.<br \/>\nPor su parte, el intendente local Jos\u00e9 Echeverr\u00eda, agradeci\u00f3 el permanente acompa\u00f1amiento del gobierno nacional y expres\u00f3 \u201choy Balcarce vive un antes y un despu\u00e9s en la salud, mientras en algunos pa\u00edses de Europa se disminuye la inversi\u00f3n en salud, vemos que en Argentina se establece como prioridad\u201d.<br \/>\nAsimismo, el jefe comunal agreg\u00f3 que \u201cesta guardia significa un antes y un despu\u00e9s para la salud de Balcarce\u201d, y en su breve di\u00e1logo con la Presidenta de la naci\u00f3n sostuvo que \u201ces un honor muy grande para los balcarce\u00f1os poder inaugurar esta guardia. Usted y su marido \u2013por N\u00e9stor Kirchner- nos ense\u00f1aron a pensar en grande y por eso hoy estamos ac\u00e1\u201d.<br \/>\nLa nueva guardia del hospital contar\u00e1 con casi 750 metros cuadrados de superficie. A partir de esta ampliaci\u00f3n, se sumar\u00e1n nuevos servicios que posibilitar\u00e1n una mejor atenci\u00f3n para los balcarce\u00f1os. Tambi\u00e9n participaron del acto el ministro de salud de la provincia de Buenos Aires, Alejandro Collia; y el director del Hospital de Balcarce, Norberto Pilone.<\/p>\n","protected":false},"excerpt":{"rendered":"<p>\u201cHoy Balcarce vive un antes y un despu\u00e9s en la salud, mientras en algunos pa\u00edses de Europa se disminuye la inversi\u00f3n en salud, vemos que en Argentina se establece como prioridad\u201d expres\u00f3 el intendente local Jos\u00e9 Echeverr\u00eda, durante el acto donde se entreg\u00f3 una ambulancia de traslado de alta complejidad para el Hospital Subzonal \u00abDr. Felipe A. Fossati\u00bb, se inaugur\u00f3 [&#8230;]<\/p>\n","protected":false},"author":4,"featured_media":0,"comment_status":"open","ping_status":"open","sticky":false,"template":"","format":"standard","meta":{"_jetpack_newsletter_access":"","_jetpack_dont_email_post_to_subs":false,"_jetpack_newsletter_tier_id":0,"_jetpack_memberships_contains_paywalled_content":false,"_jetpack_memberships_contains_paid_content":false,"footnotes":""},"categories":[38],"tags":[],"class_list":["post-6225","post","type-post","status-publish","format-standard","hentry","category-locales"],"jetpack_featured_media_url":"","jetpack_shortlink":"https:\/\/wp.me\/p2JWE0-1Cp","jetpack-related-posts":[{"id":7175,"url":"https:\/\/www.24baires.com\/?p=7175","url_meta":{"origin":6225,"position":0},"title":"Balcarce fortalece su sector de salud","author":"AF","date":"29\/11\/2012","format":false,"excerpt":"Mediante una videoconferencia con la presidenta Cristina Fern\u00e1ndez de Kirchner, el titular de la cartera sanitaria, Juan Manzur, entreg\u00f3 en Balcarce una moderna ambulancia, inaugur\u00f3 una sala de guardia y efectiviz\u00f3 un subsidio por $500 mil para el fortalecimiento del sistema sanitario local. La comuna de Balcarce recibi\u00f3 de la\u2026","rel":"","context":"En \u00abLocales\u00bb","block_context":{"text":"Locales","link":"https:\/\/www.24baires.com\/?cat=38"},"img":{"alt_text":"","src":"https:\/\/i0.wp.com\/www.24baires.com\/wp-content\/uploads\/2012\/11\/cristina-videoconferencia.jpg?resize=350%2C200","width":350,"height":200},"classes":[]},{"id":68176,"url":"https:\/\/www.24baires.com\/?p=68176","url_meta":{"origin":6225,"position":1},"title":"Provincia ampliar\u00e1 el Hospital Fossati de Balcarce","author":"AF","date":"26\/06\/2015","format":false,"excerpt":"El titular de Infraestructura, Alejandro Arl\u00eda, firm\u00f3, acompa\u00f1ado por el intendente de Balcarce, Jos\u00e9 Enrique Echeverr\u00eda, y la presidenta del Profide, Marta Albamonte, los contratos de obra para llevar adelante la ampliaci\u00f3n del Hospital Municipal Subzonal \u201cFelipe A. Fossati\u201d, por casi 30 millones de pesos. \u201cComo siempre dice el gobernador\u2026","rel":"","context":"En \u00abLocales\u00bb","block_context":{"text":"Locales","link":"https:\/\/www.24baires.com\/?cat=38"},"img":{"alt_text":"hospital fossati balcarce","src":"https:\/\/i0.wp.com\/www.24baires.com\/wp-content\/uploads\/2015\/06\/hospital-fossati-balcarce.jpg?resize=350%2C200","width":350,"height":200,"srcset":"https:\/\/i0.wp.com\/www.24baires.com\/wp-content\/uploads\/2015\/06\/hospital-fossati-balcarce.jpg?resize=350%2C200 1x, https:\/\/i0.wp.com\/www.24baires.com\/wp-content\/uploads\/2015\/06\/hospital-fossati-balcarce.jpg?resize=525%2C300 1.5x"},"classes":[]},{"id":100672,"url":"https:\/\/www.24baires.com\/?p=100672","url_meta":{"origin":6225,"position":2},"title":"La Provincia inaugur\u00f3 el SAME en Baradero","author":"GB","date":"22\/02\/2018","format":false,"excerpt":"Ayer la Provincia entreg\u00f3 una ambulancia equipada que, junto a otras dos que ya estaban en funcionamiento, coordinar\u00e1n el sistema. Son 41 los distritos donde funciona. Con la entrega de una ambulancia equipada, y la presencia de autoridades locales y provinciales, se puso en marcha ayer, en Baradero, el Sistema\u2026","rel":"","context":"En \u00abMunicipios\u00bb","block_context":{"text":"Municipios","link":"https:\/\/www.24baires.com\/?cat=44"},"img":{"alt_text":"","src":"https:\/\/i0.wp.com\/www.24baires.com\/wp-content\/uploads\/2017\/12\/same-ambulancia.jpg?resize=350%2C200","width":350,"height":200,"srcset":"https:\/\/i0.wp.com\/www.24baires.com\/wp-content\/uploads\/2017\/12\/same-ambulancia.jpg?resize=350%2C200 1x, https:\/\/i0.wp.com\/www.24baires.com\/wp-content\/uploads\/2017\/12\/same-ambulancia.jpg?resize=525%2C300 1.5x"},"classes":[]},{"id":61343,"url":"https:\/\/www.24baires.com\/?p=61343","url_meta":{"origin":6225,"position":3},"title":"Aseguran que en 100 d\u00edas comenzar\u00e1 a funcionar el UPA de Hurlingham","author":"AF","date":"06\/02\/2015","format":false,"excerpt":"El ministro de Salud bonaerense, Alejandro Collia, recorri\u00f3 junto con el concejal de Hurlingham, Juan Zabaleta, el predio donde se construir\u00e1 la nueva Unidad de Pronta Atenci\u00f3n (UPA 24hs), que estar\u00e1 funcionando en s\u00f3lo 100 d\u00edas. Durante la visita, el titular de Salud destac\u00f3 que es \u201cla novena de la\u2026","rel":"","context":"En \u00abLocales\u00bb","block_context":{"text":"Locales","link":"https:\/\/www.24baires.com\/?cat=38"},"img":{"alt_text":"upa hurlingham","src":"https:\/\/i0.wp.com\/www.24baires.com\/wp-content\/uploads\/2015\/02\/upa-hurlingham.jpg?resize=350%2C200","width":350,"height":200},"classes":[]},{"id":14229,"url":"https:\/\/www.24baires.com\/?p=14229","url_meta":{"origin":6225,"position":4},"title":"Nuevo Centro de Prevenci\u00f3n de las Adicciones para Balcarce","author":"AF","date":"01\/02\/2013","format":false,"excerpt":"En el municipio de Balcarce se puso en funcionamiento la nueva sede del Centro de Prevenci\u00f3n de las Adicciones (CPA), que a partir de la fecha funcionar\u00e1 en el espacio del Hospital Municipal. El intendente de Balcarce, Jos\u00e9 Echeverr\u00eda, junto al ministro de Salud de la Provincia de Buenos Aires,\u2026","rel":"","context":"En \u00abLocales\u00bb","block_context":{"text":"Locales","link":"https:\/\/www.24baires.com\/?cat=38"},"img":{"alt_text":"","src":"","width":0,"height":0},"classes":[]},{"id":7001,"url":"https:\/\/www.24baires.com\/?p=7001","url_meta":{"origin":6225,"position":5},"title":"Inauguraron en Balcarce un espacio para estimular el desarrollo de ni\u00f1os","author":"AF","date":"27\/11\/2012","format":false,"excerpt":"El ministro de Desarrollo Social Mart\u00edn Ferr\u00e9 y su par de Infraestructura, Alejandro Arl\u00eda inauguraron este martes en Balcarce una nueva Unidad de Desarrollo Infantil (UDI) que funcionar\u00e1 en un jard\u00edn maternal de ese distrito con el objetivo de implementar mecanismos de contenci\u00f3n a unos 40 ni\u00f1os de entre 45\u2026","rel":"","context":"En \u00abLocales\u00bb","block_context":{"text":"Locales","link":"https:\/\/www.24baires.com\/?cat=38"},"img":{"alt_text":"","src":"https:\/\/i0.wp.com\/www.24baires.com\/wp-content\/uploads\/2012\/11\/balcarce-UDI-300x204.jpg?resize=350%2C200","width":350,"height":200},"classes":[]}],"jetpack_sharing_enabled":true,"jetpack_likes_enabled":true,"_links":{"self":[{"href":"https:\/\/www.24baires.com\/index.php?rest_route=\/wp\/v2\/posts\/6225","targetHints":{"allow":["GET"]}}],"collection":[{"href":"https:\/\/www.24baires.com\/index.php?rest_route=\/wp\/v2\/posts"}],"about":[{"href":"https:\/\/www.24baires.com\/index.php?rest_route=\/wp\/v2\/types\/post"}],"author":[{"embeddable":true,"href":"https:\/\/www.24baires.com\/index.php?rest_route=\/wp\/v2\/users\/4"}],"replies":[{"embeddable":true,"href":"https:\/\/www.24baires.com\/index.php?rest_route=%2Fwp%2Fv2%2Fcomments&post=6225"}],"version-history":[{"count":2,"href":"https:\/\/www.24baires.com\/index.php?rest_route=\/wp\/v2\/posts\/6225\/revisions"}],"predecessor-version":[{"id":6227,"href":"https:\/\/www.24baires.com\/index.php?rest_route=\/wp\/v2\/posts\/6225\/revisions\/6227"}],"wp:attachment":[{"href":"https:\/\/www.24baires.com\/index.php?rest_route=%2Fwp%2Fv2%2Fmedia&parent=6225"}],"wp:term":[{"taxonomy":"category","embeddable":true,"href":"https:\/\/www.24baires.com\/index.php?rest_route=%2Fwp%2Fv2%2Fcategories&post=6225"},{"taxonomy":"post_tag","embeddable":true,"href":"https:\/\/www.24baires.com\/index.php?rest_route=%2Fwp%2Fv2%2Ftags&post=6225"}],"curies":[{"name":"wp","href":"https:\/\/api.w.org\/{rel}","templated":true}]}}