{"id":62215,"date":"2015-02-24T16:30:13","date_gmt":"2015-02-24T19:30:13","guid":{"rendered":"http:\/\/www.24baires.com\/?p=62215"},"modified":"2015-02-24T16:23:54","modified_gmt":"2015-02-24T19:23:54","slug":"millones-de-moscas","status":"publish","type":"post","link":"https:\/\/www.24baires.com\/?p=62215","title":{"rendered":"Millones de moscas"},"content":{"rendered":"<p><img data-recalc-dims=\"1\" loading=\"lazy\" decoding=\"async\" class=\"aligncenter size-full wp-image-61374\" src=\"https:\/\/i0.wp.com\/www.24baires.com\/wp-content\/uploads\/2015\/02\/nisman-mrcha.jpg?resize=560%2C373\" alt=\"nisman mrcha\" width=\"560\" height=\"373\" srcset=\"https:\/\/i0.wp.com\/www.24baires.com\/wp-content\/uploads\/2015\/02\/nisman-mrcha.jpg?w=560&amp;ssl=1 560w, https:\/\/i0.wp.com\/www.24baires.com\/wp-content\/uploads\/2015\/02\/nisman-mrcha.jpg?resize=300%2C200&amp;ssl=1 300w\" sizes=\"auto, (max-width: 560px) 100vw, 560px\" \/>La marcha del 18F fue catalogada como \u201chist\u00f3rica\u201d por sus convocantes, concurrentes y beneficiarios. Tal vez est\u00e9n en lo cierto: si algo quedar\u00e1 en la historia de este acto, ser\u00e1, precisamente, el error.<!--more--><\/p>\n<p>Es un error conceptual que los fiscales marchen pidiendo justicia. Obviamente, conocen el estado de la causa Nisman. Saben que es la Justicia la que est\u00e1 actuando. Saben c\u00f3mo se trabaja. Saben que en la causa no hay \u2013hasta ahora- otro indicio que el del suicidio. Por lo tanto, la marcha no representa m\u00e1s que, o una presi\u00f3n producto de una presi\u00f3n mayor, o la b\u00fasqueda de un in\u00e9dito r\u00e9dito pol\u00edtico.<br \/>\nO ambas.<br \/>\nSobretodo cuando varios de los fiscales que convocaron a la marcha, tienen relaciones demasiado cercanas con las facciones en las que se divide la barrabrava de Boca Juniors, club del que Mauricio Macri fue un exitoso presidente.<br \/>\nEn la confusi\u00f3n, gu\u00edan a un mont\u00f3n de gente permanentemente precalentada a fuego lento por los medios, a ese mismo error \u00bfQu\u00e9 reclamaban m\u00e1s que un cambio al gobierno, producto de las incomodidades causadas a las supuestas libertades de un cierto grupo o clase social?<br \/>\nPorque reclamar justicia sobre el presupuesto de que Nisman fue asesinado, no es, precisamente, reclamar justicia, sino que la investigaci\u00f3n s\u00f3lo confirme la superstici\u00f3n.<br \/>\nNo apoyan abiertamente a candidato alguno, no presentan proyectos, no impulsan una nueva idea de pa\u00eds. S\u00f3lo frenar al kirchnerismo que carcome las estructuras sobre las que han basado sus vidas y varias de sus inequidades, es el grito desesperado.<br \/>\nEl cambio que algunos buscan, no ser\u00eda otro que la marcha atr\u00e1s.<br \/>\nLlamar a Nisman patriota, alzarlo a los panteones de San Mart\u00edn o Belgrano, es, al menos, desconocer que los patriotas peleaban contra esos intereses de los que Nisman era aliado. Los Stiuso del siglo XIX vigilaban a Belgrano, no eran sus aliados. Una imagen que circul\u00f3 en las redes sociales el mismo 18 de febrero, mostraba a la gente reunida con sus paraguas frente al Cabildo aquel 25 de mayo de 1810 sobre una leyenda que dec\u00eda que \u201clos patriotas\u201d no se dejaban amilanar por la lluvia, y que los concurrentes a la marcha tambi\u00e9n deb\u00edan soportarla.<br \/>\nSin duda, muy pocos de los que pugnaban por echar al virrey aquel d\u00eda de mayo, hubieran apoyado los confusos y caprichosos reclamos de los manifestantes de 2015. Por lo pronto, Belgrano quer\u00eda una especie de reforma agraria que ser\u00eda muy criticada por la Sociedad Rural que, no obstante, no dudar\u00eda en homenajear hoy a su bronce para diluir su memoria.<br \/>\nSe lanz\u00f3 como argumento en contra de la marcha aquel seg\u00fan el cual, las fuerzas autodenominadas \u201cprogresistas\u201d o al menos, \u201cdemocr\u00e1ticas\u201d marchar\u00edan junto a Cecilia Pando y la viuda de Videla. Desde los concurrentes, se sostuvo que ellos marchaban junto a estas personas, pero el gobierno ten\u00eda entre sus filas al sospechado Milani. Es insostenible poner a la par a un sospechado, a un denunciado, junto a una ex\u00e9geta de la dictadura y el robo de beb\u00e9s y la viuda de un condenado que muri\u00f3 en prisi\u00f3n sentado en el inodoro, y considerarse alternativa a un gobierno que investig\u00f3 como nadie los cr\u00edmenes de lesa humanidad.<br \/>\nPero se me ocurre que mucho peor que marchar con Pando, es elaborar una explicaci\u00f3n para marchar con Pando y referentes autoritarios locales. Que Pando est\u00e9 en la misma marcha es una cosa, puede ser una circunstancia, por cierto demasiado recurrente. Justificarlo es admitir la miseria.<br \/>\nPero esta situaci\u00f3n, la de marchar junto a un adversario ideol\u00f3gico, tuvo varios escenarios m\u00e1s en la marcha del 18F.<br \/>\n\u201cNi Macri ni Carri\u00f3\u201d, dice el precandidato a Jefe de Gobierno de la Ciudad Aut\u00f3noma de Buenos Aires, Humberto Tumini, en los afiches con los que empapel\u00f3 su distrito.<br \/>\nSi alguien se preguntara d\u00f3nde estaba Tumini el 18 de febrero pasado \u00bfno se sorprender\u00eda de verlo en la marcha, a la que tambi\u00e9n concurrieron Macri y Carri\u00f3?<br \/>\nHubo mucha gente mayor en la marcha. Llam\u00f3 la atenci\u00f3n la ausencia notoria de j\u00f3venes sub-30, a tal punto que los medios hegem\u00f3nicos intentaban encontrar algunos para hacerles notas e intentar revertir esa imagen.<br \/>\nPatricia Bullrich, part\u00edcipe de aquel descuento del 13% sobre las jubilaciones durante el gobierno de De la R\u00faa, marchaba junto a esos ancianos que, como para aumentar las diferencias con Bullrich, durante este gobierno vieron aumentar considerablemente sus ingresos.<br \/>\nNi los fiscales que no dudaron en marchar el 18F fueron en contra de aquella medida que recortaron las jubilaciones. \u00bfQu\u00e9 cosas habr\u00e1n cambiado tanto para lograr actitudes tan distintas?<br \/>\nTodos marchaban detr\u00e1s de la idea fuerza seg\u00fan la cual \u201cNisman fue asesinado\u201d. No importa que se pruebe lo contrario. A ojos del extranjero distra\u00eddo, del cronista hist\u00f3rico, alguien relacionado al gobierno mat\u00f3 a Nisman y fragu\u00f3 un suicidio. Se reclama una justicia que es sospechada a medida que se va confirmando. Y esa es la imagen cristalizada para siempre. En la causa, al menos hasta ahora, no hay una sola prueba que admita otra cosa que el suicidio. Y en derecho, todo lo que no est\u00e1 en la causa no existe. Sin embargo, hay que sostener una mentira basada en el n\u00famero de los mentirosos: millones de moscas no pueden estar equivocadas.<br \/>\nContradecirlos, es \u201cfaltar el respeto a la multitud\u201d, como si muchos, millones, por sostener que tres por cuatro es veinticinco, hicieran que el error no sea tal.<br \/>\nTal vez todos aquellos que marcharon la semana pasada no eran m\u00e1s que fragmentos quejosos de la sociedad, algo que por definici\u00f3n no puede generar una alternancia pol\u00edtica duradera. Mucho menos, un proyecto.<br \/>\nPero pareciera que para muchos, adentrarse en contra de Clar\u00edn es un verdadero agravio que invita a salir a las calles a protestar. La devoci\u00f3n de aquellos que acusan a los otros de ir a actos \u201cpor el chori y la coca\u201d es a\u00fan peor, porque adem\u00e1s de no ir \u201cpor propia voluntad\u201d a las marchas, y de vivir creyendo que ejercen su libertad, olvidan que el diario y el cable no son, precisamente, gratis.<br \/>\nQue \u201cla Patria sea Clar\u00edn\u201d es peligroso. Que en definitiva, todos los que marcharon, incapaces de concretar un proyecto pol\u00edtico, sean en definitiva, los idiotas \u00fatiles de un multimedios que no quiere cumplir la ley.<br \/>\nDurante la semana pasada, Clar\u00edn logr\u00f3 tambi\u00e9n que se suspendiera la adecuaci\u00f3n de sus medios. Una vez m\u00e1s logran burlar a la ley, a esa justicia que esa gente que marcha dice defender.<br \/>\nAl mismo tiempo, las noticias sobre el caso Nisman perdieron importancia en el sitio del diario.<br \/>\nTal vez no hay Nisman, ni justicia en peligro, ni mayor desastre que una megaempresa preocupada.<br \/>\nO al menos, habr\u00eda que haber esperado que la Justicia que se tramita en los tribunales, y no la que se busca en kermesses masivas, haya dictaminado en forma m\u00e1s fehaciente, lamentablemente no tan r\u00e1pido como las urgencias electorales reclaman.<\/p>\n","protected":false},"excerpt":{"rendered":"<p>La marcha del 18F fue catalogada como \u201chist\u00f3rica\u201d por sus convocantes, concurrentes y beneficiarios. Tal vez est\u00e9n en lo cierto: si algo quedar\u00e1 en la historia de este acto, ser\u00e1, precisamente, el error.<\/p>\n","protected":false},"author":8,"featured_media":0,"comment_status":"open","ping_status":"open","sticky":false,"template":"","format":"standard","meta":{"_jetpack_newsletter_access":"","_jetpack_dont_email_post_to_subs":false,"_jetpack_newsletter_tier_id":0,"_jetpack_memberships_contains_paywalled_content":false,"_jetpack_memberships_contains_paid_content":false,"footnotes":""},"categories":[64],"tags":[],"class_list":["post-62215","post","type-post","status-publish","format-standard","hentry","category-opinion"],"jetpack_featured_media_url":"","jetpack_shortlink":"https:\/\/wp.me\/p2JWE0-gbt","jetpack-related-posts":[{"id":61409,"url":"https:\/\/www.24baires.com\/?p=61409","url_meta":{"origin":62215,"position":0},"title":"La fiscal Caama\u00f1o cuestion\u00f3 a la \u00abcorporaci\u00f3n judicial\u00bb","author":"AF","date":"07\/02\/2015","format":false,"excerpt":"La fiscal federal en lo criminal Cristina Caama\u00f1o dijo que no ir\u00e1 a la marcha convocada por un grupo de pares porque \"hay integrantes del Poder Judicial\" que no la representan entre los que identific\u00f3 al Fiscal General, Ricardo S\u00e1enz, a quien relacion\u00f3 con un comisario de la Polic\u00eda Federal\u2026","rel":"","context":"En \u00abPol\u00edtica\u00bb","block_context":{"text":"Pol\u00edtica","link":"https:\/\/www.24baires.com\/?cat=51"},"img":{"alt_text":"","src":"","width":0,"height":0},"classes":[]},{"id":62606,"url":"https:\/\/www.24baires.com\/?p=62606","url_meta":{"origin":62215,"position":1},"title":"Lorenzetti \u00abcometi\u00f3 un error\u00bb al afirmar que lo de la embajada fue juzgado","author":"AF","date":"04\/03\/2015","format":false,"excerpt":"La fiscal Cristina Caama\u00f1o se refiri\u00f3 a los dichos del presidente de la Corte, quien afirm\u00f3 que la causa de la Embajada de Israel es \"cosa juzgada\". Para eso, \u201ctiene que haber sentencia, y tiene que haber juicio\u201d, recalc\u00f3. \"Para que algo sea cosa juzgada tiene que haber sentencia, y\u2026","rel":"","context":"En \u00abJUDICIALES\u00bb","block_context":{"text":"JUDICIALES","link":"https:\/\/www.24baires.com\/?cat=68"},"img":{"alt_text":"lorenzetti2","src":"https:\/\/i0.wp.com\/www.24baires.com\/wp-content\/uploads\/2015\/03\/lorenzetti2.jpg?resize=350%2C200","width":350,"height":200,"srcset":"https:\/\/i0.wp.com\/www.24baires.com\/wp-content\/uploads\/2015\/03\/lorenzetti2.jpg?resize=350%2C200 1x, https:\/\/i0.wp.com\/www.24baires.com\/wp-content\/uploads\/2015\/03\/lorenzetti2.jpg?resize=525%2C300 1.5x"},"classes":[]},{"id":61954,"url":"https:\/\/www.24baires.com\/?p=61954","url_meta":{"origin":62215,"position":2},"title":"Capitanich: \u00abLa Justicia no es independiente de las corporaciones\u00bb","author":"AF","date":"19\/02\/2015","format":false,"excerpt":"El jefe de Gabinete afirm\u00f3 hoy que la justicia en Argentina \"es independiente del poder pol\u00edtico, pero no es independiente de las corporaciones que influyen de modo directo e indirecto para perturbar el funcionamiento normal de las instituciones\". El jefe de Gabinete, Jorge Capitanich, respald\u00f3 hoy el derecho del pueblo\u2026","rel":"","context":"En \u00abPol\u00edtica\u00bb","block_context":{"text":"Pol\u00edtica","link":"https:\/\/www.24baires.com\/?cat=51"},"img":{"alt_text":"capitanich 4","src":"https:\/\/i0.wp.com\/www.24baires.com\/wp-content\/uploads\/2014\/09\/capitanich-4.jpg?resize=350%2C200","width":350,"height":200,"srcset":"https:\/\/i0.wp.com\/www.24baires.com\/wp-content\/uploads\/2014\/09\/capitanich-4.jpg?resize=350%2C200 1x, https:\/\/i0.wp.com\/www.24baires.com\/wp-content\/uploads\/2014\/09\/capitanich-4.jpg?resize=525%2C300 1.5x"},"classes":[]},{"id":61373,"url":"https:\/\/www.24baires.com\/?p=61373","url_meta":{"origin":62215,"position":3},"title":"La marcha de los sinverg\u00fcenza","author":"Grupo Sierra","date":"07\/02\/2015","format":false,"excerpt":"Quienes tienen el poder de investigar y hacer justicia, y que en lugar de hacerlo dilatan las causas, las cajonenan, y dejan que las mismas prescriban, \u00bfest\u00e1n armando una marcha pidiendo justicia? \u00bfA qui\u00e9n se la piden se\u00f1ores si los que tienen que ejercerla y aplicarla son ustedes mismos? Por\u2026","rel":"","context":"En \u00abOpini\u00f3n\u00bb","block_context":{"text":"Opini\u00f3n","link":"https:\/\/www.24baires.com\/?cat=64"},"img":{"alt_text":"nisman mrcha","src":"https:\/\/i0.wp.com\/www.24baires.com\/wp-content\/uploads\/2015\/02\/nisman-mrcha.jpg?resize=350%2C200","width":350,"height":200,"srcset":"https:\/\/i0.wp.com\/www.24baires.com\/wp-content\/uploads\/2015\/02\/nisman-mrcha.jpg?resize=350%2C200 1x, https:\/\/i0.wp.com\/www.24baires.com\/wp-content\/uploads\/2015\/02\/nisman-mrcha.jpg?resize=525%2C300 1.5x"},"classes":[]},{"id":61893,"url":"https:\/\/www.24baires.com\/?p=61893","url_meta":{"origin":62215,"position":4},"title":"Rossi: \u00abClar\u00edn y los fiscales que convocan a la marcha se quieren llevar puesta a Fein\u00bb","author":"AF","date":"18\/02\/2015","format":false,"excerpt":"El ministro de Defensa consider\u00f3 que los fiscales \"no tienen nada de independientes, son arietes de la oposici\u00f3n pol\u00edtica argentina\". En ese marco, el funcionario hizo menci\u00f3n al \"c\u00edrculo rojo\" y les dijo que \"los esperamos en las elecciones\". El ministro de Defensa, Agust\u00edn Rossi, dijo hoy que \"Clar\u00edn y\u2026","rel":"","context":"En \u00abPol\u00edtica\u00bb","block_context":{"text":"Pol\u00edtica","link":"https:\/\/www.24baires.com\/?cat=51"},"img":{"alt_text":"rossi","src":"https:\/\/i0.wp.com\/www.24baires.com\/wp-content\/uploads\/2015\/02\/rossi1.jpg?resize=350%2C200","width":350,"height":200,"srcset":"https:\/\/i0.wp.com\/www.24baires.com\/wp-content\/uploads\/2015\/02\/rossi1.jpg?resize=350%2C200 1x, https:\/\/i0.wp.com\/www.24baires.com\/wp-content\/uploads\/2015\/02\/rossi1.jpg?resize=525%2C300 1.5x"},"classes":[]},{"id":62072,"url":"https:\/\/www.24baires.com\/?p=62072","url_meta":{"origin":62215,"position":5},"title":"CFK: \u201cEl verdadero hecho pol\u00edtico e institucional de la marcha lo constituye la aparici\u00f3n p\u00fablica del Partido Judicial\u201d","author":"AF","date":"21\/02\/2015","format":false,"excerpt":"La presidenta Cristina Fern\u00e1ndez de Kirchner twitte\u00f3 hoy una nota de su p\u00e1gina oficial www.cfkargentina.com titulada \u201c18F, el bautismo de fuego del partido judicial. De jueces y fiscales. De marchas y n\u00fameros. De Nisman a Pollicita\u201d, donde resalt\u00f3 que \u201cel verdadero hecho pol\u00edtico e institucional de la marcha\u201d del mi\u00e9rcoles\u2026","rel":"","context":"En \u00abPol\u00edtica\u00bb","block_context":{"text":"Pol\u00edtica","link":"https:\/\/www.24baires.com\/?cat=51"},"img":{"alt_text":"cristina rating 2","src":"https:\/\/i0.wp.com\/www.24baires.com\/wp-content\/uploads\/2014\/06\/cristina-rating-2.jpg?resize=350%2C200","width":350,"height":200,"srcset":"https:\/\/i0.wp.com\/www.24baires.com\/wp-content\/uploads\/2014\/06\/cristina-rating-2.jpg?resize=350%2C200 1x, https:\/\/i0.wp.com\/www.24baires.com\/wp-content\/uploads\/2014\/06\/cristina-rating-2.jpg?resize=525%2C300 1.5x"},"classes":[]}],"jetpack_sharing_enabled":true,"jetpack_likes_enabled":true,"_links":{"self":[{"href":"https:\/\/www.24baires.com\/index.php?rest_route=\/wp\/v2\/posts\/62215","targetHints":{"allow":["GET"]}}],"collection":[{"href":"https:\/\/www.24baires.com\/index.php?rest_route=\/wp\/v2\/posts"}],"about":[{"href":"https:\/\/www.24baires.com\/index.php?rest_route=\/wp\/v2\/types\/post"}],"author":[{"embeddable":true,"href":"https:\/\/www.24baires.com\/index.php?rest_route=\/wp\/v2\/users\/8"}],"replies":[{"embeddable":true,"href":"https:\/\/www.24baires.com\/index.php?rest_route=%2Fwp%2Fv2%2Fcomments&post=62215"}],"version-history":[{"count":1,"href":"https:\/\/www.24baires.com\/index.php?rest_route=\/wp\/v2\/posts\/62215\/revisions"}],"predecessor-version":[{"id":62216,"href":"https:\/\/www.24baires.com\/index.php?rest_route=\/wp\/v2\/posts\/62215\/revisions\/62216"}],"wp:attachment":[{"href":"https:\/\/www.24baires.com\/index.php?rest_route=%2Fwp%2Fv2%2Fmedia&parent=62215"}],"wp:term":[{"taxonomy":"category","embeddable":true,"href":"https:\/\/www.24baires.com\/index.php?rest_route=%2Fwp%2Fv2%2Fcategories&post=62215"},{"taxonomy":"post_tag","embeddable":true,"href":"https:\/\/www.24baires.com\/index.php?rest_route=%2Fwp%2Fv2%2Ftags&post=62215"}],"curies":[{"name":"wp","href":"https:\/\/api.w.org\/{rel}","templated":true}]}}